{"id":926,"date":"2006-06-13T14:46:54","date_gmt":"2006-06-13T12:46:54","guid":{"rendered":"http:\/\/bloggingtom.ch\/?p=926"},"modified":"2006-06-13T14:47:39","modified_gmt":"2006-06-13T12:47:39","slug":"ich-lieb-meinen-mac","status":"publish","type":"post","link":"https:\/\/bloggingtom.ch\/blog\/archives\/2006\/06\/13\/ich-lieb-meinen-mac\/","title":{"rendered":"ich lieb meinen Mac&#8230;"},"content":{"rendered":"<p>Vor kurzem schrieb ich \u00fcber mein neues Notebook und <a href=\"http:\/\/bloggingtom.ch\/archives\/2006\/06\/07\/der-neue-kleine\/#comment-29668\" target=\"_top\" >in den Kommentaren<\/a> dazu wurde mir w\u00e4rmstens empfohlen, mir doch einmal einen Mac n\u00e4her anzusehen. Und nun das:<\/p>\n<p>[audio:http:\/\/bloggingtom.ch\/sounds\/20060613-iLoveMyMac.mp3]<br \/>\n<a href=\"http:\/\/www.ilovemymac.ch\/index.html\" target=\"_blank\" >Text zum Mitsingen<\/a><\/p>\n<p>Sagt mal, meint ihr das wirklich ernst? Arnold meinte ja &#8222;<a href=\"http:\/\/www.flachsauger.de\/index.php?id=448d238e2eb47\" target=\"_blank\" >Mac-Fans haben einen an der Waffel<\/a>&#8222;, aber so direkt wollte ich es eigentlich auch wieder nicht ausdr\u00fccken \ud83d\ude42<\/p>\n<p>Wobei: Zumindest <a href=\"http:\/\/www.ilovemymacthesong.com\/internationSongs\/page16\/page16.html\" target=\"_blank\" >auf Japanisch<\/a> h\u00f6rt sich der Song gar nicht soo schlecht an&#8230;<\/p>\n","protected":false},"excerpt":{"rendered":"<p>Vor kurzem schrieb ich \u00fcber mein neues Notebook und in den Kommentaren dazu wurde mir w\u00e4rmstens empfohlen, mir doch einmal einen Mac n\u00e4her anzusehen. Und nun das: [audio:http:\/\/bloggingtom.ch\/sounds\/20060613-iLoveMyMac.mp3] Text zum Mitsingen Sagt mal, meint ihr das wirklich ernst? Arnold meinte ja &#8222;Mac-Fans haben einen an der Waffel&#8222;, aber so direkt wollte ich es eigentlich auch [&hellip;]<\/p>\n","protected":false},"author":1,"featured_media":0,"comment_status":"open","ping_status":"open","sticky":false,"template":"","format":"standard","meta":{"twitterCardType":"","cardImageID":0,"cardImage":"","cardTitle":"","cardDesc":"","cardImageAlt":"","cardPlayer":"","cardPlayerWidth":0,"cardPlayerHeight":0,"cardPlayerStream":"","cardPlayerCodec":"","_jetpack_memberships_contains_paid_content":false,"footnotes":""},"categories":[5,6],"tags":[1048,295,2511,2118,2510,602],"class_list":["post-926","post","type-post","status-publish","format-standard","hentry","category-aufgeschnappt","category-bitte-lacheln","tag-apple","tag-deutsch","tag-japanisch","tag-mac","tag-mac-song","tag-musik"],"yoast_head":"<!-- This site is optimized with the Yoast SEO plugin v27.1.1 - https:\/\/yoast.com\/product\/yoast-seo-wordpress\/ -->\n<title>ich lieb meinen Mac... - BloggingTom<\/title>\n<meta name=\"robots\" content=\"index, follow, max-snippet:-1, max-image-preview:large, max-video-preview:-1\" \/>\n<link rel=\"canonical\" href=\"https:\/\/bloggingtom.ch\/blog\/archives\/2006\/06\/13\/ich-lieb-meinen-mac\/\" \/>\n<meta name=\"twitter:label1\" content=\"Verfasst von\" \/>\n\t<meta name=\"twitter:data1\" content=\"BloggingTom\" \/>\n<script type=\"application\/ld+json\" class=\"yoast-schema-graph\">{\"@context\":\"https:\/\/schema.org\",\"@graph\":[{\"@type\":\"Article\",\"@id\":\"https:\/\/bloggingtom.ch\/blog\/archives\/2006\/06\/13\/ich-lieb-meinen-mac\/#article\",\"isPartOf\":{\"@id\":\"https:\/\/bloggingtom.ch\/blog\/archives\/2006\/06\/13\/ich-lieb-meinen-mac\/\"},\"author\":{\"name\":\"BloggingTom\",\"@id\":\"https:\/\/bloggingtom.ch\/blog\/#\/schema\/person\/f6c8d3d5f30c10217b69ac72723e9d1c\"},\"headline\":\"ich lieb meinen Mac&#8230;\",\"datePublished\":\"2006-06-13T12:46:54+00:00\",\"dateModified\":\"2006-06-13T12:47:39+00:00\",\"mainEntityOfPage\":{\"@id\":\"https:\/\/bloggingtom.ch\/blog\/archives\/2006\/06\/13\/ich-lieb-meinen-mac\/\"},\"wordCount\":86,\"commentCount\":11,\"publisher\":{\"@id\":\"https:\/\/bloggingtom.ch\/blog\/#\/schema\/person\/f6c8d3d5f30c10217b69ac72723e9d1c\"},\"keywords\":[\"apple\",\"deutsch\",\"japanisch\",\"mac\",\"mac-song\",\"musik\"],\"articleSection\":[\"Aufgeschnappt\",\"Bitte l\u00e4cheln!\"],\"inLanguage\":\"de\",\"potentialAction\":[{\"@type\":\"CommentAction\",\"name\":\"Comment\",\"target\":[\"https:\/\/bloggingtom.ch\/blog\/archives\/2006\/06\/13\/ich-lieb-meinen-mac\/#respond\"]}]},{\"@type\":\"WebPage\",\"@id\":\"https:\/\/bloggingtom.ch\/blog\/archives\/2006\/06\/13\/ich-lieb-meinen-mac\/\",\"url\":\"https:\/\/bloggingtom.ch\/blog\/archives\/2006\/06\/13\/ich-lieb-meinen-mac\/\",\"name\":\"ich lieb meinen Mac... - BloggingTom\",\"isPartOf\":{\"@id\":\"https:\/\/bloggingtom.ch\/blog\/#website\"},\"datePublished\":\"2006-06-13T12:46:54+00:00\",\"dateModified\":\"2006-06-13T12:47:39+00:00\",\"breadcrumb\":{\"@id\":\"https:\/\/bloggingtom.ch\/blog\/archives\/2006\/06\/13\/ich-lieb-meinen-mac\/#breadcrumb\"},\"inLanguage\":\"de\",\"potentialAction\":[{\"@type\":\"ReadAction\",\"target\":[\"https:\/\/bloggingtom.ch\/blog\/archives\/2006\/06\/13\/ich-lieb-meinen-mac\/\"]}]},{\"@type\":\"BreadcrumbList\",\"@id\":\"https:\/\/bloggingtom.ch\/blog\/archives\/2006\/06\/13\/ich-lieb-meinen-mac\/#breadcrumb\",\"itemListElement\":[{\"@type\":\"ListItem\",\"position\":1,\"name\":\"Home\",\"item\":\"https:\/\/bloggingtom.ch\/blog\/\"},{\"@type\":\"ListItem\",\"position\":2,\"name\":\"ich lieb meinen Mac&#8230;\"}]},{\"@type\":\"WebSite\",\"@id\":\"https:\/\/bloggingtom.ch\/blog\/#website\",\"url\":\"https:\/\/bloggingtom.ch\/blog\/\",\"name\":\"BloggingTom\",\"description\":\"Die t\u00e4glichen Abenteuer im Cyberspace...\",\"publisher\":{\"@id\":\"https:\/\/bloggingtom.ch\/blog\/#\/schema\/person\/f6c8d3d5f30c10217b69ac72723e9d1c\"},\"potentialAction\":[{\"@type\":\"SearchAction\",\"target\":{\"@type\":\"EntryPoint\",\"urlTemplate\":\"https:\/\/bloggingtom.ch\/blog\/?s={search_term_string}\"},\"query-input\":{\"@type\":\"PropertyValueSpecification\",\"valueRequired\":true,\"valueName\":\"search_term_string\"}}],\"inLanguage\":\"de\"},{\"@type\":[\"Person\",\"Organization\"],\"@id\":\"https:\/\/bloggingtom.ch\/blog\/#\/schema\/person\/f6c8d3d5f30c10217b69ac72723e9d1c\",\"name\":\"BloggingTom\",\"image\":{\"@type\":\"ImageObject\",\"inLanguage\":\"de\",\"@id\":\"https:\/\/bloggingtom.ch\/blog\/#\/schema\/person\/image\/\",\"url\":\"https:\/\/secure.gravatar.com\/avatar\/17c2b6a2966fc102465cf177587d359e4dac41adfaab355352baee5d5d46f277?s=96&d=mm&r=g\",\"contentUrl\":\"https:\/\/secure.gravatar.com\/avatar\/17c2b6a2966fc102465cf177587d359e4dac41adfaab355352baee5d5d46f277?s=96&d=mm&r=g\",\"caption\":\"BloggingTom\"},\"logo\":{\"@id\":\"https:\/\/bloggingtom.ch\/blog\/#\/schema\/person\/image\/\"},\"sameAs\":[\"http:\/\/bloggingtom.ch\"],\"url\":\"https:\/\/bloggingtom.ch\/blog\/archives\/author\/bloggingtom\/\"}]}<\/script>\n<!-- \/ Yoast SEO plugin. -->","yoast_head_json":{"title":"ich lieb meinen Mac... - BloggingTom","robots":{"index":"index","follow":"follow","max-snippet":"max-snippet:-1","max-image-preview":"max-image-preview:large","max-video-preview":"max-video-preview:-1"},"canonical":"https:\/\/bloggingtom.ch\/blog\/archives\/2006\/06\/13\/ich-lieb-meinen-mac\/","twitter_misc":{"Verfasst von":"BloggingTom"},"schema":{"@context":"https:\/\/schema.org","@graph":[{"@type":"Article","@id":"https:\/\/bloggingtom.ch\/blog\/archives\/2006\/06\/13\/ich-lieb-meinen-mac\/#article","isPartOf":{"@id":"https:\/\/bloggingtom.ch\/blog\/archives\/2006\/06\/13\/ich-lieb-meinen-mac\/"},"author":{"name":"BloggingTom","@id":"https:\/\/bloggingtom.ch\/blog\/#\/schema\/person\/f6c8d3d5f30c10217b69ac72723e9d1c"},"headline":"ich lieb meinen Mac&#8230;","datePublished":"2006-06-13T12:46:54+00:00","dateModified":"2006-06-13T12:47:39+00:00","mainEntityOfPage":{"@id":"https:\/\/bloggingtom.ch\/blog\/archives\/2006\/06\/13\/ich-lieb-meinen-mac\/"},"wordCount":86,"commentCount":11,"publisher":{"@id":"https:\/\/bloggingtom.ch\/blog\/#\/schema\/person\/f6c8d3d5f30c10217b69ac72723e9d1c"},"keywords":["apple","deutsch","japanisch","mac","mac-song","musik"],"articleSection":["Aufgeschnappt","Bitte l\u00e4cheln!"],"inLanguage":"de","potentialAction":[{"@type":"CommentAction","name":"Comment","target":["https:\/\/bloggingtom.ch\/blog\/archives\/2006\/06\/13\/ich-lieb-meinen-mac\/#respond"]}]},{"@type":"WebPage","@id":"https:\/\/bloggingtom.ch\/blog\/archives\/2006\/06\/13\/ich-lieb-meinen-mac\/","url":"https:\/\/bloggingtom.ch\/blog\/archives\/2006\/06\/13\/ich-lieb-meinen-mac\/","name":"ich lieb meinen Mac... - BloggingTom","isPartOf":{"@id":"https:\/\/bloggingtom.ch\/blog\/#website"},"datePublished":"2006-06-13T12:46:54+00:00","dateModified":"2006-06-13T12:47:39+00:00","breadcrumb":{"@id":"https:\/\/bloggingtom.ch\/blog\/archives\/2006\/06\/13\/ich-lieb-meinen-mac\/#breadcrumb"},"inLanguage":"de","potentialAction":[{"@type":"ReadAction","target":["https:\/\/bloggingtom.ch\/blog\/archives\/2006\/06\/13\/ich-lieb-meinen-mac\/"]}]},{"@type":"BreadcrumbList","@id":"https:\/\/bloggingtom.ch\/blog\/archives\/2006\/06\/13\/ich-lieb-meinen-mac\/#breadcrumb","itemListElement":[{"@type":"ListItem","position":1,"name":"Home","item":"https:\/\/bloggingtom.ch\/blog\/"},{"@type":"ListItem","position":2,"name":"ich lieb meinen Mac&#8230;"}]},{"@type":"WebSite","@id":"https:\/\/bloggingtom.ch\/blog\/#website","url":"https:\/\/bloggingtom.ch\/blog\/","name":"BloggingTom","description":"Die t\u00e4glichen Abenteuer im Cyberspace...","publisher":{"@id":"https:\/\/bloggingtom.ch\/blog\/#\/schema\/person\/f6c8d3d5f30c10217b69ac72723e9d1c"},"potentialAction":[{"@type":"SearchAction","target":{"@type":"EntryPoint","urlTemplate":"https:\/\/bloggingtom.ch\/blog\/?s={search_term_string}"},"query-input":{"@type":"PropertyValueSpecification","valueRequired":true,"valueName":"search_term_string"}}],"inLanguage":"de"},{"@type":["Person","Organization"],"@id":"https:\/\/bloggingtom.ch\/blog\/#\/schema\/person\/f6c8d3d5f30c10217b69ac72723e9d1c","name":"BloggingTom","image":{"@type":"ImageObject","inLanguage":"de","@id":"https:\/\/bloggingtom.ch\/blog\/#\/schema\/person\/image\/","url":"https:\/\/secure.gravatar.com\/avatar\/17c2b6a2966fc102465cf177587d359e4dac41adfaab355352baee5d5d46f277?s=96&d=mm&r=g","contentUrl":"https:\/\/secure.gravatar.com\/avatar\/17c2b6a2966fc102465cf177587d359e4dac41adfaab355352baee5d5d46f277?s=96&d=mm&r=g","caption":"BloggingTom"},"logo":{"@id":"https:\/\/bloggingtom.ch\/blog\/#\/schema\/person\/image\/"},"sameAs":["http:\/\/bloggingtom.ch"],"url":"https:\/\/bloggingtom.ch\/blog\/archives\/author\/bloggingtom\/"}]}},"jetpack_featured_media_url":"","jetpack_shortlink":"https:\/\/wp.me\/pa6Ev-eW","jetpack_likes_enabled":true,"jetpack_sharing_enabled":true,"_links":{"self":[{"href":"https:\/\/bloggingtom.ch\/blog\/wp-json\/wp\/v2\/posts\/926","targetHints":{"allow":["GET"]}}],"collection":[{"href":"https:\/\/bloggingtom.ch\/blog\/wp-json\/wp\/v2\/posts"}],"about":[{"href":"https:\/\/bloggingtom.ch\/blog\/wp-json\/wp\/v2\/types\/post"}],"author":[{"embeddable":true,"href":"https:\/\/bloggingtom.ch\/blog\/wp-json\/wp\/v2\/users\/1"}],"replies":[{"embeddable":true,"href":"https:\/\/bloggingtom.ch\/blog\/wp-json\/wp\/v2\/comments?post=926"}],"version-history":[{"count":0,"href":"https:\/\/bloggingtom.ch\/blog\/wp-json\/wp\/v2\/posts\/926\/revisions"}],"wp:attachment":[{"href":"https:\/\/bloggingtom.ch\/blog\/wp-json\/wp\/v2\/media?parent=926"}],"wp:term":[{"taxonomy":"category","embeddable":true,"href":"https:\/\/bloggingtom.ch\/blog\/wp-json\/wp\/v2\/categories?post=926"},{"taxonomy":"post_tag","embeddable":true,"href":"https:\/\/bloggingtom.ch\/blog\/wp-json\/wp\/v2\/tags?post=926"}],"curies":[{"name":"wp","href":"https:\/\/api.w.org\/{rel}","templated":true}]}}