{"id":873,"date":"2006-05-21T15:52:50","date_gmt":"2006-05-21T13:52:50","guid":{"rendered":"http:\/\/bloggingtom.ch\/?p=873"},"modified":"2006-05-21T15:53:22","modified_gmt":"2006-05-21T13:53:22","slug":"uberwachung-der-schweizer-internetuser","status":"publish","type":"post","link":"https:\/\/bloggingtom.ch\/blog\/archives\/2006\/05\/21\/uberwachung-der-schweizer-internetuser\/","title":{"rendered":"\u00dcberwachung der Schweizer Internetuser"},"content":{"rendered":"<p>Wer meinte, nach der <a href=\"http:\/\/de.wikipedia.org\/wiki\/Fichenskandal\" target=\"_blank\" >Fichenaff\u00e4re<\/a> in den 90er-Jahren sei die \u00dcberwachung der B\u00fcrger Vergangenheit, irrt. Wie die Sonntagszeitung <a href=\"http:\/\/www.sonntagszeitung.ch\/dyn\/news\/multimedia\/626802.html\" target=\"_blank\" >berichtet<\/a>, will der Schn\u00fcffelstaat nun auch beim Surfen zuschauen:<\/p>\n<blockquote><p>Darum w\u00e4chst bei vielen Fahndern der Wunsch, auf elektronischem Weg mehr \u00fcber verd\u00e4chtige Nutzer zu erfahren. In Kriminalf\u00e4llen m\u00f6chten sie schnell wissen, was ihre Zielpersonen im Internet treiben. Dazu geh\u00f6rt, welche Websites sie besuchen und welche Daten sie aus dem Internet auf ihre Rechner kopieren. Die Installation neuer \u00dcberwachungssoftware in die Kommunikationsnetze soll Bundes- und Kantonsbeh\u00f6rden den Zugriff auf diese Informationen erm\u00f6glichen. Sie sollen mehrere Monate lang in einer Datenbank gespeichert werden und die r\u00fcckwirkende \u00dcberwachung erm\u00f6glichen.<\/p><\/blockquote>\n<p>R\u00fcckwirkende \u00dcberwachung? Das heisst nichts anderes, als dass auch Daten von unbescholtenen B\u00fcrgern schon mal auf Vorrat gespeichert und monatelang aufbewahrt werden. Und das alles unter dem Deckmantel des 11. September. Willkommen im Schn\u00fcffelstaat Schweiz!<br \/>\nDa lob ich mir <a href=\"http:\/\/www.blogg.ch\/index.php?\/archives\/423-Eidg.-dipl.-Internet-UEberwacher.html\" target=\"_blank\" >die Ideen von Fredy<\/a>, der schon mal dar\u00fcber nachdenkt, ob er nicht im Ausland Colocation-Space mieten soll, um sichere VPN-Netze f\u00fcr die \u00fcberwachten Schweizer Surfer anzubieten. Fredy, wo kann ich mich anmelden? <\/p>\n","protected":false},"excerpt":{"rendered":"<p>Wer meinte, nach der Fichenaff\u00e4re in den 90er-Jahren sei die \u00dcberwachung der B\u00fcrger Vergangenheit, irrt. Wie die Sonntagszeitung berichtet, will der Schn\u00fcffelstaat nun auch beim Surfen zuschauen: Darum w\u00e4chst bei vielen Fahndern der Wunsch, auf elektronischem Weg mehr \u00fcber verd\u00e4chtige Nutzer zu erfahren. In Kriminalf\u00e4llen m\u00f6chten sie schnell wissen, was ihre Zielpersonen im Internet treiben. [&hellip;]<\/p>\n","protected":false},"author":1,"featured_media":0,"comment_status":"open","ping_status":"open","sticky":false,"template":"","format":"standard","meta":{"twitterCardType":"","cardImageID":0,"cardImage":"","cardTitle":"","cardDesc":"","cardImageAlt":"","cardPlayer":"","cardPlayerWidth":0,"cardPlayerHeight":0,"cardPlayerStream":"","cardPlayerCodec":"","_jetpack_memberships_contains_paid_content":false,"footnotes":""},"categories":[2],"tags":[2232,912,2336,3398,194,133,2335],"class_list":["post-873","post","type-post","status-publish","format-standard","hentry","category-internet","tag-uberwachung","tag-datenschutz","tag-fichen","tag-internet","tag-provider","tag-schweiz","tag-staatsschutz"],"yoast_head":"<!-- This site is optimized with the Yoast SEO plugin v27.1.1 - https:\/\/yoast.com\/product\/yoast-seo-wordpress\/ -->\n<title>\u00dcberwachung der Schweizer Internetuser - BloggingTom<\/title>\n<meta name=\"robots\" content=\"index, follow, max-snippet:-1, max-image-preview:large, max-video-preview:-1\" \/>\n<link rel=\"canonical\" href=\"https:\/\/bloggingtom.ch\/blog\/archives\/2006\/05\/21\/uberwachung-der-schweizer-internetuser\/\" \/>\n<meta name=\"twitter:label1\" content=\"Verfasst von\" \/>\n\t<meta name=\"twitter:data1\" content=\"BloggingTom\" \/>\n\t<meta name=\"twitter:label2\" content=\"Gesch\u00e4tzte Lesezeit\" \/>\n\t<meta name=\"twitter:data2\" content=\"1\u00a0Minute\" \/>\n<script type=\"application\/ld+json\" class=\"yoast-schema-graph\">{\"@context\":\"https:\/\/schema.org\",\"@graph\":[{\"@type\":\"Article\",\"@id\":\"https:\/\/bloggingtom.ch\/blog\/archives\/2006\/05\/21\/uberwachung-der-schweizer-internetuser\/#article\",\"isPartOf\":{\"@id\":\"https:\/\/bloggingtom.ch\/blog\/archives\/2006\/05\/21\/uberwachung-der-schweizer-internetuser\/\"},\"author\":{\"name\":\"BloggingTom\",\"@id\":\"https:\/\/bloggingtom.ch\/blog\/#\/schema\/person\/f6c8d3d5f30c10217b69ac72723e9d1c\"},\"headline\":\"\u00dcberwachung der Schweizer Internetuser\",\"datePublished\":\"2006-05-21T13:52:50+00:00\",\"dateModified\":\"2006-05-21T13:53:22+00:00\",\"mainEntityOfPage\":{\"@id\":\"https:\/\/bloggingtom.ch\/blog\/archives\/2006\/05\/21\/uberwachung-der-schweizer-internetuser\/\"},\"wordCount\":195,\"commentCount\":20,\"publisher\":{\"@id\":\"https:\/\/bloggingtom.ch\/blog\/#\/schema\/person\/f6c8d3d5f30c10217b69ac72723e9d1c\"},\"keywords\":[\"\u00fcberwachung\",\"datenschutz\",\"fichen\",\"Internet\",\"provider\",\"schweiz\",\"staatsschutz\"],\"articleSection\":[\"Internet\"],\"inLanguage\":\"de\",\"potentialAction\":[{\"@type\":\"CommentAction\",\"name\":\"Comment\",\"target\":[\"https:\/\/bloggingtom.ch\/blog\/archives\/2006\/05\/21\/uberwachung-der-schweizer-internetuser\/#respond\"]}]},{\"@type\":\"WebPage\",\"@id\":\"https:\/\/bloggingtom.ch\/blog\/archives\/2006\/05\/21\/uberwachung-der-schweizer-internetuser\/\",\"url\":\"https:\/\/bloggingtom.ch\/blog\/archives\/2006\/05\/21\/uberwachung-der-schweizer-internetuser\/\",\"name\":\"\u00dcberwachung der Schweizer Internetuser - BloggingTom\",\"isPartOf\":{\"@id\":\"https:\/\/bloggingtom.ch\/blog\/#website\"},\"datePublished\":\"2006-05-21T13:52:50+00:00\",\"dateModified\":\"2006-05-21T13:53:22+00:00\",\"breadcrumb\":{\"@id\":\"https:\/\/bloggingtom.ch\/blog\/archives\/2006\/05\/21\/uberwachung-der-schweizer-internetuser\/#breadcrumb\"},\"inLanguage\":\"de\",\"potentialAction\":[{\"@type\":\"ReadAction\",\"target\":[\"https:\/\/bloggingtom.ch\/blog\/archives\/2006\/05\/21\/uberwachung-der-schweizer-internetuser\/\"]}]},{\"@type\":\"BreadcrumbList\",\"@id\":\"https:\/\/bloggingtom.ch\/blog\/archives\/2006\/05\/21\/uberwachung-der-schweizer-internetuser\/#breadcrumb\",\"itemListElement\":[{\"@type\":\"ListItem\",\"position\":1,\"name\":\"Home\",\"item\":\"https:\/\/bloggingtom.ch\/blog\/\"},{\"@type\":\"ListItem\",\"position\":2,\"name\":\"\u00dcberwachung der Schweizer Internetuser\"}]},{\"@type\":\"WebSite\",\"@id\":\"https:\/\/bloggingtom.ch\/blog\/#website\",\"url\":\"https:\/\/bloggingtom.ch\/blog\/\",\"name\":\"BloggingTom\",\"description\":\"Die t\u00e4glichen Abenteuer im Cyberspace...\",\"publisher\":{\"@id\":\"https:\/\/bloggingtom.ch\/blog\/#\/schema\/person\/f6c8d3d5f30c10217b69ac72723e9d1c\"},\"potentialAction\":[{\"@type\":\"SearchAction\",\"target\":{\"@type\":\"EntryPoint\",\"urlTemplate\":\"https:\/\/bloggingtom.ch\/blog\/?s={search_term_string}\"},\"query-input\":{\"@type\":\"PropertyValueSpecification\",\"valueRequired\":true,\"valueName\":\"search_term_string\"}}],\"inLanguage\":\"de\"},{\"@type\":[\"Person\",\"Organization\"],\"@id\":\"https:\/\/bloggingtom.ch\/blog\/#\/schema\/person\/f6c8d3d5f30c10217b69ac72723e9d1c\",\"name\":\"BloggingTom\",\"image\":{\"@type\":\"ImageObject\",\"inLanguage\":\"de\",\"@id\":\"https:\/\/bloggingtom.ch\/blog\/#\/schema\/person\/image\/\",\"url\":\"https:\/\/secure.gravatar.com\/avatar\/17c2b6a2966fc102465cf177587d359e4dac41adfaab355352baee5d5d46f277?s=96&d=mm&r=g\",\"contentUrl\":\"https:\/\/secure.gravatar.com\/avatar\/17c2b6a2966fc102465cf177587d359e4dac41adfaab355352baee5d5d46f277?s=96&d=mm&r=g\",\"caption\":\"BloggingTom\"},\"logo\":{\"@id\":\"https:\/\/bloggingtom.ch\/blog\/#\/schema\/person\/image\/\"},\"sameAs\":[\"http:\/\/bloggingtom.ch\"],\"url\":\"https:\/\/bloggingtom.ch\/blog\/archives\/author\/bloggingtom\/\"}]}<\/script>\n<!-- \/ Yoast SEO plugin. -->","yoast_head_json":{"title":"\u00dcberwachung der Schweizer Internetuser - BloggingTom","robots":{"index":"index","follow":"follow","max-snippet":"max-snippet:-1","max-image-preview":"max-image-preview:large","max-video-preview":"max-video-preview:-1"},"canonical":"https:\/\/bloggingtom.ch\/blog\/archives\/2006\/05\/21\/uberwachung-der-schweizer-internetuser\/","twitter_misc":{"Verfasst von":"BloggingTom","Gesch\u00e4tzte Lesezeit":"1\u00a0Minute"},"schema":{"@context":"https:\/\/schema.org","@graph":[{"@type":"Article","@id":"https:\/\/bloggingtom.ch\/blog\/archives\/2006\/05\/21\/uberwachung-der-schweizer-internetuser\/#article","isPartOf":{"@id":"https:\/\/bloggingtom.ch\/blog\/archives\/2006\/05\/21\/uberwachung-der-schweizer-internetuser\/"},"author":{"name":"BloggingTom","@id":"https:\/\/bloggingtom.ch\/blog\/#\/schema\/person\/f6c8d3d5f30c10217b69ac72723e9d1c"},"headline":"\u00dcberwachung der Schweizer Internetuser","datePublished":"2006-05-21T13:52:50+00:00","dateModified":"2006-05-21T13:53:22+00:00","mainEntityOfPage":{"@id":"https:\/\/bloggingtom.ch\/blog\/archives\/2006\/05\/21\/uberwachung-der-schweizer-internetuser\/"},"wordCount":195,"commentCount":20,"publisher":{"@id":"https:\/\/bloggingtom.ch\/blog\/#\/schema\/person\/f6c8d3d5f30c10217b69ac72723e9d1c"},"keywords":["\u00fcberwachung","datenschutz","fichen","Internet","provider","schweiz","staatsschutz"],"articleSection":["Internet"],"inLanguage":"de","potentialAction":[{"@type":"CommentAction","name":"Comment","target":["https:\/\/bloggingtom.ch\/blog\/archives\/2006\/05\/21\/uberwachung-der-schweizer-internetuser\/#respond"]}]},{"@type":"WebPage","@id":"https:\/\/bloggingtom.ch\/blog\/archives\/2006\/05\/21\/uberwachung-der-schweizer-internetuser\/","url":"https:\/\/bloggingtom.ch\/blog\/archives\/2006\/05\/21\/uberwachung-der-schweizer-internetuser\/","name":"\u00dcberwachung der Schweizer Internetuser - BloggingTom","isPartOf":{"@id":"https:\/\/bloggingtom.ch\/blog\/#website"},"datePublished":"2006-05-21T13:52:50+00:00","dateModified":"2006-05-21T13:53:22+00:00","breadcrumb":{"@id":"https:\/\/bloggingtom.ch\/blog\/archives\/2006\/05\/21\/uberwachung-der-schweizer-internetuser\/#breadcrumb"},"inLanguage":"de","potentialAction":[{"@type":"ReadAction","target":["https:\/\/bloggingtom.ch\/blog\/archives\/2006\/05\/21\/uberwachung-der-schweizer-internetuser\/"]}]},{"@type":"BreadcrumbList","@id":"https:\/\/bloggingtom.ch\/blog\/archives\/2006\/05\/21\/uberwachung-der-schweizer-internetuser\/#breadcrumb","itemListElement":[{"@type":"ListItem","position":1,"name":"Home","item":"https:\/\/bloggingtom.ch\/blog\/"},{"@type":"ListItem","position":2,"name":"\u00dcberwachung der Schweizer Internetuser"}]},{"@type":"WebSite","@id":"https:\/\/bloggingtom.ch\/blog\/#website","url":"https:\/\/bloggingtom.ch\/blog\/","name":"BloggingTom","description":"Die t\u00e4glichen Abenteuer im Cyberspace...","publisher":{"@id":"https:\/\/bloggingtom.ch\/blog\/#\/schema\/person\/f6c8d3d5f30c10217b69ac72723e9d1c"},"potentialAction":[{"@type":"SearchAction","target":{"@type":"EntryPoint","urlTemplate":"https:\/\/bloggingtom.ch\/blog\/?s={search_term_string}"},"query-input":{"@type":"PropertyValueSpecification","valueRequired":true,"valueName":"search_term_string"}}],"inLanguage":"de"},{"@type":["Person","Organization"],"@id":"https:\/\/bloggingtom.ch\/blog\/#\/schema\/person\/f6c8d3d5f30c10217b69ac72723e9d1c","name":"BloggingTom","image":{"@type":"ImageObject","inLanguage":"de","@id":"https:\/\/bloggingtom.ch\/blog\/#\/schema\/person\/image\/","url":"https:\/\/secure.gravatar.com\/avatar\/17c2b6a2966fc102465cf177587d359e4dac41adfaab355352baee5d5d46f277?s=96&d=mm&r=g","contentUrl":"https:\/\/secure.gravatar.com\/avatar\/17c2b6a2966fc102465cf177587d359e4dac41adfaab355352baee5d5d46f277?s=96&d=mm&r=g","caption":"BloggingTom"},"logo":{"@id":"https:\/\/bloggingtom.ch\/blog\/#\/schema\/person\/image\/"},"sameAs":["http:\/\/bloggingtom.ch"],"url":"https:\/\/bloggingtom.ch\/blog\/archives\/author\/bloggingtom\/"}]}},"jetpack_featured_media_url":"","jetpack_shortlink":"https:\/\/wp.me\/pa6Ev-e5","jetpack_likes_enabled":true,"jetpack_sharing_enabled":true,"_links":{"self":[{"href":"https:\/\/bloggingtom.ch\/blog\/wp-json\/wp\/v2\/posts\/873","targetHints":{"allow":["GET"]}}],"collection":[{"href":"https:\/\/bloggingtom.ch\/blog\/wp-json\/wp\/v2\/posts"}],"about":[{"href":"https:\/\/bloggingtom.ch\/blog\/wp-json\/wp\/v2\/types\/post"}],"author":[{"embeddable":true,"href":"https:\/\/bloggingtom.ch\/blog\/wp-json\/wp\/v2\/users\/1"}],"replies":[{"embeddable":true,"href":"https:\/\/bloggingtom.ch\/blog\/wp-json\/wp\/v2\/comments?post=873"}],"version-history":[{"count":0,"href":"https:\/\/bloggingtom.ch\/blog\/wp-json\/wp\/v2\/posts\/873\/revisions"}],"wp:attachment":[{"href":"https:\/\/bloggingtom.ch\/blog\/wp-json\/wp\/v2\/media?parent=873"}],"wp:term":[{"taxonomy":"category","embeddable":true,"href":"https:\/\/bloggingtom.ch\/blog\/wp-json\/wp\/v2\/categories?post=873"},{"taxonomy":"post_tag","embeddable":true,"href":"https:\/\/bloggingtom.ch\/blog\/wp-json\/wp\/v2\/tags?post=873"}],"curies":[{"name":"wp","href":"https:\/\/api.w.org\/{rel}","templated":true}]}}