{"id":573,"date":"2006-01-20T11:23:51","date_gmt":"2006-01-20T10:23:51","guid":{"rendered":"http:\/\/bloggingtom.ch\/?p=573"},"modified":"2006-01-20T11:24:33","modified_gmt":"2006-01-20T10:24:33","slug":"goldener-swisscom-fallschirm","status":"publish","type":"post","link":"https:\/\/bloggingtom.ch\/blog\/archives\/2006\/01\/20\/goldener-swisscom-fallschirm\/","title":{"rendered":"Goldener Swisscom-Fallschirm"},"content":{"rendered":"<p>Seit heute morgen ist <a href=\"http:\/\/www.swisscom.com\/NR\/exeres\/32060975-2B24-4DA4-A1E5-A0D0E4C40B81,frameless.htm?lang=de\" target=\"_blank\" >der R\u00fccktritt von Swisscom-Chef Jens Alder<\/a> in aller Munde. Er ziehe damit die pers\u00f6nlichen Konsequenzen aus der vom Bundesrat verlangten \u00c4nderung der internationalen Expansionspl\u00e4ne.<\/p>\n<p>Fast interessanter ist da der Versprecher (?) am Rande der Pressekonferenz zum R\u00fccktritt, wie der <a href=\"http:\/\/www.tagesanzeiger.ch\/dyn\/news\/wirtschaft\/583899.html\" target=\"_blank\" >Tages-Anzeiger<\/a> weiss:<\/p>\n<blockquote><p>Der scheidende Swisscom-Verwaltungsratspr\u00e4sident Markus Rauh musste sich an der Medienkonferenz zum Abgang von Konzernchef Jens Alder korrigieren, als er diesem eine Abgangsentsch\u00e4digung von 1,54 Milliarden statt 1,54 Millionen Franken zusprach: \u00abIch bin mir bei der Swisscom so sehr gewohnt, \u00fcber Milliarden zu sprechen.\u00bb Alder entgegnete: \u00abGesagt ist gesagt&#8230;\u00bb.<\/p><\/blockquote>\n<p>Na dann&#8230;<\/p>\n","protected":false},"excerpt":{"rendered":"<p>Seit heute morgen ist der R\u00fccktritt von Swisscom-Chef Jens Alder in aller Munde. Er ziehe damit die pers\u00f6nlichen Konsequenzen aus der vom Bundesrat verlangten \u00c4nderung der internationalen Expansionspl\u00e4ne. Fast interessanter ist da der Versprecher (?) am Rande der Pressekonferenz zum R\u00fccktritt, wie der Tages-Anzeiger weiss: Der scheidende Swisscom-Verwaltungsratspr\u00e4sident Markus Rauh musste sich an der Medienkonferenz [&hellip;]<\/p>\n","protected":false},"author":1,"featured_media":0,"comment_status":"open","ping_status":"open","sticky":false,"template":"","format":"standard","meta":{"twitterCardType":"","cardImageID":0,"cardImage":"","cardTitle":"","cardDesc":"","cardImageAlt":"","cardPlayer":"","cardPlayerWidth":0,"cardPlayerHeight":0,"cardPlayerStream":"","cardPlayerCodec":"","_jetpack_memberships_contains_paid_content":false,"footnotes":""},"categories":[1],"tags":[1576,1577,1575,1578,1574,32],"class_list":["post-573","post","type-post","status-publish","format-standard","hentry","category-home","tag-carsten-schloter","tag-entschadigung","tag-jens-alder","tag-markus-rauh","tag-rucktritt","tag-swisscom"],"yoast_head":"<!-- This site is optimized with the Yoast SEO plugin v27.1.1 - https:\/\/yoast.com\/product\/yoast-seo-wordpress\/ -->\n<title>Goldener Swisscom-Fallschirm - BloggingTom<\/title>\n<meta name=\"robots\" content=\"index, follow, max-snippet:-1, max-image-preview:large, max-video-preview:-1\" \/>\n<link rel=\"canonical\" href=\"https:\/\/bloggingtom.ch\/blog\/archives\/2006\/01\/20\/goldener-swisscom-fallschirm\/\" \/>\n<meta name=\"twitter:label1\" content=\"Verfasst von\" \/>\n\t<meta name=\"twitter:data1\" content=\"BloggingTom\" \/>\n<script type=\"application\/ld+json\" class=\"yoast-schema-graph\">{\"@context\":\"https:\/\/schema.org\",\"@graph\":[{\"@type\":\"Article\",\"@id\":\"https:\/\/bloggingtom.ch\/blog\/archives\/2006\/01\/20\/goldener-swisscom-fallschirm\/#article\",\"isPartOf\":{\"@id\":\"https:\/\/bloggingtom.ch\/blog\/archives\/2006\/01\/20\/goldener-swisscom-fallschirm\/\"},\"author\":{\"name\":\"BloggingTom\",\"@id\":\"https:\/\/bloggingtom.ch\/blog\/#\/schema\/person\/f6c8d3d5f30c10217b69ac72723e9d1c\"},\"headline\":\"Goldener Swisscom-Fallschirm\",\"datePublished\":\"2006-01-20T10:23:51+00:00\",\"dateModified\":\"2006-01-20T10:24:33+00:00\",\"mainEntityOfPage\":{\"@id\":\"https:\/\/bloggingtom.ch\/blog\/archives\/2006\/01\/20\/goldener-swisscom-fallschirm\/\"},\"wordCount\":100,\"commentCount\":3,\"publisher\":{\"@id\":\"https:\/\/bloggingtom.ch\/blog\/#\/schema\/person\/f6c8d3d5f30c10217b69ac72723e9d1c\"},\"keywords\":[\"carsten schloter\",\"entsch\u00e4digung\",\"jens alder\",\"markus rauh\",\"r\u00fccktritt\",\"swisscom\"],\"articleSection\":[\"Dies und Das\"],\"inLanguage\":\"de\",\"potentialAction\":[{\"@type\":\"CommentAction\",\"name\":\"Comment\",\"target\":[\"https:\/\/bloggingtom.ch\/blog\/archives\/2006\/01\/20\/goldener-swisscom-fallschirm\/#respond\"]}]},{\"@type\":\"WebPage\",\"@id\":\"https:\/\/bloggingtom.ch\/blog\/archives\/2006\/01\/20\/goldener-swisscom-fallschirm\/\",\"url\":\"https:\/\/bloggingtom.ch\/blog\/archives\/2006\/01\/20\/goldener-swisscom-fallschirm\/\",\"name\":\"Goldener Swisscom-Fallschirm - BloggingTom\",\"isPartOf\":{\"@id\":\"https:\/\/bloggingtom.ch\/blog\/#website\"},\"datePublished\":\"2006-01-20T10:23:51+00:00\",\"dateModified\":\"2006-01-20T10:24:33+00:00\",\"breadcrumb\":{\"@id\":\"https:\/\/bloggingtom.ch\/blog\/archives\/2006\/01\/20\/goldener-swisscom-fallschirm\/#breadcrumb\"},\"inLanguage\":\"de\",\"potentialAction\":[{\"@type\":\"ReadAction\",\"target\":[\"https:\/\/bloggingtom.ch\/blog\/archives\/2006\/01\/20\/goldener-swisscom-fallschirm\/\"]}]},{\"@type\":\"BreadcrumbList\",\"@id\":\"https:\/\/bloggingtom.ch\/blog\/archives\/2006\/01\/20\/goldener-swisscom-fallschirm\/#breadcrumb\",\"itemListElement\":[{\"@type\":\"ListItem\",\"position\":1,\"name\":\"Home\",\"item\":\"https:\/\/bloggingtom.ch\/blog\/\"},{\"@type\":\"ListItem\",\"position\":2,\"name\":\"Goldener Swisscom-Fallschirm\"}]},{\"@type\":\"WebSite\",\"@id\":\"https:\/\/bloggingtom.ch\/blog\/#website\",\"url\":\"https:\/\/bloggingtom.ch\/blog\/\",\"name\":\"BloggingTom\",\"description\":\"Die t\u00e4glichen Abenteuer im Cyberspace...\",\"publisher\":{\"@id\":\"https:\/\/bloggingtom.ch\/blog\/#\/schema\/person\/f6c8d3d5f30c10217b69ac72723e9d1c\"},\"potentialAction\":[{\"@type\":\"SearchAction\",\"target\":{\"@type\":\"EntryPoint\",\"urlTemplate\":\"https:\/\/bloggingtom.ch\/blog\/?s={search_term_string}\"},\"query-input\":{\"@type\":\"PropertyValueSpecification\",\"valueRequired\":true,\"valueName\":\"search_term_string\"}}],\"inLanguage\":\"de\"},{\"@type\":[\"Person\",\"Organization\"],\"@id\":\"https:\/\/bloggingtom.ch\/blog\/#\/schema\/person\/f6c8d3d5f30c10217b69ac72723e9d1c\",\"name\":\"BloggingTom\",\"image\":{\"@type\":\"ImageObject\",\"inLanguage\":\"de\",\"@id\":\"https:\/\/bloggingtom.ch\/blog\/#\/schema\/person\/image\/\",\"url\":\"https:\/\/secure.gravatar.com\/avatar\/17c2b6a2966fc102465cf177587d359e4dac41adfaab355352baee5d5d46f277?s=96&d=mm&r=g\",\"contentUrl\":\"https:\/\/secure.gravatar.com\/avatar\/17c2b6a2966fc102465cf177587d359e4dac41adfaab355352baee5d5d46f277?s=96&d=mm&r=g\",\"caption\":\"BloggingTom\"},\"logo\":{\"@id\":\"https:\/\/bloggingtom.ch\/blog\/#\/schema\/person\/image\/\"},\"sameAs\":[\"http:\/\/bloggingtom.ch\"],\"url\":\"https:\/\/bloggingtom.ch\/blog\/archives\/author\/bloggingtom\/\"}]}<\/script>\n<!-- \/ Yoast SEO plugin. -->","yoast_head_json":{"title":"Goldener Swisscom-Fallschirm - BloggingTom","robots":{"index":"index","follow":"follow","max-snippet":"max-snippet:-1","max-image-preview":"max-image-preview:large","max-video-preview":"max-video-preview:-1"},"canonical":"https:\/\/bloggingtom.ch\/blog\/archives\/2006\/01\/20\/goldener-swisscom-fallschirm\/","twitter_misc":{"Verfasst von":"BloggingTom"},"schema":{"@context":"https:\/\/schema.org","@graph":[{"@type":"Article","@id":"https:\/\/bloggingtom.ch\/blog\/archives\/2006\/01\/20\/goldener-swisscom-fallschirm\/#article","isPartOf":{"@id":"https:\/\/bloggingtom.ch\/blog\/archives\/2006\/01\/20\/goldener-swisscom-fallschirm\/"},"author":{"name":"BloggingTom","@id":"https:\/\/bloggingtom.ch\/blog\/#\/schema\/person\/f6c8d3d5f30c10217b69ac72723e9d1c"},"headline":"Goldener Swisscom-Fallschirm","datePublished":"2006-01-20T10:23:51+00:00","dateModified":"2006-01-20T10:24:33+00:00","mainEntityOfPage":{"@id":"https:\/\/bloggingtom.ch\/blog\/archives\/2006\/01\/20\/goldener-swisscom-fallschirm\/"},"wordCount":100,"commentCount":3,"publisher":{"@id":"https:\/\/bloggingtom.ch\/blog\/#\/schema\/person\/f6c8d3d5f30c10217b69ac72723e9d1c"},"keywords":["carsten schloter","entsch\u00e4digung","jens alder","markus rauh","r\u00fccktritt","swisscom"],"articleSection":["Dies und Das"],"inLanguage":"de","potentialAction":[{"@type":"CommentAction","name":"Comment","target":["https:\/\/bloggingtom.ch\/blog\/archives\/2006\/01\/20\/goldener-swisscom-fallschirm\/#respond"]}]},{"@type":"WebPage","@id":"https:\/\/bloggingtom.ch\/blog\/archives\/2006\/01\/20\/goldener-swisscom-fallschirm\/","url":"https:\/\/bloggingtom.ch\/blog\/archives\/2006\/01\/20\/goldener-swisscom-fallschirm\/","name":"Goldener Swisscom-Fallschirm - BloggingTom","isPartOf":{"@id":"https:\/\/bloggingtom.ch\/blog\/#website"},"datePublished":"2006-01-20T10:23:51+00:00","dateModified":"2006-01-20T10:24:33+00:00","breadcrumb":{"@id":"https:\/\/bloggingtom.ch\/blog\/archives\/2006\/01\/20\/goldener-swisscom-fallschirm\/#breadcrumb"},"inLanguage":"de","potentialAction":[{"@type":"ReadAction","target":["https:\/\/bloggingtom.ch\/blog\/archives\/2006\/01\/20\/goldener-swisscom-fallschirm\/"]}]},{"@type":"BreadcrumbList","@id":"https:\/\/bloggingtom.ch\/blog\/archives\/2006\/01\/20\/goldener-swisscom-fallschirm\/#breadcrumb","itemListElement":[{"@type":"ListItem","position":1,"name":"Home","item":"https:\/\/bloggingtom.ch\/blog\/"},{"@type":"ListItem","position":2,"name":"Goldener Swisscom-Fallschirm"}]},{"@type":"WebSite","@id":"https:\/\/bloggingtom.ch\/blog\/#website","url":"https:\/\/bloggingtom.ch\/blog\/","name":"BloggingTom","description":"Die t\u00e4glichen Abenteuer im Cyberspace...","publisher":{"@id":"https:\/\/bloggingtom.ch\/blog\/#\/schema\/person\/f6c8d3d5f30c10217b69ac72723e9d1c"},"potentialAction":[{"@type":"SearchAction","target":{"@type":"EntryPoint","urlTemplate":"https:\/\/bloggingtom.ch\/blog\/?s={search_term_string}"},"query-input":{"@type":"PropertyValueSpecification","valueRequired":true,"valueName":"search_term_string"}}],"inLanguage":"de"},{"@type":["Person","Organization"],"@id":"https:\/\/bloggingtom.ch\/blog\/#\/schema\/person\/f6c8d3d5f30c10217b69ac72723e9d1c","name":"BloggingTom","image":{"@type":"ImageObject","inLanguage":"de","@id":"https:\/\/bloggingtom.ch\/blog\/#\/schema\/person\/image\/","url":"https:\/\/secure.gravatar.com\/avatar\/17c2b6a2966fc102465cf177587d359e4dac41adfaab355352baee5d5d46f277?s=96&d=mm&r=g","contentUrl":"https:\/\/secure.gravatar.com\/avatar\/17c2b6a2966fc102465cf177587d359e4dac41adfaab355352baee5d5d46f277?s=96&d=mm&r=g","caption":"BloggingTom"},"logo":{"@id":"https:\/\/bloggingtom.ch\/blog\/#\/schema\/person\/image\/"},"sameAs":["http:\/\/bloggingtom.ch"],"url":"https:\/\/bloggingtom.ch\/blog\/archives\/author\/bloggingtom\/"}]}},"jetpack_featured_media_url":"","jetpack_shortlink":"https:\/\/wp.me\/pa6Ev-9f","jetpack_likes_enabled":true,"jetpack_sharing_enabled":true,"_links":{"self":[{"href":"https:\/\/bloggingtom.ch\/blog\/wp-json\/wp\/v2\/posts\/573","targetHints":{"allow":["GET"]}}],"collection":[{"href":"https:\/\/bloggingtom.ch\/blog\/wp-json\/wp\/v2\/posts"}],"about":[{"href":"https:\/\/bloggingtom.ch\/blog\/wp-json\/wp\/v2\/types\/post"}],"author":[{"embeddable":true,"href":"https:\/\/bloggingtom.ch\/blog\/wp-json\/wp\/v2\/users\/1"}],"replies":[{"embeddable":true,"href":"https:\/\/bloggingtom.ch\/blog\/wp-json\/wp\/v2\/comments?post=573"}],"version-history":[{"count":0,"href":"https:\/\/bloggingtom.ch\/blog\/wp-json\/wp\/v2\/posts\/573\/revisions"}],"wp:attachment":[{"href":"https:\/\/bloggingtom.ch\/blog\/wp-json\/wp\/v2\/media?parent=573"}],"wp:term":[{"taxonomy":"category","embeddable":true,"href":"https:\/\/bloggingtom.ch\/blog\/wp-json\/wp\/v2\/categories?post=573"},{"taxonomy":"post_tag","embeddable":true,"href":"https:\/\/bloggingtom.ch\/blog\/wp-json\/wp\/v2\/tags?post=573"}],"curies":[{"name":"wp","href":"https:\/\/api.w.org\/{rel}","templated":true}]}}