{"id":416,"date":"2005-11-08T09:55:56","date_gmt":"2005-11-08T08:55:56","guid":{"rendered":"http:\/\/bloggingtom.ch\/?p=416"},"modified":"2005-11-08T09:57:05","modified_gmt":"2005-11-08T08:57:05","slug":"cablecom-baut-arbeitsplatze-ab","status":"publish","type":"post","link":"https:\/\/bloggingtom.ch\/blog\/archives\/2005\/11\/08\/cablecom-baut-arbeitsplatze-ab\/","title":{"rendered":"Cablecom baut Arbeitspl\u00e4tze ab"},"content":{"rendered":"<p>Gerade lese ich, dass die <a href=\"http:\/\/www.cablecom.ch\" target=\"_blank\" >Cablecom<\/a> rund 15% der Arbeitspl\u00e4tze abbauen will, das sind bei derzeit 1750 Angestellten immerhin 260 Personen, die dort in K\u00fcrze nicht mehr arbeiten werden. Rund 80 Personen wird gek\u00fcndigt, der Rest soll durch nat\u00fcrliche Abg\u00e4nge und Fr\u00fchpensionierungen abgebaut werden.<\/p>\n<p>In der Pressemitteilung heisst es dann weiter:<\/p>\n<blockquote><p>Die meisten Gesch\u00e4ftsbereiche von cablecom sind von der bevorstehenden Stellenreduktion nicht betroffen. Die geplante Reorganisation betrifft haupts\u00e4chlich die Bereiche Network Management, Technology, die Support-Funktionen und das obere Management.<\/p><\/blockquote>\n<p>Seh ich das falsch, oder betrifft das zu grossen Teilen die Internet-Struktur? OK, da l\u00e4sst sich sicherlich einiges durch den Zusammenschluss mit UPC Broadband (einer Tochter der neuen Cablecom-Besitzerin <a href=\"http:\/\/www.lgi.com\/\" target=\"_blank\" >Liberty Global Inc.<\/a>) einsparen, aber dass der Support vom Abbau betroffen ist, erstaunt mich dann doch.<\/p>\n<p>Vor nicht allzu langer Zeit stand die Cablecom monatelang in der Kritik, weil der Support entweder \u00fcberlastet oder nicht wirklich kompetent war. Dies hat sich in den letzten Monaten merklich verbessert. Werden nun aber gerade in den Support-Abteilungen wieder Leute entlassen, dann wird es wohl nicht lange gehen, bis die Cablecom wieder dieselbe Kritik einstecken muss (und ich mich beim Kunden dann wieder minutenlang am Telefon \u00e4rgern darf&#8230;).<\/p>\n<p><a href=\"http:\/\/www.presseportal.ch\/de\/story.htx?nr=100499439\" target=\"_blank\" >Link zur Pressemitteilung der Cablecom<\/a><\/p>\n","protected":false},"excerpt":{"rendered":"<p>Gerade lese ich, dass die Cablecom rund 15% der Arbeitspl\u00e4tze abbauen will, das sind bei derzeit 1750 Angestellten immerhin 260 Personen, die dort in K\u00fcrze nicht mehr arbeiten werden. Rund 80 Personen wird gek\u00fcndigt, der Rest soll durch nat\u00fcrliche Abg\u00e4nge und Fr\u00fchpensionierungen abgebaut werden. In der Pressemitteilung heisst es dann weiter: Die meisten Gesch\u00e4ftsbereiche von [&hellip;]<\/p>\n","protected":false},"author":1,"featured_media":0,"comment_status":"open","ping_status":"open","sticky":false,"template":"","format":"standard","meta":{"twitterCardType":"","cardImageID":0,"cardImage":"","cardTitle":"","cardDesc":"","cardImageAlt":"","cardPlayer":"","cardPlayerWidth":0,"cardPlayerHeight":0,"cardPlayerStream":"","cardPlayerCodec":"","_jetpack_memberships_contains_paid_content":false,"footnotes":""},"categories":[2],"tags":[1182,751,1184,1180,1181,1183,1178,1179],"class_list":["post-416","post","type-post","status-publish","format-standard","hentry","category-internet","tag-arbeitsplatze","tag-cablecom","tag-entlassung","tag-liberty","tag-liberty-global","tag-stellenabbau","tag-upc","tag-upc-broadband"],"yoast_head":"<!-- This site is optimized with the Yoast SEO plugin v27.1.1 - https:\/\/yoast.com\/product\/yoast-seo-wordpress\/ -->\n<title>Cablecom baut Arbeitspl\u00e4tze ab - BloggingTom<\/title>\n<meta name=\"robots\" content=\"index, follow, max-snippet:-1, max-image-preview:large, max-video-preview:-1\" \/>\n<link rel=\"canonical\" href=\"https:\/\/bloggingtom.ch\/blog\/archives\/2005\/11\/08\/cablecom-baut-arbeitsplatze-ab\/\" \/>\n<meta name=\"twitter:label1\" content=\"Verfasst von\" \/>\n\t<meta name=\"twitter:data1\" content=\"BloggingTom\" \/>\n\t<meta name=\"twitter:label2\" content=\"Gesch\u00e4tzte Lesezeit\" \/>\n\t<meta name=\"twitter:data2\" content=\"1\u00a0Minute\" \/>\n<script type=\"application\/ld+json\" class=\"yoast-schema-graph\">{\"@context\":\"https:\/\/schema.org\",\"@graph\":[{\"@type\":\"Article\",\"@id\":\"https:\/\/bloggingtom.ch\/blog\/archives\/2005\/11\/08\/cablecom-baut-arbeitsplatze-ab\/#article\",\"isPartOf\":{\"@id\":\"https:\/\/bloggingtom.ch\/blog\/archives\/2005\/11\/08\/cablecom-baut-arbeitsplatze-ab\/\"},\"author\":{\"name\":\"BloggingTom\",\"@id\":\"https:\/\/bloggingtom.ch\/blog\/#\/schema\/person\/f6c8d3d5f30c10217b69ac72723e9d1c\"},\"headline\":\"Cablecom baut Arbeitspl\u00e4tze ab\",\"datePublished\":\"2005-11-08T08:55:56+00:00\",\"dateModified\":\"2005-11-08T08:57:05+00:00\",\"mainEntityOfPage\":{\"@id\":\"https:\/\/bloggingtom.ch\/blog\/archives\/2005\/11\/08\/cablecom-baut-arbeitsplatze-ab\/\"},\"wordCount\":207,\"commentCount\":5,\"publisher\":{\"@id\":\"https:\/\/bloggingtom.ch\/blog\/#\/schema\/person\/f6c8d3d5f30c10217b69ac72723e9d1c\"},\"keywords\":[\"arbeitspl\u00e4tze\",\"cablecom\",\"entlassung\",\"liberty\",\"liberty global\",\"stellenabbau\",\"upc\",\"upc broadband\"],\"articleSection\":[\"Internet\"],\"inLanguage\":\"de\",\"potentialAction\":[{\"@type\":\"CommentAction\",\"name\":\"Comment\",\"target\":[\"https:\/\/bloggingtom.ch\/blog\/archives\/2005\/11\/08\/cablecom-baut-arbeitsplatze-ab\/#respond\"]}]},{\"@type\":\"WebPage\",\"@id\":\"https:\/\/bloggingtom.ch\/blog\/archives\/2005\/11\/08\/cablecom-baut-arbeitsplatze-ab\/\",\"url\":\"https:\/\/bloggingtom.ch\/blog\/archives\/2005\/11\/08\/cablecom-baut-arbeitsplatze-ab\/\",\"name\":\"Cablecom baut Arbeitspl\u00e4tze ab - BloggingTom\",\"isPartOf\":{\"@id\":\"https:\/\/bloggingtom.ch\/blog\/#website\"},\"datePublished\":\"2005-11-08T08:55:56+00:00\",\"dateModified\":\"2005-11-08T08:57:05+00:00\",\"breadcrumb\":{\"@id\":\"https:\/\/bloggingtom.ch\/blog\/archives\/2005\/11\/08\/cablecom-baut-arbeitsplatze-ab\/#breadcrumb\"},\"inLanguage\":\"de\",\"potentialAction\":[{\"@type\":\"ReadAction\",\"target\":[\"https:\/\/bloggingtom.ch\/blog\/archives\/2005\/11\/08\/cablecom-baut-arbeitsplatze-ab\/\"]}]},{\"@type\":\"BreadcrumbList\",\"@id\":\"https:\/\/bloggingtom.ch\/blog\/archives\/2005\/11\/08\/cablecom-baut-arbeitsplatze-ab\/#breadcrumb\",\"itemListElement\":[{\"@type\":\"ListItem\",\"position\":1,\"name\":\"Home\",\"item\":\"https:\/\/bloggingtom.ch\/blog\/\"},{\"@type\":\"ListItem\",\"position\":2,\"name\":\"Cablecom baut Arbeitspl\u00e4tze ab\"}]},{\"@type\":\"WebSite\",\"@id\":\"https:\/\/bloggingtom.ch\/blog\/#website\",\"url\":\"https:\/\/bloggingtom.ch\/blog\/\",\"name\":\"BloggingTom\",\"description\":\"Die t\u00e4glichen Abenteuer im Cyberspace...\",\"publisher\":{\"@id\":\"https:\/\/bloggingtom.ch\/blog\/#\/schema\/person\/f6c8d3d5f30c10217b69ac72723e9d1c\"},\"potentialAction\":[{\"@type\":\"SearchAction\",\"target\":{\"@type\":\"EntryPoint\",\"urlTemplate\":\"https:\/\/bloggingtom.ch\/blog\/?s={search_term_string}\"},\"query-input\":{\"@type\":\"PropertyValueSpecification\",\"valueRequired\":true,\"valueName\":\"search_term_string\"}}],\"inLanguage\":\"de\"},{\"@type\":[\"Person\",\"Organization\"],\"@id\":\"https:\/\/bloggingtom.ch\/blog\/#\/schema\/person\/f6c8d3d5f30c10217b69ac72723e9d1c\",\"name\":\"BloggingTom\",\"image\":{\"@type\":\"ImageObject\",\"inLanguage\":\"de\",\"@id\":\"https:\/\/bloggingtom.ch\/blog\/#\/schema\/person\/image\/\",\"url\":\"https:\/\/secure.gravatar.com\/avatar\/17c2b6a2966fc102465cf177587d359e4dac41adfaab355352baee5d5d46f277?s=96&d=mm&r=g\",\"contentUrl\":\"https:\/\/secure.gravatar.com\/avatar\/17c2b6a2966fc102465cf177587d359e4dac41adfaab355352baee5d5d46f277?s=96&d=mm&r=g\",\"caption\":\"BloggingTom\"},\"logo\":{\"@id\":\"https:\/\/bloggingtom.ch\/blog\/#\/schema\/person\/image\/\"},\"sameAs\":[\"http:\/\/bloggingtom.ch\"],\"url\":\"https:\/\/bloggingtom.ch\/blog\/archives\/author\/bloggingtom\/\"}]}<\/script>\n<!-- \/ Yoast SEO plugin. -->","yoast_head_json":{"title":"Cablecom baut Arbeitspl\u00e4tze ab - BloggingTom","robots":{"index":"index","follow":"follow","max-snippet":"max-snippet:-1","max-image-preview":"max-image-preview:large","max-video-preview":"max-video-preview:-1"},"canonical":"https:\/\/bloggingtom.ch\/blog\/archives\/2005\/11\/08\/cablecom-baut-arbeitsplatze-ab\/","twitter_misc":{"Verfasst von":"BloggingTom","Gesch\u00e4tzte Lesezeit":"1\u00a0Minute"},"schema":{"@context":"https:\/\/schema.org","@graph":[{"@type":"Article","@id":"https:\/\/bloggingtom.ch\/blog\/archives\/2005\/11\/08\/cablecom-baut-arbeitsplatze-ab\/#article","isPartOf":{"@id":"https:\/\/bloggingtom.ch\/blog\/archives\/2005\/11\/08\/cablecom-baut-arbeitsplatze-ab\/"},"author":{"name":"BloggingTom","@id":"https:\/\/bloggingtom.ch\/blog\/#\/schema\/person\/f6c8d3d5f30c10217b69ac72723e9d1c"},"headline":"Cablecom baut Arbeitspl\u00e4tze ab","datePublished":"2005-11-08T08:55:56+00:00","dateModified":"2005-11-08T08:57:05+00:00","mainEntityOfPage":{"@id":"https:\/\/bloggingtom.ch\/blog\/archives\/2005\/11\/08\/cablecom-baut-arbeitsplatze-ab\/"},"wordCount":207,"commentCount":5,"publisher":{"@id":"https:\/\/bloggingtom.ch\/blog\/#\/schema\/person\/f6c8d3d5f30c10217b69ac72723e9d1c"},"keywords":["arbeitspl\u00e4tze","cablecom","entlassung","liberty","liberty global","stellenabbau","upc","upc broadband"],"articleSection":["Internet"],"inLanguage":"de","potentialAction":[{"@type":"CommentAction","name":"Comment","target":["https:\/\/bloggingtom.ch\/blog\/archives\/2005\/11\/08\/cablecom-baut-arbeitsplatze-ab\/#respond"]}]},{"@type":"WebPage","@id":"https:\/\/bloggingtom.ch\/blog\/archives\/2005\/11\/08\/cablecom-baut-arbeitsplatze-ab\/","url":"https:\/\/bloggingtom.ch\/blog\/archives\/2005\/11\/08\/cablecom-baut-arbeitsplatze-ab\/","name":"Cablecom baut Arbeitspl\u00e4tze ab - BloggingTom","isPartOf":{"@id":"https:\/\/bloggingtom.ch\/blog\/#website"},"datePublished":"2005-11-08T08:55:56+00:00","dateModified":"2005-11-08T08:57:05+00:00","breadcrumb":{"@id":"https:\/\/bloggingtom.ch\/blog\/archives\/2005\/11\/08\/cablecom-baut-arbeitsplatze-ab\/#breadcrumb"},"inLanguage":"de","potentialAction":[{"@type":"ReadAction","target":["https:\/\/bloggingtom.ch\/blog\/archives\/2005\/11\/08\/cablecom-baut-arbeitsplatze-ab\/"]}]},{"@type":"BreadcrumbList","@id":"https:\/\/bloggingtom.ch\/blog\/archives\/2005\/11\/08\/cablecom-baut-arbeitsplatze-ab\/#breadcrumb","itemListElement":[{"@type":"ListItem","position":1,"name":"Home","item":"https:\/\/bloggingtom.ch\/blog\/"},{"@type":"ListItem","position":2,"name":"Cablecom baut Arbeitspl\u00e4tze ab"}]},{"@type":"WebSite","@id":"https:\/\/bloggingtom.ch\/blog\/#website","url":"https:\/\/bloggingtom.ch\/blog\/","name":"BloggingTom","description":"Die t\u00e4glichen Abenteuer im Cyberspace...","publisher":{"@id":"https:\/\/bloggingtom.ch\/blog\/#\/schema\/person\/f6c8d3d5f30c10217b69ac72723e9d1c"},"potentialAction":[{"@type":"SearchAction","target":{"@type":"EntryPoint","urlTemplate":"https:\/\/bloggingtom.ch\/blog\/?s={search_term_string}"},"query-input":{"@type":"PropertyValueSpecification","valueRequired":true,"valueName":"search_term_string"}}],"inLanguage":"de"},{"@type":["Person","Organization"],"@id":"https:\/\/bloggingtom.ch\/blog\/#\/schema\/person\/f6c8d3d5f30c10217b69ac72723e9d1c","name":"BloggingTom","image":{"@type":"ImageObject","inLanguage":"de","@id":"https:\/\/bloggingtom.ch\/blog\/#\/schema\/person\/image\/","url":"https:\/\/secure.gravatar.com\/avatar\/17c2b6a2966fc102465cf177587d359e4dac41adfaab355352baee5d5d46f277?s=96&d=mm&r=g","contentUrl":"https:\/\/secure.gravatar.com\/avatar\/17c2b6a2966fc102465cf177587d359e4dac41adfaab355352baee5d5d46f277?s=96&d=mm&r=g","caption":"BloggingTom"},"logo":{"@id":"https:\/\/bloggingtom.ch\/blog\/#\/schema\/person\/image\/"},"sameAs":["http:\/\/bloggingtom.ch"],"url":"https:\/\/bloggingtom.ch\/blog\/archives\/author\/bloggingtom\/"}]}},"jetpack_featured_media_url":"","jetpack_shortlink":"https:\/\/wp.me\/pa6Ev-6I","jetpack_likes_enabled":true,"jetpack_sharing_enabled":true,"_links":{"self":[{"href":"https:\/\/bloggingtom.ch\/blog\/wp-json\/wp\/v2\/posts\/416","targetHints":{"allow":["GET"]}}],"collection":[{"href":"https:\/\/bloggingtom.ch\/blog\/wp-json\/wp\/v2\/posts"}],"about":[{"href":"https:\/\/bloggingtom.ch\/blog\/wp-json\/wp\/v2\/types\/post"}],"author":[{"embeddable":true,"href":"https:\/\/bloggingtom.ch\/blog\/wp-json\/wp\/v2\/users\/1"}],"replies":[{"embeddable":true,"href":"https:\/\/bloggingtom.ch\/blog\/wp-json\/wp\/v2\/comments?post=416"}],"version-history":[{"count":0,"href":"https:\/\/bloggingtom.ch\/blog\/wp-json\/wp\/v2\/posts\/416\/revisions"}],"wp:attachment":[{"href":"https:\/\/bloggingtom.ch\/blog\/wp-json\/wp\/v2\/media?parent=416"}],"wp:term":[{"taxonomy":"category","embeddable":true,"href":"https:\/\/bloggingtom.ch\/blog\/wp-json\/wp\/v2\/categories?post=416"},{"taxonomy":"post_tag","embeddable":true,"href":"https:\/\/bloggingtom.ch\/blog\/wp-json\/wp\/v2\/tags?post=416"}],"curies":[{"name":"wp","href":"https:\/\/api.w.org\/{rel}","templated":true}]}}