{"id":3554,"date":"2013-11-14T08:30:34","date_gmt":"2013-11-14T07:30:34","guid":{"rendered":"http:\/\/bloggingtom.ch\/?p=3554"},"modified":"2013-11-14T07:58:29","modified_gmt":"2013-11-14T06:58:29","slug":"15-dezember-offlineday","status":"publish","type":"post","link":"https:\/\/bloggingtom.ch\/blog\/archives\/2013\/11\/14\/15-dezember-offlineday\/","title":{"rendered":"Der 15. Dezember 2013 wird zum #offlineDay!"},"content":{"rendered":"<p>Internet und Social-Media geh\u00f6ren f\u00fcr mich zum t\u00e4glichen Leben \u2013 angefangen kurz nach dem Aufstehen, bis ich kurz vor dem zu Bett gehen nochmals die Kan\u00e4le checke. Ich z\u00fccke wie selbstverst\u00e4ndlich zu allen m\u00f6glichen (und unm\u00f6glichen) Gelegenheiten mein Handy. Nicht zum telefonieren, sondern um &#8222;online zu sein&#8220;. Mal schnell einen Link <a href=\"https:\/\/twitter.com\/bloggingtom\" title=\"BloggingTom auf Twitter\" target=\"_blank\">twittern<\/a>, einen Schnappschuss <a href=\"https:\/\/www.facebook.com\/tom.bruehwiler\" target=\"_blank\">auf Facebook posten<\/a> und um einfach dabei zu sein \u2013 man will ja nichts verpassen. Doch muss das wirklich sein? Geht &#8222;offline&#8220; eigentlich noch? <\/p>\n<p>Finde es mit <a href=\"http:\/\/swiss-kyburz.ch\/am-15-dezember-mache-ich-einen-offlineday\" target=\"_blank\">Kevin<\/a> und mir zusammen heraus!<\/p>\n<p><img loading=\"lazy\" decoding=\"async\" src=\"http:\/\/bloggingtom.ch\/wp-content\/uploads\/2013\/11\/logo_offlineday_rgb.png\" alt=\"Mach mit! Am 15. Dezember 2013 ist #offlineDay\" width=\"465\" height=\"271\" class=\"alignnone size-full wp-image-3570\" srcset=\"https:\/\/bloggingtom.ch\/blog\/wp-content\/uploads\/2013\/11\/logo_offlineday_rgb.png 465w, https:\/\/bloggingtom.ch\/blog\/wp-content\/uploads\/2013\/11\/logo_offlineday_rgb-300x174.png 300w\" sizes=\"auto, (max-width: 465px) 100vw, 465px\" \/><\/p>\n<p><strong>Am 15. Dezember 2013 sind wir f\u00fcr 24 Stunden offline. <\/strong><br \/>\nKein Internet weit und breit &#8211; das heisst die Datenfunktion am Handy deaktiviert und die Stromzufuhr des Routers zuhause ist unterbrochen.<\/p>\n<p><strong>Macht mit!<\/strong><br \/>\nWir freuen uns, wenn sich m\u00f6glichst viele von euch anschliessen und mal wieder einen Tag komplett ohne Internet verbringen. <\/p>\n<p>Verbringt den Tag offline \u2013 mit Freunden und Familie, zu Hause, in der Natur, im Lieblingsrestaurant. Egal wie, egal wo: Lasst den Computer aus und Smartphone und Tablets ausgeschaltet. Beobachtet euch und euer Umfeld: Was wird anders \/ schwieriger \/ einfacher, wenn ihr euch offline darum k\u00fcmmert? Wo f\u00fchlt ihr euch sicherer als online? Wo empfindet ihr Einschr\u00e4nkungen? Gewinnt ihr Zeit \u2013 oder verliert ihr solche? Was nehmt ihr nach 24 Stunden mit? Gibt es Dinge, die ihr auch in Zukunft vermehrt offline anpackt? Ver\u00e4ndert sich euer Online-Verhalten? Wenn ja: inwiefern?<\/p>\n<p><strong>Schreibt und bloggt \u00fcber eure Erfahrungen!<\/strong><br \/>\nNiemand will einen dauerhaften Online-Verzicht \u2013 schon gar nicht Kevin und ich (ja, wir k\u00f6nnen fast nicht ohne&#8230;). Im Gegenteil: Nutzt diesen Anstoss, um euch in euren Blogs, auf Facebook, Twitter oder Google+ \u00fcber diese Themen und eure Erfahrungen mit dem #offlineDay auszutauschen. <\/p>\n<p><strong>Aber nat\u00fcrlich NICHT am 15. Dezember 2013!<\/strong><\/p>\n<p>Wir freuen uns, wenn ganz viele von euch mitmachen!<\/p>\n<p>Einen herzlichen Dank geht an <a href=\"http:\/\/kupferschmied.ch\/\" title=\"Kupferschmied - Werkstatt f\u00fcr gediegene Kommunikation\" target=\"_blank\">Thomas Kupferschmied<\/a>, der uns unkompliziert und rasend schnell zu einem Logo verholfen hat. Danke!<\/p>\n","protected":false},"excerpt":{"rendered":"<p>Internet und Social-Media geh\u00f6ren f\u00fcr mich zum t\u00e4glichen Leben \u2013 angefangen kurz nach dem Aufstehen, bis ich kurz vor dem zu Bett gehen nochmals die Kan\u00e4le checke. Ich z\u00fccke wie selbstverst\u00e4ndlich zu allen m\u00f6glichen (und unm\u00f6glichen) Gelegenheiten mein Handy. Nicht zum telefonieren, sondern um &#8222;online zu sein&#8220;. Mal schnell einen Link twittern, einen Schnappschuss auf [&hellip;]<\/p>\n","protected":false},"author":1,"featured_media":0,"comment_status":"open","ping_status":"open","sticky":false,"template":"","format":"standard","meta":{"twitterCardType":"","cardImageID":0,"cardImage":"","cardTitle":"","cardDesc":"","cardImageAlt":"","cardPlayer":"","cardPlayerWidth":0,"cardPlayerHeight":0,"cardPlayerStream":"","cardPlayerCodec":"","_jetpack_memberships_contains_paid_content":false,"footnotes":""},"categories":[2955],"tags":[301,3388],"class_list":["post-3554","post","type-post","status-publish","format-standard","hentry","category-events-veranstaltungen","tag-offline","tag-offlineday"],"yoast_head":"<!-- This site is optimized with the Yoast SEO plugin v27.1.1 - https:\/\/yoast.com\/product\/yoast-seo-wordpress\/ -->\n<title>Der 15. Dezember 2013 wird zum #offlineDay! - BloggingTom<\/title>\n<meta name=\"robots\" content=\"index, follow, max-snippet:-1, max-image-preview:large, max-video-preview:-1\" \/>\n<link rel=\"canonical\" href=\"https:\/\/bloggingtom.ch\/blog\/archives\/2013\/11\/14\/15-dezember-offlineday\/\" \/>\n<meta name=\"twitter:label1\" content=\"Verfasst von\" \/>\n\t<meta name=\"twitter:data1\" content=\"BloggingTom\" \/>\n\t<meta name=\"twitter:label2\" content=\"Gesch\u00e4tzte Lesezeit\" \/>\n\t<meta name=\"twitter:data2\" content=\"2\u00a0Minuten\" \/>\n<script type=\"application\/ld+json\" class=\"yoast-schema-graph\">{\"@context\":\"https:\/\/schema.org\",\"@graph\":[{\"@type\":\"Article\",\"@id\":\"https:\/\/bloggingtom.ch\/blog\/archives\/2013\/11\/14\/15-dezember-offlineday\/#article\",\"isPartOf\":{\"@id\":\"https:\/\/bloggingtom.ch\/blog\/archives\/2013\/11\/14\/15-dezember-offlineday\/\"},\"author\":{\"name\":\"BloggingTom\",\"@id\":\"https:\/\/bloggingtom.ch\/blog\/#\/schema\/person\/f6c8d3d5f30c10217b69ac72723e9d1c\"},\"headline\":\"Der 15. Dezember 2013 wird zum #offlineDay!\",\"datePublished\":\"2013-11-14T07:30:34+00:00\",\"mainEntityOfPage\":{\"@id\":\"https:\/\/bloggingtom.ch\/blog\/archives\/2013\/11\/14\/15-dezember-offlineday\/\"},\"wordCount\":321,\"commentCount\":40,\"publisher\":{\"@id\":\"https:\/\/bloggingtom.ch\/blog\/#\/schema\/person\/f6c8d3d5f30c10217b69ac72723e9d1c\"},\"image\":{\"@id\":\"https:\/\/bloggingtom.ch\/blog\/archives\/2013\/11\/14\/15-dezember-offlineday\/#primaryimage\"},\"thumbnailUrl\":\"http:\/\/bloggingtom.ch\/wp-content\/uploads\/2013\/11\/logo_offlineday_rgb.png\",\"keywords\":[\"offline\",\"OfflineDay\"],\"articleSection\":[\"Events &amp; Veranstaltungen\"],\"inLanguage\":\"de\",\"potentialAction\":[{\"@type\":\"CommentAction\",\"name\":\"Comment\",\"target\":[\"https:\/\/bloggingtom.ch\/blog\/archives\/2013\/11\/14\/15-dezember-offlineday\/#respond\"]}]},{\"@type\":\"WebPage\",\"@id\":\"https:\/\/bloggingtom.ch\/blog\/archives\/2013\/11\/14\/15-dezember-offlineday\/\",\"url\":\"https:\/\/bloggingtom.ch\/blog\/archives\/2013\/11\/14\/15-dezember-offlineday\/\",\"name\":\"Der 15. Dezember 2013 wird zum #offlineDay! - BloggingTom\",\"isPartOf\":{\"@id\":\"https:\/\/bloggingtom.ch\/blog\/#website\"},\"primaryImageOfPage\":{\"@id\":\"https:\/\/bloggingtom.ch\/blog\/archives\/2013\/11\/14\/15-dezember-offlineday\/#primaryimage\"},\"image\":{\"@id\":\"https:\/\/bloggingtom.ch\/blog\/archives\/2013\/11\/14\/15-dezember-offlineday\/#primaryimage\"},\"thumbnailUrl\":\"http:\/\/bloggingtom.ch\/wp-content\/uploads\/2013\/11\/logo_offlineday_rgb.png\",\"datePublished\":\"2013-11-14T07:30:34+00:00\",\"breadcrumb\":{\"@id\":\"https:\/\/bloggingtom.ch\/blog\/archives\/2013\/11\/14\/15-dezember-offlineday\/#breadcrumb\"},\"inLanguage\":\"de\",\"potentialAction\":[{\"@type\":\"ReadAction\",\"target\":[\"https:\/\/bloggingtom.ch\/blog\/archives\/2013\/11\/14\/15-dezember-offlineday\/\"]}]},{\"@type\":\"ImageObject\",\"inLanguage\":\"de\",\"@id\":\"https:\/\/bloggingtom.ch\/blog\/archives\/2013\/11\/14\/15-dezember-offlineday\/#primaryimage\",\"url\":\"http:\/\/bloggingtom.ch\/wp-content\/uploads\/2013\/11\/logo_offlineday_rgb.png\",\"contentUrl\":\"http:\/\/bloggingtom.ch\/wp-content\/uploads\/2013\/11\/logo_offlineday_rgb.png\"},{\"@type\":\"BreadcrumbList\",\"@id\":\"https:\/\/bloggingtom.ch\/blog\/archives\/2013\/11\/14\/15-dezember-offlineday\/#breadcrumb\",\"itemListElement\":[{\"@type\":\"ListItem\",\"position\":1,\"name\":\"Home\",\"item\":\"https:\/\/bloggingtom.ch\/blog\/\"},{\"@type\":\"ListItem\",\"position\":2,\"name\":\"Der 15. Dezember 2013 wird zum #offlineDay!\"}]},{\"@type\":\"WebSite\",\"@id\":\"https:\/\/bloggingtom.ch\/blog\/#website\",\"url\":\"https:\/\/bloggingtom.ch\/blog\/\",\"name\":\"BloggingTom\",\"description\":\"Die t\u00e4glichen Abenteuer im Cyberspace...\",\"publisher\":{\"@id\":\"https:\/\/bloggingtom.ch\/blog\/#\/schema\/person\/f6c8d3d5f30c10217b69ac72723e9d1c\"},\"potentialAction\":[{\"@type\":\"SearchAction\",\"target\":{\"@type\":\"EntryPoint\",\"urlTemplate\":\"https:\/\/bloggingtom.ch\/blog\/?s={search_term_string}\"},\"query-input\":{\"@type\":\"PropertyValueSpecification\",\"valueRequired\":true,\"valueName\":\"search_term_string\"}}],\"inLanguage\":\"de\"},{\"@type\":[\"Person\",\"Organization\"],\"@id\":\"https:\/\/bloggingtom.ch\/blog\/#\/schema\/person\/f6c8d3d5f30c10217b69ac72723e9d1c\",\"name\":\"BloggingTom\",\"image\":{\"@type\":\"ImageObject\",\"inLanguage\":\"de\",\"@id\":\"https:\/\/bloggingtom.ch\/blog\/#\/schema\/person\/image\/\",\"url\":\"https:\/\/secure.gravatar.com\/avatar\/17c2b6a2966fc102465cf177587d359e4dac41adfaab355352baee5d5d46f277?s=96&d=mm&r=g\",\"contentUrl\":\"https:\/\/secure.gravatar.com\/avatar\/17c2b6a2966fc102465cf177587d359e4dac41adfaab355352baee5d5d46f277?s=96&d=mm&r=g\",\"caption\":\"BloggingTom\"},\"logo\":{\"@id\":\"https:\/\/bloggingtom.ch\/blog\/#\/schema\/person\/image\/\"},\"sameAs\":[\"http:\/\/bloggingtom.ch\"],\"url\":\"https:\/\/bloggingtom.ch\/blog\/archives\/author\/bloggingtom\/\"}]}<\/script>\n<!-- \/ Yoast SEO plugin. -->","yoast_head_json":{"title":"Der 15. Dezember 2013 wird zum #offlineDay! - BloggingTom","robots":{"index":"index","follow":"follow","max-snippet":"max-snippet:-1","max-image-preview":"max-image-preview:large","max-video-preview":"max-video-preview:-1"},"canonical":"https:\/\/bloggingtom.ch\/blog\/archives\/2013\/11\/14\/15-dezember-offlineday\/","twitter_misc":{"Verfasst von":"BloggingTom","Gesch\u00e4tzte Lesezeit":"2\u00a0Minuten"},"schema":{"@context":"https:\/\/schema.org","@graph":[{"@type":"Article","@id":"https:\/\/bloggingtom.ch\/blog\/archives\/2013\/11\/14\/15-dezember-offlineday\/#article","isPartOf":{"@id":"https:\/\/bloggingtom.ch\/blog\/archives\/2013\/11\/14\/15-dezember-offlineday\/"},"author":{"name":"BloggingTom","@id":"https:\/\/bloggingtom.ch\/blog\/#\/schema\/person\/f6c8d3d5f30c10217b69ac72723e9d1c"},"headline":"Der 15. Dezember 2013 wird zum #offlineDay!","datePublished":"2013-11-14T07:30:34+00:00","mainEntityOfPage":{"@id":"https:\/\/bloggingtom.ch\/blog\/archives\/2013\/11\/14\/15-dezember-offlineday\/"},"wordCount":321,"commentCount":40,"publisher":{"@id":"https:\/\/bloggingtom.ch\/blog\/#\/schema\/person\/f6c8d3d5f30c10217b69ac72723e9d1c"},"image":{"@id":"https:\/\/bloggingtom.ch\/blog\/archives\/2013\/11\/14\/15-dezember-offlineday\/#primaryimage"},"thumbnailUrl":"http:\/\/bloggingtom.ch\/wp-content\/uploads\/2013\/11\/logo_offlineday_rgb.png","keywords":["offline","OfflineDay"],"articleSection":["Events &amp; Veranstaltungen"],"inLanguage":"de","potentialAction":[{"@type":"CommentAction","name":"Comment","target":["https:\/\/bloggingtom.ch\/blog\/archives\/2013\/11\/14\/15-dezember-offlineday\/#respond"]}]},{"@type":"WebPage","@id":"https:\/\/bloggingtom.ch\/blog\/archives\/2013\/11\/14\/15-dezember-offlineday\/","url":"https:\/\/bloggingtom.ch\/blog\/archives\/2013\/11\/14\/15-dezember-offlineday\/","name":"Der 15. Dezember 2013 wird zum #offlineDay! - BloggingTom","isPartOf":{"@id":"https:\/\/bloggingtom.ch\/blog\/#website"},"primaryImageOfPage":{"@id":"https:\/\/bloggingtom.ch\/blog\/archives\/2013\/11\/14\/15-dezember-offlineday\/#primaryimage"},"image":{"@id":"https:\/\/bloggingtom.ch\/blog\/archives\/2013\/11\/14\/15-dezember-offlineday\/#primaryimage"},"thumbnailUrl":"http:\/\/bloggingtom.ch\/wp-content\/uploads\/2013\/11\/logo_offlineday_rgb.png","datePublished":"2013-11-14T07:30:34+00:00","breadcrumb":{"@id":"https:\/\/bloggingtom.ch\/blog\/archives\/2013\/11\/14\/15-dezember-offlineday\/#breadcrumb"},"inLanguage":"de","potentialAction":[{"@type":"ReadAction","target":["https:\/\/bloggingtom.ch\/blog\/archives\/2013\/11\/14\/15-dezember-offlineday\/"]}]},{"@type":"ImageObject","inLanguage":"de","@id":"https:\/\/bloggingtom.ch\/blog\/archives\/2013\/11\/14\/15-dezember-offlineday\/#primaryimage","url":"http:\/\/bloggingtom.ch\/wp-content\/uploads\/2013\/11\/logo_offlineday_rgb.png","contentUrl":"http:\/\/bloggingtom.ch\/wp-content\/uploads\/2013\/11\/logo_offlineday_rgb.png"},{"@type":"BreadcrumbList","@id":"https:\/\/bloggingtom.ch\/blog\/archives\/2013\/11\/14\/15-dezember-offlineday\/#breadcrumb","itemListElement":[{"@type":"ListItem","position":1,"name":"Home","item":"https:\/\/bloggingtom.ch\/blog\/"},{"@type":"ListItem","position":2,"name":"Der 15. Dezember 2013 wird zum #offlineDay!"}]},{"@type":"WebSite","@id":"https:\/\/bloggingtom.ch\/blog\/#website","url":"https:\/\/bloggingtom.ch\/blog\/","name":"BloggingTom","description":"Die t\u00e4glichen Abenteuer im Cyberspace...","publisher":{"@id":"https:\/\/bloggingtom.ch\/blog\/#\/schema\/person\/f6c8d3d5f30c10217b69ac72723e9d1c"},"potentialAction":[{"@type":"SearchAction","target":{"@type":"EntryPoint","urlTemplate":"https:\/\/bloggingtom.ch\/blog\/?s={search_term_string}"},"query-input":{"@type":"PropertyValueSpecification","valueRequired":true,"valueName":"search_term_string"}}],"inLanguage":"de"},{"@type":["Person","Organization"],"@id":"https:\/\/bloggingtom.ch\/blog\/#\/schema\/person\/f6c8d3d5f30c10217b69ac72723e9d1c","name":"BloggingTom","image":{"@type":"ImageObject","inLanguage":"de","@id":"https:\/\/bloggingtom.ch\/blog\/#\/schema\/person\/image\/","url":"https:\/\/secure.gravatar.com\/avatar\/17c2b6a2966fc102465cf177587d359e4dac41adfaab355352baee5d5d46f277?s=96&d=mm&r=g","contentUrl":"https:\/\/secure.gravatar.com\/avatar\/17c2b6a2966fc102465cf177587d359e4dac41adfaab355352baee5d5d46f277?s=96&d=mm&r=g","caption":"BloggingTom"},"logo":{"@id":"https:\/\/bloggingtom.ch\/blog\/#\/schema\/person\/image\/"},"sameAs":["http:\/\/bloggingtom.ch"],"url":"https:\/\/bloggingtom.ch\/blog\/archives\/author\/bloggingtom\/"}]}},"jetpack_featured_media_url":"","jetpack_shortlink":"https:\/\/wp.me\/pa6Ev-Vk","jetpack_likes_enabled":true,"jetpack_sharing_enabled":true,"_links":{"self":[{"href":"https:\/\/bloggingtom.ch\/blog\/wp-json\/wp\/v2\/posts\/3554","targetHints":{"allow":["GET"]}}],"collection":[{"href":"https:\/\/bloggingtom.ch\/blog\/wp-json\/wp\/v2\/posts"}],"about":[{"href":"https:\/\/bloggingtom.ch\/blog\/wp-json\/wp\/v2\/types\/post"}],"author":[{"embeddable":true,"href":"https:\/\/bloggingtom.ch\/blog\/wp-json\/wp\/v2\/users\/1"}],"replies":[{"embeddable":true,"href":"https:\/\/bloggingtom.ch\/blog\/wp-json\/wp\/v2\/comments?post=3554"}],"version-history":[{"count":21,"href":"https:\/\/bloggingtom.ch\/blog\/wp-json\/wp\/v2\/posts\/3554\/revisions"}],"predecessor-version":[{"id":3577,"href":"https:\/\/bloggingtom.ch\/blog\/wp-json\/wp\/v2\/posts\/3554\/revisions\/3577"}],"wp:attachment":[{"href":"https:\/\/bloggingtom.ch\/blog\/wp-json\/wp\/v2\/media?parent=3554"}],"wp:term":[{"taxonomy":"category","embeddable":true,"href":"https:\/\/bloggingtom.ch\/blog\/wp-json\/wp\/v2\/categories?post=3554"},{"taxonomy":"post_tag","embeddable":true,"href":"https:\/\/bloggingtom.ch\/blog\/wp-json\/wp\/v2\/tags?post=3554"}],"curies":[{"name":"wp","href":"https:\/\/api.w.org\/{rel}","templated":true}]}}