{"id":3349,"date":"2012-08-12T10:49:09","date_gmt":"2012-08-12T09:49:09","guid":{"rendered":"http:\/\/bloggingtom.ch\/?p=3349"},"modified":"2012-08-13T12:51:17","modified_gmt":"2012-08-13T11:51:17","slug":"medaillentraum-ade","status":"publish","type":"post","link":"https:\/\/bloggingtom.ch\/blog\/archives\/2012\/08\/12\/medaillentraum-ade\/","title":{"rendered":"Medaillentraum ade!"},"content":{"rendered":"<p>Dass in sozialen Medien nicht immer alles ganz so klappt wie man sich das vorstellt, musste vergangene Woche auch die SonntagsZeitung merken. <a href=\"https:\/\/www.facebook.com\/questions\/406183176095805\/\" target=\"_blank\">Auf Ihrer Facebook-Umfrage<\/a>, wer denn der Schweizer Sportler, der an Olympia Social-Media-Kan\u00e4le am besten nutze, tauchte n\u00e4mlich pl\u00f6tzlich eine andere Sportskanone auf, die sich nicht mal von Fabian Cancellara \u00fcberrunden liess:<\/p>\n<p><a href=\"http:\/\/bloggingtom.ch\/wp-content\/uploads\/2012\/08\/20120812-umfrage-sonntagszeitung.jpg\"><img loading=\"lazy\" decoding=\"async\" src=\"http:\/\/bloggingtom.ch\/wp-content\/uploads\/2012\/08\/20120812-umfrage-sonntagszeitung.jpg\" alt=\"\" title=\"Facebook-Umfrage SonntagsZeitung\" width=\"465\" height=\"257\" class=\"aligncenter size-full wp-image-3350\" srcset=\"https:\/\/bloggingtom.ch\/blog\/wp-content\/uploads\/2012\/08\/20120812-umfrage-sonntagszeitung.jpg 465w, https:\/\/bloggingtom.ch\/blog\/wp-content\/uploads\/2012\/08\/20120812-umfrage-sonntagszeitung-300x165.jpg 300w\" sizes=\"auto, (max-width: 465px) 100vw, 465px\" \/><\/a><\/p>\n<p>Allerdings: Mein Medaillentraum war schnell ausgetr\u00e4umt, wie ein Blick in die heutige Zeitung zeigt&#8230;<\/p>\n<p><a href=\"http:\/\/bloggingtom.ch\/wp-content\/uploads\/2012\/08\/20120812-sonntagszeitung-disqualifiziert1.jpg\"><img loading=\"lazy\" decoding=\"async\" src=\"http:\/\/bloggingtom.ch\/wp-content\/uploads\/2012\/08\/20120812-sonntagszeitung-disqualifiziert1.jpg\" alt=\"\" title=\"BloggingTom nicht an Olympia: Disqualifiziert\" width=\"465\" height=\"515\" class=\"aligncenter size-full wp-image-3351\" srcset=\"https:\/\/bloggingtom.ch\/blog\/wp-content\/uploads\/2012\/08\/20120812-sonntagszeitung-disqualifiziert1.jpg 465w, https:\/\/bloggingtom.ch\/blog\/wp-content\/uploads\/2012\/08\/20120812-sonntagszeitung-disqualifiziert1-270x300.jpg 270w\" sizes=\"auto, (max-width: 465px) 100vw, 465px\" \/><\/a><\/p>\n<p>Immerhin: Vielleicht sollte ich mir mal Gedanken zu einem Namens-Rebranding machen&#8230;<\/p>\n","protected":false},"excerpt":{"rendered":"<p>Dass in sozialen Medien nicht immer alles ganz so klappt wie man sich das vorstellt, musste vergangene Woche auch die SonntagsZeitung merken. Auf Ihrer Facebook-Umfrage, wer denn der Schweizer Sportler, der an Olympia Social-Media-Kan\u00e4le am besten nutze, tauchte n\u00e4mlich pl\u00f6tzlich eine andere Sportskanone auf, die sich nicht mal von Fabian Cancellara \u00fcberrunden liess: Allerdings: Mein [&hellip;]<\/p>\n","protected":false},"author":1,"featured_media":0,"comment_status":"open","ping_status":"open","sticky":false,"template":"","format":"standard","meta":{"twitterCardType":"","cardImageID":0,"cardImage":"","cardTitle":"","cardDesc":"","cardImageAlt":"","cardPlayer":"","cardPlayerWidth":0,"cardPlayerHeight":0,"cardPlayerStream":"","cardPlayerCodec":"","_jetpack_memberships_contains_paid_content":false,"footnotes":""},"categories":[1],"tags":[3246,1755],"class_list":["post-3349","post","type-post","status-publish","format-standard","hentry","category-home","tag-social-media","tag-sonntagszeitung"],"yoast_head":"<!-- This site is optimized with the Yoast SEO plugin v27.1.1 - https:\/\/yoast.com\/product\/yoast-seo-wordpress\/ -->\n<title>Medaillentraum ade! - BloggingTom<\/title>\n<meta name=\"robots\" content=\"index, follow, max-snippet:-1, max-image-preview:large, max-video-preview:-1\" \/>\n<link rel=\"canonical\" href=\"https:\/\/bloggingtom.ch\/blog\/archives\/2012\/08\/12\/medaillentraum-ade\/\" \/>\n<meta name=\"twitter:label1\" content=\"Verfasst von\" \/>\n\t<meta name=\"twitter:data1\" content=\"BloggingTom\" \/>\n<script type=\"application\/ld+json\" class=\"yoast-schema-graph\">{\"@context\":\"https:\/\/schema.org\",\"@graph\":[{\"@type\":\"Article\",\"@id\":\"https:\/\/bloggingtom.ch\/blog\/archives\/2012\/08\/12\/medaillentraum-ade\/#article\",\"isPartOf\":{\"@id\":\"https:\/\/bloggingtom.ch\/blog\/archives\/2012\/08\/12\/medaillentraum-ade\/\"},\"author\":{\"name\":\"BloggingTom\",\"@id\":\"https:\/\/bloggingtom.ch\/blog\/#\/schema\/person\/f6c8d3d5f30c10217b69ac72723e9d1c\"},\"headline\":\"Medaillentraum ade!\",\"datePublished\":\"2012-08-12T09:49:09+00:00\",\"dateModified\":\"2012-08-13T11:51:17+00:00\",\"mainEntityOfPage\":{\"@id\":\"https:\/\/bloggingtom.ch\/blog\/archives\/2012\/08\/12\/medaillentraum-ade\/\"},\"wordCount\":84,\"commentCount\":2,\"publisher\":{\"@id\":\"https:\/\/bloggingtom.ch\/blog\/#\/schema\/person\/f6c8d3d5f30c10217b69ac72723e9d1c\"},\"image\":{\"@id\":\"https:\/\/bloggingtom.ch\/blog\/archives\/2012\/08\/12\/medaillentraum-ade\/#primaryimage\"},\"thumbnailUrl\":\"http:\/\/bloggingtom.ch\/wp-content\/uploads\/2012\/08\/20120812-umfrage-sonntagszeitung.jpg\",\"keywords\":[\"social media\",\"sonntagszeitung\"],\"articleSection\":[\"Dies und Das\"],\"inLanguage\":\"de\",\"potentialAction\":[{\"@type\":\"CommentAction\",\"name\":\"Comment\",\"target\":[\"https:\/\/bloggingtom.ch\/blog\/archives\/2012\/08\/12\/medaillentraum-ade\/#respond\"]}]},{\"@type\":\"WebPage\",\"@id\":\"https:\/\/bloggingtom.ch\/blog\/archives\/2012\/08\/12\/medaillentraum-ade\/\",\"url\":\"https:\/\/bloggingtom.ch\/blog\/archives\/2012\/08\/12\/medaillentraum-ade\/\",\"name\":\"Medaillentraum ade! - BloggingTom\",\"isPartOf\":{\"@id\":\"https:\/\/bloggingtom.ch\/blog\/#website\"},\"primaryImageOfPage\":{\"@id\":\"https:\/\/bloggingtom.ch\/blog\/archives\/2012\/08\/12\/medaillentraum-ade\/#primaryimage\"},\"image\":{\"@id\":\"https:\/\/bloggingtom.ch\/blog\/archives\/2012\/08\/12\/medaillentraum-ade\/#primaryimage\"},\"thumbnailUrl\":\"http:\/\/bloggingtom.ch\/wp-content\/uploads\/2012\/08\/20120812-umfrage-sonntagszeitung.jpg\",\"datePublished\":\"2012-08-12T09:49:09+00:00\",\"dateModified\":\"2012-08-13T11:51:17+00:00\",\"breadcrumb\":{\"@id\":\"https:\/\/bloggingtom.ch\/blog\/archives\/2012\/08\/12\/medaillentraum-ade\/#breadcrumb\"},\"inLanguage\":\"de\",\"potentialAction\":[{\"@type\":\"ReadAction\",\"target\":[\"https:\/\/bloggingtom.ch\/blog\/archives\/2012\/08\/12\/medaillentraum-ade\/\"]}]},{\"@type\":\"ImageObject\",\"inLanguage\":\"de\",\"@id\":\"https:\/\/bloggingtom.ch\/blog\/archives\/2012\/08\/12\/medaillentraum-ade\/#primaryimage\",\"url\":\"http:\/\/bloggingtom.ch\/wp-content\/uploads\/2012\/08\/20120812-umfrage-sonntagszeitung.jpg\",\"contentUrl\":\"http:\/\/bloggingtom.ch\/wp-content\/uploads\/2012\/08\/20120812-umfrage-sonntagszeitung.jpg\"},{\"@type\":\"BreadcrumbList\",\"@id\":\"https:\/\/bloggingtom.ch\/blog\/archives\/2012\/08\/12\/medaillentraum-ade\/#breadcrumb\",\"itemListElement\":[{\"@type\":\"ListItem\",\"position\":1,\"name\":\"Home\",\"item\":\"https:\/\/bloggingtom.ch\/blog\/\"},{\"@type\":\"ListItem\",\"position\":2,\"name\":\"Medaillentraum ade!\"}]},{\"@type\":\"WebSite\",\"@id\":\"https:\/\/bloggingtom.ch\/blog\/#website\",\"url\":\"https:\/\/bloggingtom.ch\/blog\/\",\"name\":\"BloggingTom\",\"description\":\"Die t\u00e4glichen Abenteuer im Cyberspace...\",\"publisher\":{\"@id\":\"https:\/\/bloggingtom.ch\/blog\/#\/schema\/person\/f6c8d3d5f30c10217b69ac72723e9d1c\"},\"potentialAction\":[{\"@type\":\"SearchAction\",\"target\":{\"@type\":\"EntryPoint\",\"urlTemplate\":\"https:\/\/bloggingtom.ch\/blog\/?s={search_term_string}\"},\"query-input\":{\"@type\":\"PropertyValueSpecification\",\"valueRequired\":true,\"valueName\":\"search_term_string\"}}],\"inLanguage\":\"de\"},{\"@type\":[\"Person\",\"Organization\"],\"@id\":\"https:\/\/bloggingtom.ch\/blog\/#\/schema\/person\/f6c8d3d5f30c10217b69ac72723e9d1c\",\"name\":\"BloggingTom\",\"image\":{\"@type\":\"ImageObject\",\"inLanguage\":\"de\",\"@id\":\"https:\/\/bloggingtom.ch\/blog\/#\/schema\/person\/image\/\",\"url\":\"https:\/\/secure.gravatar.com\/avatar\/17c2b6a2966fc102465cf177587d359e4dac41adfaab355352baee5d5d46f277?s=96&d=mm&r=g\",\"contentUrl\":\"https:\/\/secure.gravatar.com\/avatar\/17c2b6a2966fc102465cf177587d359e4dac41adfaab355352baee5d5d46f277?s=96&d=mm&r=g\",\"caption\":\"BloggingTom\"},\"logo\":{\"@id\":\"https:\/\/bloggingtom.ch\/blog\/#\/schema\/person\/image\/\"},\"sameAs\":[\"http:\/\/bloggingtom.ch\"],\"url\":\"https:\/\/bloggingtom.ch\/blog\/archives\/author\/bloggingtom\/\"}]}<\/script>\n<!-- \/ Yoast SEO plugin. -->","yoast_head_json":{"title":"Medaillentraum ade! - BloggingTom","robots":{"index":"index","follow":"follow","max-snippet":"max-snippet:-1","max-image-preview":"max-image-preview:large","max-video-preview":"max-video-preview:-1"},"canonical":"https:\/\/bloggingtom.ch\/blog\/archives\/2012\/08\/12\/medaillentraum-ade\/","twitter_misc":{"Verfasst von":"BloggingTom"},"schema":{"@context":"https:\/\/schema.org","@graph":[{"@type":"Article","@id":"https:\/\/bloggingtom.ch\/blog\/archives\/2012\/08\/12\/medaillentraum-ade\/#article","isPartOf":{"@id":"https:\/\/bloggingtom.ch\/blog\/archives\/2012\/08\/12\/medaillentraum-ade\/"},"author":{"name":"BloggingTom","@id":"https:\/\/bloggingtom.ch\/blog\/#\/schema\/person\/f6c8d3d5f30c10217b69ac72723e9d1c"},"headline":"Medaillentraum ade!","datePublished":"2012-08-12T09:49:09+00:00","dateModified":"2012-08-13T11:51:17+00:00","mainEntityOfPage":{"@id":"https:\/\/bloggingtom.ch\/blog\/archives\/2012\/08\/12\/medaillentraum-ade\/"},"wordCount":84,"commentCount":2,"publisher":{"@id":"https:\/\/bloggingtom.ch\/blog\/#\/schema\/person\/f6c8d3d5f30c10217b69ac72723e9d1c"},"image":{"@id":"https:\/\/bloggingtom.ch\/blog\/archives\/2012\/08\/12\/medaillentraum-ade\/#primaryimage"},"thumbnailUrl":"http:\/\/bloggingtom.ch\/wp-content\/uploads\/2012\/08\/20120812-umfrage-sonntagszeitung.jpg","keywords":["social media","sonntagszeitung"],"articleSection":["Dies und Das"],"inLanguage":"de","potentialAction":[{"@type":"CommentAction","name":"Comment","target":["https:\/\/bloggingtom.ch\/blog\/archives\/2012\/08\/12\/medaillentraum-ade\/#respond"]}]},{"@type":"WebPage","@id":"https:\/\/bloggingtom.ch\/blog\/archives\/2012\/08\/12\/medaillentraum-ade\/","url":"https:\/\/bloggingtom.ch\/blog\/archives\/2012\/08\/12\/medaillentraum-ade\/","name":"Medaillentraum ade! - BloggingTom","isPartOf":{"@id":"https:\/\/bloggingtom.ch\/blog\/#website"},"primaryImageOfPage":{"@id":"https:\/\/bloggingtom.ch\/blog\/archives\/2012\/08\/12\/medaillentraum-ade\/#primaryimage"},"image":{"@id":"https:\/\/bloggingtom.ch\/blog\/archives\/2012\/08\/12\/medaillentraum-ade\/#primaryimage"},"thumbnailUrl":"http:\/\/bloggingtom.ch\/wp-content\/uploads\/2012\/08\/20120812-umfrage-sonntagszeitung.jpg","datePublished":"2012-08-12T09:49:09+00:00","dateModified":"2012-08-13T11:51:17+00:00","breadcrumb":{"@id":"https:\/\/bloggingtom.ch\/blog\/archives\/2012\/08\/12\/medaillentraum-ade\/#breadcrumb"},"inLanguage":"de","potentialAction":[{"@type":"ReadAction","target":["https:\/\/bloggingtom.ch\/blog\/archives\/2012\/08\/12\/medaillentraum-ade\/"]}]},{"@type":"ImageObject","inLanguage":"de","@id":"https:\/\/bloggingtom.ch\/blog\/archives\/2012\/08\/12\/medaillentraum-ade\/#primaryimage","url":"http:\/\/bloggingtom.ch\/wp-content\/uploads\/2012\/08\/20120812-umfrage-sonntagszeitung.jpg","contentUrl":"http:\/\/bloggingtom.ch\/wp-content\/uploads\/2012\/08\/20120812-umfrage-sonntagszeitung.jpg"},{"@type":"BreadcrumbList","@id":"https:\/\/bloggingtom.ch\/blog\/archives\/2012\/08\/12\/medaillentraum-ade\/#breadcrumb","itemListElement":[{"@type":"ListItem","position":1,"name":"Home","item":"https:\/\/bloggingtom.ch\/blog\/"},{"@type":"ListItem","position":2,"name":"Medaillentraum ade!"}]},{"@type":"WebSite","@id":"https:\/\/bloggingtom.ch\/blog\/#website","url":"https:\/\/bloggingtom.ch\/blog\/","name":"BloggingTom","description":"Die t\u00e4glichen Abenteuer im Cyberspace...","publisher":{"@id":"https:\/\/bloggingtom.ch\/blog\/#\/schema\/person\/f6c8d3d5f30c10217b69ac72723e9d1c"},"potentialAction":[{"@type":"SearchAction","target":{"@type":"EntryPoint","urlTemplate":"https:\/\/bloggingtom.ch\/blog\/?s={search_term_string}"},"query-input":{"@type":"PropertyValueSpecification","valueRequired":true,"valueName":"search_term_string"}}],"inLanguage":"de"},{"@type":["Person","Organization"],"@id":"https:\/\/bloggingtom.ch\/blog\/#\/schema\/person\/f6c8d3d5f30c10217b69ac72723e9d1c","name":"BloggingTom","image":{"@type":"ImageObject","inLanguage":"de","@id":"https:\/\/bloggingtom.ch\/blog\/#\/schema\/person\/image\/","url":"https:\/\/secure.gravatar.com\/avatar\/17c2b6a2966fc102465cf177587d359e4dac41adfaab355352baee5d5d46f277?s=96&d=mm&r=g","contentUrl":"https:\/\/secure.gravatar.com\/avatar\/17c2b6a2966fc102465cf177587d359e4dac41adfaab355352baee5d5d46f277?s=96&d=mm&r=g","caption":"BloggingTom"},"logo":{"@id":"https:\/\/bloggingtom.ch\/blog\/#\/schema\/person\/image\/"},"sameAs":["http:\/\/bloggingtom.ch"],"url":"https:\/\/bloggingtom.ch\/blog\/archives\/author\/bloggingtom\/"}]}},"jetpack_featured_media_url":"","jetpack_shortlink":"https:\/\/wp.me\/pa6Ev-S1","jetpack_likes_enabled":true,"jetpack_sharing_enabled":true,"_links":{"self":[{"href":"https:\/\/bloggingtom.ch\/blog\/wp-json\/wp\/v2\/posts\/3349","targetHints":{"allow":["GET"]}}],"collection":[{"href":"https:\/\/bloggingtom.ch\/blog\/wp-json\/wp\/v2\/posts"}],"about":[{"href":"https:\/\/bloggingtom.ch\/blog\/wp-json\/wp\/v2\/types\/post"}],"author":[{"embeddable":true,"href":"https:\/\/bloggingtom.ch\/blog\/wp-json\/wp\/v2\/users\/1"}],"replies":[{"embeddable":true,"href":"https:\/\/bloggingtom.ch\/blog\/wp-json\/wp\/v2\/comments?post=3349"}],"version-history":[{"count":6,"href":"https:\/\/bloggingtom.ch\/blog\/wp-json\/wp\/v2\/posts\/3349\/revisions"}],"predecessor-version":[{"id":3358,"href":"https:\/\/bloggingtom.ch\/blog\/wp-json\/wp\/v2\/posts\/3349\/revisions\/3358"}],"wp:attachment":[{"href":"https:\/\/bloggingtom.ch\/blog\/wp-json\/wp\/v2\/media?parent=3349"}],"wp:term":[{"taxonomy":"category","embeddable":true,"href":"https:\/\/bloggingtom.ch\/blog\/wp-json\/wp\/v2\/categories?post=3349"},{"taxonomy":"post_tag","embeddable":true,"href":"https:\/\/bloggingtom.ch\/blog\/wp-json\/wp\/v2\/tags?post=3349"}],"curies":[{"name":"wp","href":"https:\/\/api.w.org\/{rel}","templated":true}]}}