{"id":325,"date":"2005-09-19T20:12:35","date_gmt":"2005-09-19T18:12:35","guid":{"rendered":"http:\/\/bloggingtom.ch\/?p=325"},"modified":"2005-09-19T20:41:52","modified_gmt":"2005-09-19T18:41:52","slug":"swisscom-klagt-gegen-init-seven","status":"publish","type":"post","link":"https:\/\/bloggingtom.ch\/blog\/archives\/2005\/09\/19\/swisscom-klagt-gegen-init-seven\/","title":{"rendered":"Swisscom klagt gegen Init Seven"},"content":{"rendered":"<p>Am 1. M\u00e4rz 2005 <a href=\"http:\/\/bloggingtom.ch\/archives\/2005\/03\/01\/den-grossen-gibt-man\/\" target=\"_top\" >schrieb ich<\/a> \u00fcber die Dumping-Vertr\u00e4ge, die die <a href=\"http:\/\/www.swisscom.com\" target=\"_blank\" >Swisscom<\/a> mit der <a href=\"http:\/\/www.migros.ch\" target=\"_blank\" >Migros<\/a> abgeschlossen hatte und durch ein &#8222;Leck&#8220; an die \u00d6ffentlichkeit gekommen sind. Heute nun berichtet Fredy K\u00fcnzler von <a href=\"http:\/\/www.init7.net\" target=\"_blank\" >Init Seven<\/a> ins seinem <a href=\"http:\/\/www.blogg.ch\/\" target=\"_blank\" >Blog<\/a>:<\/p>\n<blockquote><p>Es folgt eine Strafklage von Swisscom Solutions, Hausdurchsuchungen, Beschlagnahmung von Computern. Ich will die Sache erneut via Sonntagszeitung in die Medien bringen, doch diese kuscht im letzten Moment vor der \u00fcberm\u00e4chtigen Swisscom.<\/p><\/blockquote>\n<p>Interessant an der Sache ist doch, dass die Swisscom nach wie vor nach dem Leck sucht, anstatt sich (endlich) einmal zu den konkreten Vorw\u00fcrfen zu \u00e4ussern. Und offenbar scheinen auch die Medien vor der grossen Swisscom zu kuschen:<\/p>\n<blockquote><p>Am 9. September 2005 treffe ich mich mit dem Journalisten der Sonntagszeitung, der im M\u00e4rz schon die Geschichte \u00fcber den Fall geschrieben hat. Vorgesehen ist, dass die Sonntagszeitung am 18. September den Fall neu aufrollt. Ich verspreche Exklusivit\u00e4t. Der Journalist recherchiert und schreibt den Artikel fertig, wird aber in letzter Minute von der Chefredaktion gestoppt. Am 17. September um ca. 16:30 ruft er mich an, die Geschichte sei &#8222;verschoben&#8220;, es g\u00e4be &#8222;Aktualit\u00e4ten&#8220;, und deshalb werde der Platz anderweitig ben\u00f6tigt.<\/p><\/blockquote>\n<p>Wirklich unsch\u00f6n, dass sich offenbar auch unsere &#8222;unabh\u00e4ngigen&#8220; Medien einsch\u00fcchtern lassen&#8230;<\/p>\n<p>Mehr Infos:<\/p>\n<ul>\n<li><a href=\"http:\/\/www.indymedia.ch\/de\/2005\/09\/35158.shtml\" target=\"_blank\" >Fredy K\u00fcnzlers Artikel bei indimedia<\/a><\/li>\n<li><a href=\"http:\/\/www.blogg.ch\/media\/swisscom_und_das_fmg.pdf\" target=\"_blank\" >Fredy K\u00fcnzler: Goliath Swisscom schl\u00e4gt zur\u00fcck (PDF)<\/a><\/li>\n<\/ul>\n<p>(via <a href=\"http:\/\/www.relab.ch\/2005\/09\/19\/die-presse-schweigt\/\" target=\"_blank\" >relab.ch<\/a> und <a href=\"http:\/\/www.ignoranz.ch\/item\/panikaktionen-bei-der-swisscom-angst-vor-der-liberalisierung\/\" target=\"_blank\" >ignoranz.ch<\/a>)<\/p>\n","protected":false},"excerpt":{"rendered":"<p>Am 1. M\u00e4rz 2005 schrieb ich \u00fcber die Dumping-Vertr\u00e4ge, die die Swisscom mit der Migros abgeschlossen hatte und durch ein &#8222;Leck&#8220; an die \u00d6ffentlichkeit gekommen sind. Heute nun berichtet Fredy K\u00fcnzler von Init Seven ins seinem Blog: Es folgt eine Strafklage von Swisscom Solutions, Hausdurchsuchungen, Beschlagnahmung von Computern. Ich will die Sache erneut via Sonntagszeitung [&hellip;]<\/p>\n","protected":false},"author":1,"featured_media":0,"comment_status":"open","ping_status":"open","sticky":false,"template":"","format":"standard","meta":{"twitterCardType":"","cardImageID":0,"cardImage":"","cardTitle":"","cardDesc":"","cardImageAlt":"","cardPlayer":"","cardPlayerWidth":0,"cardPlayerHeight":0,"cardPlayerStream":"","cardPlayerCodec":"","_jetpack_memberships_contains_paid_content":false,"footnotes":""},"categories":[2],"tags":[35,34,968,804,967,33,32],"class_list":["post-325","post","type-post","status-publish","format-standard","hentry","category-internet","tag-adsl","tag-dumping","tag-init7","tag-justiz","tag-klage","tag-migros","tag-swisscom"],"yoast_head":"<!-- This site is optimized with the Yoast SEO plugin v27.1.1 - https:\/\/yoast.com\/product\/yoast-seo-wordpress\/ -->\n<title>Swisscom klagt gegen Init Seven - BloggingTom<\/title>\n<meta name=\"robots\" content=\"index, follow, max-snippet:-1, max-image-preview:large, max-video-preview:-1\" \/>\n<link rel=\"canonical\" href=\"https:\/\/bloggingtom.ch\/blog\/archives\/2005\/09\/19\/swisscom-klagt-gegen-init-seven\/\" \/>\n<meta name=\"twitter:label1\" content=\"Verfasst von\" \/>\n\t<meta name=\"twitter:data1\" content=\"BloggingTom\" \/>\n\t<meta name=\"twitter:label2\" content=\"Gesch\u00e4tzte Lesezeit\" \/>\n\t<meta name=\"twitter:data2\" content=\"1\u00a0Minute\" \/>\n<script type=\"application\/ld+json\" class=\"yoast-schema-graph\">{\"@context\":\"https:\/\/schema.org\",\"@graph\":[{\"@type\":\"Article\",\"@id\":\"https:\/\/bloggingtom.ch\/blog\/archives\/2005\/09\/19\/swisscom-klagt-gegen-init-seven\/#article\",\"isPartOf\":{\"@id\":\"https:\/\/bloggingtom.ch\/blog\/archives\/2005\/09\/19\/swisscom-klagt-gegen-init-seven\/\"},\"author\":{\"name\":\"BloggingTom\",\"@id\":\"https:\/\/bloggingtom.ch\/blog\/#\/schema\/person\/f6c8d3d5f30c10217b69ac72723e9d1c\"},\"headline\":\"Swisscom klagt gegen Init Seven\",\"datePublished\":\"2005-09-19T18:12:35+00:00\",\"dateModified\":\"2005-09-19T18:41:52+00:00\",\"mainEntityOfPage\":{\"@id\":\"https:\/\/bloggingtom.ch\/blog\/archives\/2005\/09\/19\/swisscom-klagt-gegen-init-seven\/\"},\"wordCount\":232,\"commentCount\":2,\"publisher\":{\"@id\":\"https:\/\/bloggingtom.ch\/blog\/#\/schema\/person\/f6c8d3d5f30c10217b69ac72723e9d1c\"},\"keywords\":[\"adsl\",\"dumping\",\"init7\",\"justiz\",\"klage\",\"migros\",\"swisscom\"],\"articleSection\":[\"Internet\"],\"inLanguage\":\"de\",\"potentialAction\":[{\"@type\":\"CommentAction\",\"name\":\"Comment\",\"target\":[\"https:\/\/bloggingtom.ch\/blog\/archives\/2005\/09\/19\/swisscom-klagt-gegen-init-seven\/#respond\"]}]},{\"@type\":\"WebPage\",\"@id\":\"https:\/\/bloggingtom.ch\/blog\/archives\/2005\/09\/19\/swisscom-klagt-gegen-init-seven\/\",\"url\":\"https:\/\/bloggingtom.ch\/blog\/archives\/2005\/09\/19\/swisscom-klagt-gegen-init-seven\/\",\"name\":\"Swisscom klagt gegen Init Seven - BloggingTom\",\"isPartOf\":{\"@id\":\"https:\/\/bloggingtom.ch\/blog\/#website\"},\"datePublished\":\"2005-09-19T18:12:35+00:00\",\"dateModified\":\"2005-09-19T18:41:52+00:00\",\"breadcrumb\":{\"@id\":\"https:\/\/bloggingtom.ch\/blog\/archives\/2005\/09\/19\/swisscom-klagt-gegen-init-seven\/#breadcrumb\"},\"inLanguage\":\"de\",\"potentialAction\":[{\"@type\":\"ReadAction\",\"target\":[\"https:\/\/bloggingtom.ch\/blog\/archives\/2005\/09\/19\/swisscom-klagt-gegen-init-seven\/\"]}]},{\"@type\":\"BreadcrumbList\",\"@id\":\"https:\/\/bloggingtom.ch\/blog\/archives\/2005\/09\/19\/swisscom-klagt-gegen-init-seven\/#breadcrumb\",\"itemListElement\":[{\"@type\":\"ListItem\",\"position\":1,\"name\":\"Home\",\"item\":\"https:\/\/bloggingtom.ch\/blog\/\"},{\"@type\":\"ListItem\",\"position\":2,\"name\":\"Swisscom klagt gegen Init Seven\"}]},{\"@type\":\"WebSite\",\"@id\":\"https:\/\/bloggingtom.ch\/blog\/#website\",\"url\":\"https:\/\/bloggingtom.ch\/blog\/\",\"name\":\"BloggingTom\",\"description\":\"Die t\u00e4glichen Abenteuer im Cyberspace...\",\"publisher\":{\"@id\":\"https:\/\/bloggingtom.ch\/blog\/#\/schema\/person\/f6c8d3d5f30c10217b69ac72723e9d1c\"},\"potentialAction\":[{\"@type\":\"SearchAction\",\"target\":{\"@type\":\"EntryPoint\",\"urlTemplate\":\"https:\/\/bloggingtom.ch\/blog\/?s={search_term_string}\"},\"query-input\":{\"@type\":\"PropertyValueSpecification\",\"valueRequired\":true,\"valueName\":\"search_term_string\"}}],\"inLanguage\":\"de\"},{\"@type\":[\"Person\",\"Organization\"],\"@id\":\"https:\/\/bloggingtom.ch\/blog\/#\/schema\/person\/f6c8d3d5f30c10217b69ac72723e9d1c\",\"name\":\"BloggingTom\",\"image\":{\"@type\":\"ImageObject\",\"inLanguage\":\"de\",\"@id\":\"https:\/\/bloggingtom.ch\/blog\/#\/schema\/person\/image\/\",\"url\":\"https:\/\/secure.gravatar.com\/avatar\/17c2b6a2966fc102465cf177587d359e4dac41adfaab355352baee5d5d46f277?s=96&d=mm&r=g\",\"contentUrl\":\"https:\/\/secure.gravatar.com\/avatar\/17c2b6a2966fc102465cf177587d359e4dac41adfaab355352baee5d5d46f277?s=96&d=mm&r=g\",\"caption\":\"BloggingTom\"},\"logo\":{\"@id\":\"https:\/\/bloggingtom.ch\/blog\/#\/schema\/person\/image\/\"},\"sameAs\":[\"http:\/\/bloggingtom.ch\"],\"url\":\"https:\/\/bloggingtom.ch\/blog\/archives\/author\/bloggingtom\/\"}]}<\/script>\n<!-- \/ Yoast SEO plugin. -->","yoast_head_json":{"title":"Swisscom klagt gegen Init Seven - BloggingTom","robots":{"index":"index","follow":"follow","max-snippet":"max-snippet:-1","max-image-preview":"max-image-preview:large","max-video-preview":"max-video-preview:-1"},"canonical":"https:\/\/bloggingtom.ch\/blog\/archives\/2005\/09\/19\/swisscom-klagt-gegen-init-seven\/","twitter_misc":{"Verfasst von":"BloggingTom","Gesch\u00e4tzte Lesezeit":"1\u00a0Minute"},"schema":{"@context":"https:\/\/schema.org","@graph":[{"@type":"Article","@id":"https:\/\/bloggingtom.ch\/blog\/archives\/2005\/09\/19\/swisscom-klagt-gegen-init-seven\/#article","isPartOf":{"@id":"https:\/\/bloggingtom.ch\/blog\/archives\/2005\/09\/19\/swisscom-klagt-gegen-init-seven\/"},"author":{"name":"BloggingTom","@id":"https:\/\/bloggingtom.ch\/blog\/#\/schema\/person\/f6c8d3d5f30c10217b69ac72723e9d1c"},"headline":"Swisscom klagt gegen Init Seven","datePublished":"2005-09-19T18:12:35+00:00","dateModified":"2005-09-19T18:41:52+00:00","mainEntityOfPage":{"@id":"https:\/\/bloggingtom.ch\/blog\/archives\/2005\/09\/19\/swisscom-klagt-gegen-init-seven\/"},"wordCount":232,"commentCount":2,"publisher":{"@id":"https:\/\/bloggingtom.ch\/blog\/#\/schema\/person\/f6c8d3d5f30c10217b69ac72723e9d1c"},"keywords":["adsl","dumping","init7","justiz","klage","migros","swisscom"],"articleSection":["Internet"],"inLanguage":"de","potentialAction":[{"@type":"CommentAction","name":"Comment","target":["https:\/\/bloggingtom.ch\/blog\/archives\/2005\/09\/19\/swisscom-klagt-gegen-init-seven\/#respond"]}]},{"@type":"WebPage","@id":"https:\/\/bloggingtom.ch\/blog\/archives\/2005\/09\/19\/swisscom-klagt-gegen-init-seven\/","url":"https:\/\/bloggingtom.ch\/blog\/archives\/2005\/09\/19\/swisscom-klagt-gegen-init-seven\/","name":"Swisscom klagt gegen Init Seven - BloggingTom","isPartOf":{"@id":"https:\/\/bloggingtom.ch\/blog\/#website"},"datePublished":"2005-09-19T18:12:35+00:00","dateModified":"2005-09-19T18:41:52+00:00","breadcrumb":{"@id":"https:\/\/bloggingtom.ch\/blog\/archives\/2005\/09\/19\/swisscom-klagt-gegen-init-seven\/#breadcrumb"},"inLanguage":"de","potentialAction":[{"@type":"ReadAction","target":["https:\/\/bloggingtom.ch\/blog\/archives\/2005\/09\/19\/swisscom-klagt-gegen-init-seven\/"]}]},{"@type":"BreadcrumbList","@id":"https:\/\/bloggingtom.ch\/blog\/archives\/2005\/09\/19\/swisscom-klagt-gegen-init-seven\/#breadcrumb","itemListElement":[{"@type":"ListItem","position":1,"name":"Home","item":"https:\/\/bloggingtom.ch\/blog\/"},{"@type":"ListItem","position":2,"name":"Swisscom klagt gegen Init Seven"}]},{"@type":"WebSite","@id":"https:\/\/bloggingtom.ch\/blog\/#website","url":"https:\/\/bloggingtom.ch\/blog\/","name":"BloggingTom","description":"Die t\u00e4glichen Abenteuer im Cyberspace...","publisher":{"@id":"https:\/\/bloggingtom.ch\/blog\/#\/schema\/person\/f6c8d3d5f30c10217b69ac72723e9d1c"},"potentialAction":[{"@type":"SearchAction","target":{"@type":"EntryPoint","urlTemplate":"https:\/\/bloggingtom.ch\/blog\/?s={search_term_string}"},"query-input":{"@type":"PropertyValueSpecification","valueRequired":true,"valueName":"search_term_string"}}],"inLanguage":"de"},{"@type":["Person","Organization"],"@id":"https:\/\/bloggingtom.ch\/blog\/#\/schema\/person\/f6c8d3d5f30c10217b69ac72723e9d1c","name":"BloggingTom","image":{"@type":"ImageObject","inLanguage":"de","@id":"https:\/\/bloggingtom.ch\/blog\/#\/schema\/person\/image\/","url":"https:\/\/secure.gravatar.com\/avatar\/17c2b6a2966fc102465cf177587d359e4dac41adfaab355352baee5d5d46f277?s=96&d=mm&r=g","contentUrl":"https:\/\/secure.gravatar.com\/avatar\/17c2b6a2966fc102465cf177587d359e4dac41adfaab355352baee5d5d46f277?s=96&d=mm&r=g","caption":"BloggingTom"},"logo":{"@id":"https:\/\/bloggingtom.ch\/blog\/#\/schema\/person\/image\/"},"sameAs":["http:\/\/bloggingtom.ch"],"url":"https:\/\/bloggingtom.ch\/blog\/archives\/author\/bloggingtom\/"}]}},"jetpack_featured_media_url":"","jetpack_shortlink":"https:\/\/wp.me\/pa6Ev-5f","jetpack_likes_enabled":true,"jetpack_sharing_enabled":true,"_links":{"self":[{"href":"https:\/\/bloggingtom.ch\/blog\/wp-json\/wp\/v2\/posts\/325","targetHints":{"allow":["GET"]}}],"collection":[{"href":"https:\/\/bloggingtom.ch\/blog\/wp-json\/wp\/v2\/posts"}],"about":[{"href":"https:\/\/bloggingtom.ch\/blog\/wp-json\/wp\/v2\/types\/post"}],"author":[{"embeddable":true,"href":"https:\/\/bloggingtom.ch\/blog\/wp-json\/wp\/v2\/users\/1"}],"replies":[{"embeddable":true,"href":"https:\/\/bloggingtom.ch\/blog\/wp-json\/wp\/v2\/comments?post=325"}],"version-history":[{"count":0,"href":"https:\/\/bloggingtom.ch\/blog\/wp-json\/wp\/v2\/posts\/325\/revisions"}],"wp:attachment":[{"href":"https:\/\/bloggingtom.ch\/blog\/wp-json\/wp\/v2\/media?parent=325"}],"wp:term":[{"taxonomy":"category","embeddable":true,"href":"https:\/\/bloggingtom.ch\/blog\/wp-json\/wp\/v2\/categories?post=325"},{"taxonomy":"post_tag","embeddable":true,"href":"https:\/\/bloggingtom.ch\/blog\/wp-json\/wp\/v2\/tags?post=325"}],"curies":[{"name":"wp","href":"https:\/\/api.w.org\/{rel}","templated":true}]}}