{"id":2404,"date":"2010-04-30T07:08:44","date_gmt":"2010-04-30T05:08:44","guid":{"rendered":"http:\/\/bloggingtom.ch\/archives\/2010\/04\/30\/cabletom-trifft-cablecom-ceo-eric-tveter\/"},"modified":"2010-05-01T12:48:54","modified_gmt":"2010-05-01T10:48:54","slug":"cabletom-trifft-cablecom-ceo-eric-tveter","status":"publish","type":"post","link":"https:\/\/bloggingtom.ch\/blog\/archives\/2010\/04\/30\/cabletom-trifft-cablecom-ceo-eric-tveter\/","title":{"rendered":"Cabletom trifft Cablecom-CEO Eric Tveter"},"content":{"rendered":"<p>Am vergangenen Mittwoch war es soweit: Anstatt dass ich Cablecom-Chef Eric Tveter an seinem Wohnort besuchte, um ihm <a href=\"http:\/\/bloggingtom.ch\/archives\/2010\/04\/18\/jetzt-reichts-cablecom\/\" target=\"_top\" >meine Cablecom-Saga<\/a> zu erz\u00e4hlen, lud er mich kurzerhand zu einem Gespr\u00e4ch an den Z\u00fcrcher Hauptsitz des Kabelnetzbetreibers ein.<\/p>\n<p><img decoding=\"async\" src=\"http:\/\/bloggingtom.ch\/wp-content\/uploads\/2010\/04\/20100429-cabletom-erictveter.jpg\" alt=\"Cabletom trifft Cablecom-CEO Eric Tveter\"  class=\"centered\" \/><\/p>\n<p>Bereits am Vortag traf auch eine &#8222;Abschlussbest\u00e4tigung&#8220; der <del>Irrtum<\/del> Intrum Justitia ein, in der man mich informierte, dass der Kunde den Fall zur\u00fcckgezogen habe, man die entstandenen Unannehmlichkeiten ausserordentlich bedauere und (erneut) best\u00e4tigte, dass &#8222;s\u00e4mtliche Eintr\u00e4ge zu diesem Fall [..] in unserer Bonit\u00e4tsdatenbank gel\u00f6scht wurden&#8220;. Ein gutes Vorzeichen f\u00fcr das Gespr\u00e4ch also?<\/p>\n<p>Tats\u00e4chlich ist Eric Tveter ein durchaus angenehmer Gespr\u00e4chspartner, der aber, auch das merkte man, ziemlich gut gebrieft wurde. Und so diskutierten wir fast eineinhalb Stunden lang. \u00dcber die Probleme mit den ungerechtfertigten Cablecom-Rechnungen und \u00fcber die Methoden der <del>Irrtum<\/del> Intrum Justitia genauso wie \u00fcber die Zukunft im Telekommunikations- und KabelTV-Markt. Und so erfuhr ich zum Beispiel auch, dass es in wenigen Wochen neue (g\u00fcnstigere) Cablecom-Angebote geben wird. Doch dazu an anderer Stelle mehr.<\/p>\n<p>Der Cabletom-Fall schien den Beteiligten dann aber doch ziemlich unangenehm. Sicher wohl auch darum, weil man offenbar bei der Cablecom selbst nicht ganz genau weiss, warum immer wieder Inkassoauftr\u00e4ge an die Intrum weitergeleitet werden. Obwohl ich im System als &#8222;inaktiver Kunde&#8220; (oder so \u00e4hnlich) gelistet werde, kommt es alle paar Monate wieder zu einem solchen Auftrag. Eric Tveter versicherte mir aber, dass das in Zukunft ausbleiben werde. <\/p>\n<p>Nun denn, ich bin gespannt, was die n\u00e4chsten Monate bringen werden, oder ob ich als n\u00e4chstes bei UPC in Amsterdam oder gar bei der Konzernmutter Liberty Global im amerikanischen Colorado meine Probleme klagen muss \ud83d\ude09<\/p>\n<p><strong>[Update] 1. Mai 2010<\/strong><br \/>\nZu meinem Besuch bei Eric Tveter habe ich Gerry vom Radio Z\u00fcrisee dann auch noch ein kurzes Interview gegeben:<\/p>\n[audio:20100430-cabletom.mp3]\n","protected":false},"excerpt":{"rendered":"<p>Am vergangenen Mittwoch war es soweit: Anstatt dass ich Cablecom-Chef Eric Tveter an seinem Wohnort besuchte, um ihm meine Cablecom-Saga zu erz\u00e4hlen, lud er mich kurzerhand zu einem Gespr\u00e4ch an den Z\u00fcrcher Hauptsitz des Kabelnetzbetreibers ein. Bereits am Vortag traf auch eine &#8222;Abschlussbest\u00e4tigung&#8220; der Irrtum Intrum Justitia ein, in der man mich informierte, dass der [&hellip;]<\/p>\n","protected":false},"author":1,"featured_media":0,"comment_status":"open","ping_status":"open","sticky":false,"template":"","format":"standard","meta":{"twitterCardType":"","cardImageID":0,"cardImage":"","cardTitle":"","cardDesc":"","cardImageAlt":"","cardPlayer":"","cardPlayerWidth":0,"cardPlayerHeight":0,"cardPlayerStream":"","cardPlayerCodec":"","_jetpack_memberships_contains_paid_content":false,"footnotes":""},"categories":[10],"tags":[751,3210,3291,3249],"class_list":["post-2404","post","type-post","status-publish","format-standard","hentry","category-nachgefragt","tag-cablecom","tag-cabletom","tag-eric-tveter","tag-intrum-justitia"],"yoast_head":"<!-- This site is optimized with the Yoast SEO plugin v27.1.1 - https:\/\/yoast.com\/product\/yoast-seo-wordpress\/ -->\n<title>Cabletom trifft Cablecom-CEO Eric Tveter - BloggingTom<\/title>\n<meta name=\"robots\" content=\"index, follow, max-snippet:-1, max-image-preview:large, max-video-preview:-1\" \/>\n<link rel=\"canonical\" href=\"https:\/\/bloggingtom.ch\/blog\/archives\/2010\/04\/30\/cabletom-trifft-cablecom-ceo-eric-tveter\/\" \/>\n<meta name=\"twitter:label1\" content=\"Verfasst von\" \/>\n\t<meta name=\"twitter:data1\" content=\"BloggingTom\" \/>\n\t<meta name=\"twitter:label2\" content=\"Gesch\u00e4tzte Lesezeit\" \/>\n\t<meta name=\"twitter:data2\" content=\"2\u00a0Minuten\" \/>\n<script type=\"application\/ld+json\" class=\"yoast-schema-graph\">{\"@context\":\"https:\/\/schema.org\",\"@graph\":[{\"@type\":\"Article\",\"@id\":\"https:\/\/bloggingtom.ch\/blog\/archives\/2010\/04\/30\/cabletom-trifft-cablecom-ceo-eric-tveter\/#article\",\"isPartOf\":{\"@id\":\"https:\/\/bloggingtom.ch\/blog\/archives\/2010\/04\/30\/cabletom-trifft-cablecom-ceo-eric-tveter\/\"},\"author\":{\"name\":\"BloggingTom\",\"@id\":\"https:\/\/bloggingtom.ch\/blog\/#\/schema\/person\/f6c8d3d5f30c10217b69ac72723e9d1c\"},\"headline\":\"Cabletom trifft Cablecom-CEO Eric Tveter\",\"datePublished\":\"2010-04-30T05:08:44+00:00\",\"dateModified\":\"2010-05-01T10:48:54+00:00\",\"mainEntityOfPage\":{\"@id\":\"https:\/\/bloggingtom.ch\/blog\/archives\/2010\/04\/30\/cabletom-trifft-cablecom-ceo-eric-tveter\/\"},\"wordCount\":310,\"commentCount\":23,\"publisher\":{\"@id\":\"https:\/\/bloggingtom.ch\/blog\/#\/schema\/person\/f6c8d3d5f30c10217b69ac72723e9d1c\"},\"image\":{\"@id\":\"https:\/\/bloggingtom.ch\/blog\/archives\/2010\/04\/30\/cabletom-trifft-cablecom-ceo-eric-tveter\/#primaryimage\"},\"thumbnailUrl\":\"http:\/\/bloggingtom.ch\/wp-content\/uploads\/2010\/04\/20100429-cabletom-erictveter.jpg\",\"keywords\":[\"cablecom\",\"cabletom\",\"eric tveter\",\"intrum justitia\"],\"articleSection\":[\"Nachgefragt\"],\"inLanguage\":\"de\",\"potentialAction\":[{\"@type\":\"CommentAction\",\"name\":\"Comment\",\"target\":[\"https:\/\/bloggingtom.ch\/blog\/archives\/2010\/04\/30\/cabletom-trifft-cablecom-ceo-eric-tveter\/#respond\"]}]},{\"@type\":\"WebPage\",\"@id\":\"https:\/\/bloggingtom.ch\/blog\/archives\/2010\/04\/30\/cabletom-trifft-cablecom-ceo-eric-tveter\/\",\"url\":\"https:\/\/bloggingtom.ch\/blog\/archives\/2010\/04\/30\/cabletom-trifft-cablecom-ceo-eric-tveter\/\",\"name\":\"Cabletom trifft Cablecom-CEO Eric Tveter - BloggingTom\",\"isPartOf\":{\"@id\":\"https:\/\/bloggingtom.ch\/blog\/#website\"},\"primaryImageOfPage\":{\"@id\":\"https:\/\/bloggingtom.ch\/blog\/archives\/2010\/04\/30\/cabletom-trifft-cablecom-ceo-eric-tveter\/#primaryimage\"},\"image\":{\"@id\":\"https:\/\/bloggingtom.ch\/blog\/archives\/2010\/04\/30\/cabletom-trifft-cablecom-ceo-eric-tveter\/#primaryimage\"},\"thumbnailUrl\":\"http:\/\/bloggingtom.ch\/wp-content\/uploads\/2010\/04\/20100429-cabletom-erictveter.jpg\",\"datePublished\":\"2010-04-30T05:08:44+00:00\",\"dateModified\":\"2010-05-01T10:48:54+00:00\",\"breadcrumb\":{\"@id\":\"https:\/\/bloggingtom.ch\/blog\/archives\/2010\/04\/30\/cabletom-trifft-cablecom-ceo-eric-tveter\/#breadcrumb\"},\"inLanguage\":\"de\",\"potentialAction\":[{\"@type\":\"ReadAction\",\"target\":[\"https:\/\/bloggingtom.ch\/blog\/archives\/2010\/04\/30\/cabletom-trifft-cablecom-ceo-eric-tveter\/\"]}]},{\"@type\":\"ImageObject\",\"inLanguage\":\"de\",\"@id\":\"https:\/\/bloggingtom.ch\/blog\/archives\/2010\/04\/30\/cabletom-trifft-cablecom-ceo-eric-tveter\/#primaryimage\",\"url\":\"http:\/\/bloggingtom.ch\/wp-content\/uploads\/2010\/04\/20100429-cabletom-erictveter.jpg\",\"contentUrl\":\"http:\/\/bloggingtom.ch\/wp-content\/uploads\/2010\/04\/20100429-cabletom-erictveter.jpg\"},{\"@type\":\"BreadcrumbList\",\"@id\":\"https:\/\/bloggingtom.ch\/blog\/archives\/2010\/04\/30\/cabletom-trifft-cablecom-ceo-eric-tveter\/#breadcrumb\",\"itemListElement\":[{\"@type\":\"ListItem\",\"position\":1,\"name\":\"Home\",\"item\":\"https:\/\/bloggingtom.ch\/blog\/\"},{\"@type\":\"ListItem\",\"position\":2,\"name\":\"Cabletom trifft Cablecom-CEO Eric Tveter\"}]},{\"@type\":\"WebSite\",\"@id\":\"https:\/\/bloggingtom.ch\/blog\/#website\",\"url\":\"https:\/\/bloggingtom.ch\/blog\/\",\"name\":\"BloggingTom\",\"description\":\"Die t\u00e4glichen Abenteuer im Cyberspace...\",\"publisher\":{\"@id\":\"https:\/\/bloggingtom.ch\/blog\/#\/schema\/person\/f6c8d3d5f30c10217b69ac72723e9d1c\"},\"potentialAction\":[{\"@type\":\"SearchAction\",\"target\":{\"@type\":\"EntryPoint\",\"urlTemplate\":\"https:\/\/bloggingtom.ch\/blog\/?s={search_term_string}\"},\"query-input\":{\"@type\":\"PropertyValueSpecification\",\"valueRequired\":true,\"valueName\":\"search_term_string\"}}],\"inLanguage\":\"de\"},{\"@type\":[\"Person\",\"Organization\"],\"@id\":\"https:\/\/bloggingtom.ch\/blog\/#\/schema\/person\/f6c8d3d5f30c10217b69ac72723e9d1c\",\"name\":\"BloggingTom\",\"image\":{\"@type\":\"ImageObject\",\"inLanguage\":\"de\",\"@id\":\"https:\/\/bloggingtom.ch\/blog\/#\/schema\/person\/image\/\",\"url\":\"https:\/\/secure.gravatar.com\/avatar\/17c2b6a2966fc102465cf177587d359e4dac41adfaab355352baee5d5d46f277?s=96&d=mm&r=g\",\"contentUrl\":\"https:\/\/secure.gravatar.com\/avatar\/17c2b6a2966fc102465cf177587d359e4dac41adfaab355352baee5d5d46f277?s=96&d=mm&r=g\",\"caption\":\"BloggingTom\"},\"logo\":{\"@id\":\"https:\/\/bloggingtom.ch\/blog\/#\/schema\/person\/image\/\"},\"sameAs\":[\"http:\/\/bloggingtom.ch\"],\"url\":\"https:\/\/bloggingtom.ch\/blog\/archives\/author\/bloggingtom\/\"}]}<\/script>\n<!-- \/ Yoast SEO plugin. -->","yoast_head_json":{"title":"Cabletom trifft Cablecom-CEO Eric Tveter - BloggingTom","robots":{"index":"index","follow":"follow","max-snippet":"max-snippet:-1","max-image-preview":"max-image-preview:large","max-video-preview":"max-video-preview:-1"},"canonical":"https:\/\/bloggingtom.ch\/blog\/archives\/2010\/04\/30\/cabletom-trifft-cablecom-ceo-eric-tveter\/","twitter_misc":{"Verfasst von":"BloggingTom","Gesch\u00e4tzte Lesezeit":"2\u00a0Minuten"},"schema":{"@context":"https:\/\/schema.org","@graph":[{"@type":"Article","@id":"https:\/\/bloggingtom.ch\/blog\/archives\/2010\/04\/30\/cabletom-trifft-cablecom-ceo-eric-tveter\/#article","isPartOf":{"@id":"https:\/\/bloggingtom.ch\/blog\/archives\/2010\/04\/30\/cabletom-trifft-cablecom-ceo-eric-tveter\/"},"author":{"name":"BloggingTom","@id":"https:\/\/bloggingtom.ch\/blog\/#\/schema\/person\/f6c8d3d5f30c10217b69ac72723e9d1c"},"headline":"Cabletom trifft Cablecom-CEO Eric Tveter","datePublished":"2010-04-30T05:08:44+00:00","dateModified":"2010-05-01T10:48:54+00:00","mainEntityOfPage":{"@id":"https:\/\/bloggingtom.ch\/blog\/archives\/2010\/04\/30\/cabletom-trifft-cablecom-ceo-eric-tveter\/"},"wordCount":310,"commentCount":23,"publisher":{"@id":"https:\/\/bloggingtom.ch\/blog\/#\/schema\/person\/f6c8d3d5f30c10217b69ac72723e9d1c"},"image":{"@id":"https:\/\/bloggingtom.ch\/blog\/archives\/2010\/04\/30\/cabletom-trifft-cablecom-ceo-eric-tveter\/#primaryimage"},"thumbnailUrl":"http:\/\/bloggingtom.ch\/wp-content\/uploads\/2010\/04\/20100429-cabletom-erictveter.jpg","keywords":["cablecom","cabletom","eric tveter","intrum justitia"],"articleSection":["Nachgefragt"],"inLanguage":"de","potentialAction":[{"@type":"CommentAction","name":"Comment","target":["https:\/\/bloggingtom.ch\/blog\/archives\/2010\/04\/30\/cabletom-trifft-cablecom-ceo-eric-tveter\/#respond"]}]},{"@type":"WebPage","@id":"https:\/\/bloggingtom.ch\/blog\/archives\/2010\/04\/30\/cabletom-trifft-cablecom-ceo-eric-tveter\/","url":"https:\/\/bloggingtom.ch\/blog\/archives\/2010\/04\/30\/cabletom-trifft-cablecom-ceo-eric-tveter\/","name":"Cabletom trifft Cablecom-CEO Eric Tveter - BloggingTom","isPartOf":{"@id":"https:\/\/bloggingtom.ch\/blog\/#website"},"primaryImageOfPage":{"@id":"https:\/\/bloggingtom.ch\/blog\/archives\/2010\/04\/30\/cabletom-trifft-cablecom-ceo-eric-tveter\/#primaryimage"},"image":{"@id":"https:\/\/bloggingtom.ch\/blog\/archives\/2010\/04\/30\/cabletom-trifft-cablecom-ceo-eric-tveter\/#primaryimage"},"thumbnailUrl":"http:\/\/bloggingtom.ch\/wp-content\/uploads\/2010\/04\/20100429-cabletom-erictveter.jpg","datePublished":"2010-04-30T05:08:44+00:00","dateModified":"2010-05-01T10:48:54+00:00","breadcrumb":{"@id":"https:\/\/bloggingtom.ch\/blog\/archives\/2010\/04\/30\/cabletom-trifft-cablecom-ceo-eric-tveter\/#breadcrumb"},"inLanguage":"de","potentialAction":[{"@type":"ReadAction","target":["https:\/\/bloggingtom.ch\/blog\/archives\/2010\/04\/30\/cabletom-trifft-cablecom-ceo-eric-tveter\/"]}]},{"@type":"ImageObject","inLanguage":"de","@id":"https:\/\/bloggingtom.ch\/blog\/archives\/2010\/04\/30\/cabletom-trifft-cablecom-ceo-eric-tveter\/#primaryimage","url":"http:\/\/bloggingtom.ch\/wp-content\/uploads\/2010\/04\/20100429-cabletom-erictveter.jpg","contentUrl":"http:\/\/bloggingtom.ch\/wp-content\/uploads\/2010\/04\/20100429-cabletom-erictveter.jpg"},{"@type":"BreadcrumbList","@id":"https:\/\/bloggingtom.ch\/blog\/archives\/2010\/04\/30\/cabletom-trifft-cablecom-ceo-eric-tveter\/#breadcrumb","itemListElement":[{"@type":"ListItem","position":1,"name":"Home","item":"https:\/\/bloggingtom.ch\/blog\/"},{"@type":"ListItem","position":2,"name":"Cabletom trifft Cablecom-CEO Eric Tveter"}]},{"@type":"WebSite","@id":"https:\/\/bloggingtom.ch\/blog\/#website","url":"https:\/\/bloggingtom.ch\/blog\/","name":"BloggingTom","description":"Die t\u00e4glichen Abenteuer im Cyberspace...","publisher":{"@id":"https:\/\/bloggingtom.ch\/blog\/#\/schema\/person\/f6c8d3d5f30c10217b69ac72723e9d1c"},"potentialAction":[{"@type":"SearchAction","target":{"@type":"EntryPoint","urlTemplate":"https:\/\/bloggingtom.ch\/blog\/?s={search_term_string}"},"query-input":{"@type":"PropertyValueSpecification","valueRequired":true,"valueName":"search_term_string"}}],"inLanguage":"de"},{"@type":["Person","Organization"],"@id":"https:\/\/bloggingtom.ch\/blog\/#\/schema\/person\/f6c8d3d5f30c10217b69ac72723e9d1c","name":"BloggingTom","image":{"@type":"ImageObject","inLanguage":"de","@id":"https:\/\/bloggingtom.ch\/blog\/#\/schema\/person\/image\/","url":"https:\/\/secure.gravatar.com\/avatar\/17c2b6a2966fc102465cf177587d359e4dac41adfaab355352baee5d5d46f277?s=96&d=mm&r=g","contentUrl":"https:\/\/secure.gravatar.com\/avatar\/17c2b6a2966fc102465cf177587d359e4dac41adfaab355352baee5d5d46f277?s=96&d=mm&r=g","caption":"BloggingTom"},"logo":{"@id":"https:\/\/bloggingtom.ch\/blog\/#\/schema\/person\/image\/"},"sameAs":["http:\/\/bloggingtom.ch"],"url":"https:\/\/bloggingtom.ch\/blog\/archives\/author\/bloggingtom\/"}]}},"jetpack_featured_media_url":"","jetpack_shortlink":"https:\/\/wp.me\/pa6Ev-CM","jetpack_likes_enabled":true,"jetpack_sharing_enabled":true,"_links":{"self":[{"href":"https:\/\/bloggingtom.ch\/blog\/wp-json\/wp\/v2\/posts\/2404","targetHints":{"allow":["GET"]}}],"collection":[{"href":"https:\/\/bloggingtom.ch\/blog\/wp-json\/wp\/v2\/posts"}],"about":[{"href":"https:\/\/bloggingtom.ch\/blog\/wp-json\/wp\/v2\/types\/post"}],"author":[{"embeddable":true,"href":"https:\/\/bloggingtom.ch\/blog\/wp-json\/wp\/v2\/users\/1"}],"replies":[{"embeddable":true,"href":"https:\/\/bloggingtom.ch\/blog\/wp-json\/wp\/v2\/comments?post=2404"}],"version-history":[{"count":0,"href":"https:\/\/bloggingtom.ch\/blog\/wp-json\/wp\/v2\/posts\/2404\/revisions"}],"wp:attachment":[{"href":"https:\/\/bloggingtom.ch\/blog\/wp-json\/wp\/v2\/media?parent=2404"}],"wp:term":[{"taxonomy":"category","embeddable":true,"href":"https:\/\/bloggingtom.ch\/blog\/wp-json\/wp\/v2\/categories?post=2404"},{"taxonomy":"post_tag","embeddable":true,"href":"https:\/\/bloggingtom.ch\/blog\/wp-json\/wp\/v2\/tags?post=2404"}],"curies":[{"name":"wp","href":"https:\/\/api.w.org\/{rel}","templated":true}]}}