{"id":2228,"date":"2009-07-17T07:59:36","date_gmt":"2009-07-17T05:59:36","guid":{"rendered":"http:\/\/bloggingtom.ch\/archives\/2009\/07\/17\/liechtenstein-wird-zur-atommacht\/"},"modified":"2009-07-17T07:59:36","modified_gmt":"2009-07-17T05:59:36","slug":"liechtenstein-wird-zur-atommacht","status":"publish","type":"post","link":"https:\/\/bloggingtom.ch\/blog\/archives\/2009\/07\/17\/liechtenstein-wird-zur-atommacht\/","title":{"rendered":"Liechtenstein wird zur Atommacht"},"content":{"rendered":"<p>Das F\u00fcrstentum Liechtenstein r\u00fcstet auf und wird zur Atommacht. Die UNO ist bereits in Alarmbereitschaft und auch die Internationale Atomenergiebeh\u00f6rde (IAEA) hat sich eingeschaltet.<\/p>\n<div align=\"center\"><object width=\"425\" height=\"344\"><param name=\"movie\" value=\"http:\/\/www.youtube-nocookie.com\/v\/LMzOzjGMXTs&#038;hl=de&#038;fs=1&#038;rel=0\"><\/param><param name=\"allowFullScreen\" value=\"true\"><\/param><param name=\"allowscriptaccess\" value=\"always\"><\/param><\/object><\/div>\n<p>Ob man sich damit vor weiteren Auskunftsbegehren fremder Staaten wehren will, damit alles wieder <a href=\"http:\/\/bloggingtom.ch\/archives\/2008\/02\/18\/steuern-sparen-in-liechtenstein\/\" target=\"_top\" >wie fr\u00fcher<\/a> wird, wollte der Regierungssprecher bisher nicht beantworten.<\/p>\n","protected":false},"excerpt":{"rendered":"<p>Das F\u00fcrstentum Liechtenstein r\u00fcstet auf und wird zur Atommacht. Die UNO ist bereits in Alarmbereitschaft und auch die Internationale Atomenergiebeh\u00f6rde (IAEA) hat sich eingeschaltet. Ob man sich damit vor weiteren Auskunftsbegehren fremder Staaten wehren will, damit alles wieder wie fr\u00fcher wird, wollte der Regierungssprecher bisher nicht beantworten.<\/p>\n","protected":false},"author":1,"featured_media":0,"comment_status":"open","ping_status":"open","sticky":false,"template":"","format":"standard","meta":{"twitterCardType":"","cardImageID":0,"cardImage":"","cardTitle":"","cardDesc":"","cardImageAlt":"","cardPlayer":"","cardPlayerWidth":0,"cardPlayerHeight":0,"cardPlayerStream":"","cardPlayerCodec":"","_jetpack_memberships_contains_paid_content":false,"footnotes":""},"categories":[6],"tags":[3222,1551,1974],"class_list":["post-2228","post","type-post","status-publish","format-standard","hentry","category-bitte-lacheln","tag-atombombe","tag-liechtenstein","tag-videofun"],"yoast_head":"<!-- This site is optimized with the Yoast SEO plugin v27.1.1 - https:\/\/yoast.com\/product\/yoast-seo-wordpress\/ -->\n<title>Liechtenstein wird zur Atommacht - BloggingTom<\/title>\n<meta name=\"robots\" content=\"index, follow, max-snippet:-1, max-image-preview:large, max-video-preview:-1\" \/>\n<link rel=\"canonical\" href=\"https:\/\/bloggingtom.ch\/blog\/archives\/2009\/07\/17\/liechtenstein-wird-zur-atommacht\/\" \/>\n<meta name=\"twitter:label1\" content=\"Verfasst von\" \/>\n\t<meta name=\"twitter:data1\" content=\"BloggingTom\" \/>\n<script type=\"application\/ld+json\" class=\"yoast-schema-graph\">{\"@context\":\"https:\/\/schema.org\",\"@graph\":[{\"@type\":\"Article\",\"@id\":\"https:\/\/bloggingtom.ch\/blog\/archives\/2009\/07\/17\/liechtenstein-wird-zur-atommacht\/#article\",\"isPartOf\":{\"@id\":\"https:\/\/bloggingtom.ch\/blog\/archives\/2009\/07\/17\/liechtenstein-wird-zur-atommacht\/\"},\"author\":{\"name\":\"BloggingTom\",\"@id\":\"https:\/\/bloggingtom.ch\/blog\/#\/schema\/person\/f6c8d3d5f30c10217b69ac72723e9d1c\"},\"headline\":\"Liechtenstein wird zur Atommacht\",\"datePublished\":\"2009-07-17T05:59:36+00:00\",\"mainEntityOfPage\":{\"@id\":\"https:\/\/bloggingtom.ch\/blog\/archives\/2009\/07\/17\/liechtenstein-wird-zur-atommacht\/\"},\"wordCount\":55,\"commentCount\":10,\"publisher\":{\"@id\":\"https:\/\/bloggingtom.ch\/blog\/#\/schema\/person\/f6c8d3d5f30c10217b69ac72723e9d1c\"},\"keywords\":[\"atombombe\",\"liechtenstein\",\"videofun\"],\"articleSection\":[\"Bitte l\u00e4cheln!\"],\"inLanguage\":\"de\",\"potentialAction\":[{\"@type\":\"CommentAction\",\"name\":\"Comment\",\"target\":[\"https:\/\/bloggingtom.ch\/blog\/archives\/2009\/07\/17\/liechtenstein-wird-zur-atommacht\/#respond\"]}]},{\"@type\":\"WebPage\",\"@id\":\"https:\/\/bloggingtom.ch\/blog\/archives\/2009\/07\/17\/liechtenstein-wird-zur-atommacht\/\",\"url\":\"https:\/\/bloggingtom.ch\/blog\/archives\/2009\/07\/17\/liechtenstein-wird-zur-atommacht\/\",\"name\":\"Liechtenstein wird zur Atommacht - BloggingTom\",\"isPartOf\":{\"@id\":\"https:\/\/bloggingtom.ch\/blog\/#website\"},\"datePublished\":\"2009-07-17T05:59:36+00:00\",\"breadcrumb\":{\"@id\":\"https:\/\/bloggingtom.ch\/blog\/archives\/2009\/07\/17\/liechtenstein-wird-zur-atommacht\/#breadcrumb\"},\"inLanguage\":\"de\",\"potentialAction\":[{\"@type\":\"ReadAction\",\"target\":[\"https:\/\/bloggingtom.ch\/blog\/archives\/2009\/07\/17\/liechtenstein-wird-zur-atommacht\/\"]}]},{\"@type\":\"BreadcrumbList\",\"@id\":\"https:\/\/bloggingtom.ch\/blog\/archives\/2009\/07\/17\/liechtenstein-wird-zur-atommacht\/#breadcrumb\",\"itemListElement\":[{\"@type\":\"ListItem\",\"position\":1,\"name\":\"Home\",\"item\":\"https:\/\/bloggingtom.ch\/blog\/\"},{\"@type\":\"ListItem\",\"position\":2,\"name\":\"Liechtenstein wird zur Atommacht\"}]},{\"@type\":\"WebSite\",\"@id\":\"https:\/\/bloggingtom.ch\/blog\/#website\",\"url\":\"https:\/\/bloggingtom.ch\/blog\/\",\"name\":\"BloggingTom\",\"description\":\"Die t\u00e4glichen Abenteuer im Cyberspace...\",\"publisher\":{\"@id\":\"https:\/\/bloggingtom.ch\/blog\/#\/schema\/person\/f6c8d3d5f30c10217b69ac72723e9d1c\"},\"potentialAction\":[{\"@type\":\"SearchAction\",\"target\":{\"@type\":\"EntryPoint\",\"urlTemplate\":\"https:\/\/bloggingtom.ch\/blog\/?s={search_term_string}\"},\"query-input\":{\"@type\":\"PropertyValueSpecification\",\"valueRequired\":true,\"valueName\":\"search_term_string\"}}],\"inLanguage\":\"de\"},{\"@type\":[\"Person\",\"Organization\"],\"@id\":\"https:\/\/bloggingtom.ch\/blog\/#\/schema\/person\/f6c8d3d5f30c10217b69ac72723e9d1c\",\"name\":\"BloggingTom\",\"image\":{\"@type\":\"ImageObject\",\"inLanguage\":\"de\",\"@id\":\"https:\/\/bloggingtom.ch\/blog\/#\/schema\/person\/image\/\",\"url\":\"https:\/\/secure.gravatar.com\/avatar\/17c2b6a2966fc102465cf177587d359e4dac41adfaab355352baee5d5d46f277?s=96&d=mm&r=g\",\"contentUrl\":\"https:\/\/secure.gravatar.com\/avatar\/17c2b6a2966fc102465cf177587d359e4dac41adfaab355352baee5d5d46f277?s=96&d=mm&r=g\",\"caption\":\"BloggingTom\"},\"logo\":{\"@id\":\"https:\/\/bloggingtom.ch\/blog\/#\/schema\/person\/image\/\"},\"sameAs\":[\"http:\/\/bloggingtom.ch\"],\"url\":\"https:\/\/bloggingtom.ch\/blog\/archives\/author\/bloggingtom\/\"}]}<\/script>\n<!-- \/ Yoast SEO plugin. -->","yoast_head_json":{"title":"Liechtenstein wird zur Atommacht - BloggingTom","robots":{"index":"index","follow":"follow","max-snippet":"max-snippet:-1","max-image-preview":"max-image-preview:large","max-video-preview":"max-video-preview:-1"},"canonical":"https:\/\/bloggingtom.ch\/blog\/archives\/2009\/07\/17\/liechtenstein-wird-zur-atommacht\/","twitter_misc":{"Verfasst von":"BloggingTom"},"schema":{"@context":"https:\/\/schema.org","@graph":[{"@type":"Article","@id":"https:\/\/bloggingtom.ch\/blog\/archives\/2009\/07\/17\/liechtenstein-wird-zur-atommacht\/#article","isPartOf":{"@id":"https:\/\/bloggingtom.ch\/blog\/archives\/2009\/07\/17\/liechtenstein-wird-zur-atommacht\/"},"author":{"name":"BloggingTom","@id":"https:\/\/bloggingtom.ch\/blog\/#\/schema\/person\/f6c8d3d5f30c10217b69ac72723e9d1c"},"headline":"Liechtenstein wird zur Atommacht","datePublished":"2009-07-17T05:59:36+00:00","mainEntityOfPage":{"@id":"https:\/\/bloggingtom.ch\/blog\/archives\/2009\/07\/17\/liechtenstein-wird-zur-atommacht\/"},"wordCount":55,"commentCount":10,"publisher":{"@id":"https:\/\/bloggingtom.ch\/blog\/#\/schema\/person\/f6c8d3d5f30c10217b69ac72723e9d1c"},"keywords":["atombombe","liechtenstein","videofun"],"articleSection":["Bitte l\u00e4cheln!"],"inLanguage":"de","potentialAction":[{"@type":"CommentAction","name":"Comment","target":["https:\/\/bloggingtom.ch\/blog\/archives\/2009\/07\/17\/liechtenstein-wird-zur-atommacht\/#respond"]}]},{"@type":"WebPage","@id":"https:\/\/bloggingtom.ch\/blog\/archives\/2009\/07\/17\/liechtenstein-wird-zur-atommacht\/","url":"https:\/\/bloggingtom.ch\/blog\/archives\/2009\/07\/17\/liechtenstein-wird-zur-atommacht\/","name":"Liechtenstein wird zur Atommacht - BloggingTom","isPartOf":{"@id":"https:\/\/bloggingtom.ch\/blog\/#website"},"datePublished":"2009-07-17T05:59:36+00:00","breadcrumb":{"@id":"https:\/\/bloggingtom.ch\/blog\/archives\/2009\/07\/17\/liechtenstein-wird-zur-atommacht\/#breadcrumb"},"inLanguage":"de","potentialAction":[{"@type":"ReadAction","target":["https:\/\/bloggingtom.ch\/blog\/archives\/2009\/07\/17\/liechtenstein-wird-zur-atommacht\/"]}]},{"@type":"BreadcrumbList","@id":"https:\/\/bloggingtom.ch\/blog\/archives\/2009\/07\/17\/liechtenstein-wird-zur-atommacht\/#breadcrumb","itemListElement":[{"@type":"ListItem","position":1,"name":"Home","item":"https:\/\/bloggingtom.ch\/blog\/"},{"@type":"ListItem","position":2,"name":"Liechtenstein wird zur Atommacht"}]},{"@type":"WebSite","@id":"https:\/\/bloggingtom.ch\/blog\/#website","url":"https:\/\/bloggingtom.ch\/blog\/","name":"BloggingTom","description":"Die t\u00e4glichen Abenteuer im Cyberspace...","publisher":{"@id":"https:\/\/bloggingtom.ch\/blog\/#\/schema\/person\/f6c8d3d5f30c10217b69ac72723e9d1c"},"potentialAction":[{"@type":"SearchAction","target":{"@type":"EntryPoint","urlTemplate":"https:\/\/bloggingtom.ch\/blog\/?s={search_term_string}"},"query-input":{"@type":"PropertyValueSpecification","valueRequired":true,"valueName":"search_term_string"}}],"inLanguage":"de"},{"@type":["Person","Organization"],"@id":"https:\/\/bloggingtom.ch\/blog\/#\/schema\/person\/f6c8d3d5f30c10217b69ac72723e9d1c","name":"BloggingTom","image":{"@type":"ImageObject","inLanguage":"de","@id":"https:\/\/bloggingtom.ch\/blog\/#\/schema\/person\/image\/","url":"https:\/\/secure.gravatar.com\/avatar\/17c2b6a2966fc102465cf177587d359e4dac41adfaab355352baee5d5d46f277?s=96&d=mm&r=g","contentUrl":"https:\/\/secure.gravatar.com\/avatar\/17c2b6a2966fc102465cf177587d359e4dac41adfaab355352baee5d5d46f277?s=96&d=mm&r=g","caption":"BloggingTom"},"logo":{"@id":"https:\/\/bloggingtom.ch\/blog\/#\/schema\/person\/image\/"},"sameAs":["http:\/\/bloggingtom.ch"],"url":"https:\/\/bloggingtom.ch\/blog\/archives\/author\/bloggingtom\/"}]}},"jetpack_featured_media_url":"","jetpack_shortlink":"https:\/\/wp.me\/pa6Ev-zW","jetpack_likes_enabled":true,"jetpack_sharing_enabled":true,"_links":{"self":[{"href":"https:\/\/bloggingtom.ch\/blog\/wp-json\/wp\/v2\/posts\/2228","targetHints":{"allow":["GET"]}}],"collection":[{"href":"https:\/\/bloggingtom.ch\/blog\/wp-json\/wp\/v2\/posts"}],"about":[{"href":"https:\/\/bloggingtom.ch\/blog\/wp-json\/wp\/v2\/types\/post"}],"author":[{"embeddable":true,"href":"https:\/\/bloggingtom.ch\/blog\/wp-json\/wp\/v2\/users\/1"}],"replies":[{"embeddable":true,"href":"https:\/\/bloggingtom.ch\/blog\/wp-json\/wp\/v2\/comments?post=2228"}],"version-history":[{"count":0,"href":"https:\/\/bloggingtom.ch\/blog\/wp-json\/wp\/v2\/posts\/2228\/revisions"}],"wp:attachment":[{"href":"https:\/\/bloggingtom.ch\/blog\/wp-json\/wp\/v2\/media?parent=2228"}],"wp:term":[{"taxonomy":"category","embeddable":true,"href":"https:\/\/bloggingtom.ch\/blog\/wp-json\/wp\/v2\/categories?post=2228"},{"taxonomy":"post_tag","embeddable":true,"href":"https:\/\/bloggingtom.ch\/blog\/wp-json\/wp\/v2\/tags?post=2228"}],"curies":[{"name":"wp","href":"https:\/\/api.w.org\/{rel}","templated":true}]}}