{"id":2209,"date":"2009-06-26T10:01:42","date_gmt":"2009-06-26T08:01:42","guid":{"rendered":"http:\/\/bloggingtom.ch\/archives\/2009\/06\/26\/sit-in-tweetup-am-zurcher-central\/"},"modified":"2009-06-26T10:02:17","modified_gmt":"2009-06-26T08:02:17","slug":"sit-in-tweetup-am-zurcher-central","status":"publish","type":"post","link":"https:\/\/bloggingtom.ch\/blog\/archives\/2009\/06\/26\/sit-in-tweetup-am-zurcher-central\/","title":{"rendered":"Sit-In Tweetup am Z\u00fcrcher Central"},"content":{"rendered":"<p>Das gestrige, spontan angek\u00fcndigte <a href=\"http:\/\/bloggingtom.ch\/archives\/2009\/06\/25\/spontan-sit-in-in-meiner-telefonkabine\/\" target=\"_top\" >Sit-In in meiner Telefonkabine<\/a> am Central, hat mehr Leute angelockt, als ich mir das vorgestellt habe. Danke an <a href=\"http:\/\/www.twitter.com\/moritzadler\" target=\"_blank\" >@moritzadler<\/a>, <a href=\"http:\/\/www.twitter.com\/hetty\" target=\"_blank\" >@hetty<\/a>, <a href=\"http:\/\/www.twitter.com\/phogenkamp\" target=\"_blank\" >@phogenkamp<\/a>, <a href=\"http:\/\/www.twitter.com\/pixelfreund\" target=\"_blank\" >@pixelfreund<\/a>, <a href=\"http:\/\/www.twitter.com\/nkyramarios\" target=\"_blank\" >@nkyramarios<\/a>, <a href=\"http:\/\/www.twitter.com\/capo42\" target=\"_blank\" >@capo42<\/a>, <a href=\"http:\/\/www.twitter.com\/avongunten\" target=\"_blank\" >@avongunten<\/a>, <a href=\"http:\/\/www.twitter.com\/_annubis_\" target=\"_blank\" >@_annubis_<\/a>, <a href=\"http:\/\/www.twitter.com\/lgwigg\" target=\"_blank\" >@lgwigg<\/a> und nat\u00fcrlich an die einzige Dame in der Runde, <a href=\"http:\/\/www.twitter.com\/chicundschlau\" target=\"_blank\" >@chicundschlau<\/a> f\u00fcrs Erscheinen!<\/p>\n<p>Gespanntes Warten (und twittern), wer denn da so alles kommt&#8230;<\/p>\n<p><img decoding=\"async\" src=\"http:\/\/bloggingtom.ch\/wp-content\/uploads\/2009\/06\/20090626-sitin-gespanntes-warten.jpg\" alt=\"Telefonkabinen-Sit-In Gespanntes Warten\u2026\" class=\"centered\" \/><\/p>\n<p>Und es werden immer mehr&#8230;<\/p>\n<p><img decoding=\"async\" src=\"http:\/\/bloggingtom.ch\/wp-content\/uploads\/2009\/06\/20090626-sitin-gespanntes-warten2.jpg\" alt=\"Telefonkabinen-Sit-In Gespanntes Warten zum zweiten\u2026\" class=\"centered\" \/><\/p>\n<p>Nachdem auch Peter eingetroffen ist, konnte ich endlich zur F\u00fchrung durch meine Telefonkabine laden und neben den technischen Errungenheiten so einer Kabine auch die sanfte Beschallung mit Walges\u00e4ngen demonstrieren&#8230;<\/p>\n<p><img decoding=\"async\" src=\"http:\/\/bloggingtom.ch\/wp-content\/uploads\/2009\/06\/20090626-sitin-vorfuehrung-kabine.jpg\" alt=\"Telefonkabinen-Sit-In Kabinenvorf\u00fchrung\" class=\"centered\" \/><\/p>\n<p>Dann hiess es aber: Ab in die Zelle!<br \/>\n<!--more--><br \/>\nDavon gibts sogar <a href=\"http:\/\/www.youtube.com\/watch?v=K2w9rpinkDQ\" target=\"_blank\" >ein Video<\/a>, allerdings im Monitordrehformat. (Kommt davon, wenn die Apple-J\u00fcnger nicht wissen, wie sie ihre Ger\u00e4te ben\u00fctzen m\u00fcssen \ud83d\ude09 )<\/p>\n<p><img decoding=\"async\" src=\"http:\/\/bloggingtom.ch\/wp-content\/uploads\/2009\/06\/20090626-sitin-alleindiezelle.jpg\" alt=\"Telefonkabinen-Sit-In Ab in die Zelle\" class=\"centered\" \/><\/p>\n<p>&#8230; und schon waren auch die Paparazzis zugegen (und einer, der im Hintergrund gaaanz wichtig telefonierte)&#8230;<\/p>\n<p><img decoding=\"async\" src=\"http:\/\/bloggingtom.ch\/wp-content\/uploads\/2009\/06\/20090626-sitin-paparazzi.jpg\" alt=\"Telefonkabinen-Sit-In Paparazzi?\" class=\"centered\" \/><\/p>\n<p>Dann, endlich, der gem\u00fctlichere Teil:<\/p>\n<p><img decoding=\"async\" src=\"http:\/\/bloggingtom.ch\/wp-content\/uploads\/2009\/06\/20090626-sitin-ziczaczug.jpg\" alt=\"Telefonkabinen-Sit-In Sig-sag-sug\" class=\"centered\" \/><\/p>\n<p><img decoding=\"async\" src=\"http:\/\/bloggingtom.ch\/wp-content\/uploads\/2009\/06\/20090626-sitin-gemuetlicherteil1.jpg\" alt=\"Telefonkabinen-Sit-In Bier her\u2026 Bier her\u2026\" class=\"centered\" \/><\/p>\n<p><img decoding=\"async\" src=\"http:\/\/bloggingtom.ch\/wp-content\/uploads\/2009\/06\/20090626-sitin-stilleben.jpg\" alt=\"Telefonkabinen-Sit-In Stilleben\" class=\"centered\" \/><\/p>\n<p><img decoding=\"async\" src=\"http:\/\/bloggingtom.ch\/wp-content\/uploads\/2009\/06\/20090626-sitin-kebab.jpg\" alt=\"Telefonkabinen-Sit-In Kebab\" class=\"centered\" \/><\/p>\n<p>Dass ich von Apple-J\u00fcngern umzingelt war (l\u00f6bliche Ausnahme war @chicundschlau), merkte ich sp\u00e4testens nachdem der Durst und Hunger etwas gestillt war&#8230;<\/p>\n<p><img decoding=\"async\" src=\"http:\/\/bloggingtom.ch\/wp-content\/uploads\/2009\/06\/20090626-sitin-apple-juenger.jpg\" alt=\"Telefonkabinen-Sit-In Alles Apple-J\u00fcnger oder was?\" class=\"centered\" \/><\/p>\n<p><img decoding=\"async\" src=\"http:\/\/bloggingtom.ch\/wp-content\/uploads\/2009\/06\/20090626-sitin-sprechblose.jpg\" alt=\"Telefonkabinen-Sit-In Sprechblose?\" class=\"centered\" \/><\/p>\n<p>Was mir wiederum Zeit gab, mich der Gruppe der Fashionblogger zu widmen&#8230;<\/p>\n<p><img decoding=\"async\" src=\"http:\/\/bloggingtom.ch\/wp-content\/uploads\/2009\/06\/20090626-sitin-fashionblogger.jpg\" alt=\"Telefonzellen-Sit-In Die drei Fashionblogger\" class=\"centered\" \/><\/p>\n<p><img decoding=\"async\" src=\"http:\/\/bloggingtom.ch\/wp-content\/uploads\/2009\/06\/20090626-sitin-chicundschlau.jpg\" alt=\"Telefonkabinen-Sit-In Ich bin auch chic und schlau\" class=\"centered\" \/><\/p>\n<p>Danke euch allen f\u00fcr den lustigen Abend!<\/p>\n<p>Der pixelige Freund hat noch <a href=\"http:\/\/www.pixelfreund.ch\/2009\/06\/bloggingtoms-telefonkabinen-sit-in-tweetup-am-central\/\" target=\"_blank\" >einige Fotos mehr<\/a> und Frau Chic und Schlau hat uns sogar einen <a href=\"http:\/\/chic-und-schlau.blogspot.com\/2009\/06\/twitter-abend.html\" target=\"_blank\" >ehrenwerten Artikel<\/a> gewidmet&#8230;<\/p>\n","protected":false},"excerpt":{"rendered":"<p>Das gestrige, spontan angek\u00fcndigte Sit-In in meiner Telefonkabine am Central, hat mehr Leute angelockt, als ich mir das vorgestellt habe. Danke an @moritzadler, @hetty, @phogenkamp, @pixelfreund, @nkyramarios, @capo42, @avongunten, @_annubis_, @lgwigg und nat\u00fcrlich an die einzige Dame in der Runde, @chicundschlau f\u00fcrs Erscheinen! Gespanntes Warten (und twittern), wer denn da so alles kommt&#8230; Und es [&hellip;]<\/p>\n","protected":false},"author":1,"featured_media":0,"comment_status":"open","ping_status":"open","sticky":false,"template":"","format":"standard","meta":{"twitterCardType":"","cardImageID":0,"cardImage":"","cardTitle":"","cardDesc":"","cardImageAlt":"","cardPlayer":"","cardPlayerWidth":0,"cardPlayerHeight":0,"cardPlayerStream":"","cardPlayerCodec":"","_jetpack_memberships_contains_paid_content":false,"footnotes":""},"categories":[2955],"tags":[3214,3215,3216,141],"class_list":["post-2209","post","type-post","status-publish","format-standard","hentry","category-events-veranstaltungen","tag-sit-in","tag-telefonzelle","tag-tweetup","tag-zurich"],"yoast_head":"<!-- This site is optimized with the Yoast SEO plugin v27.1.1 - https:\/\/yoast.com\/product\/yoast-seo-wordpress\/ -->\n<title>Sit-In Tweetup am Z\u00fcrcher Central - BloggingTom<\/title>\n<meta name=\"robots\" content=\"index, follow, max-snippet:-1, max-image-preview:large, max-video-preview:-1\" \/>\n<link rel=\"canonical\" href=\"https:\/\/bloggingtom.ch\/blog\/archives\/2009\/06\/26\/sit-in-tweetup-am-zurcher-central\/\" \/>\n<meta name=\"twitter:label1\" content=\"Verfasst von\" \/>\n\t<meta name=\"twitter:data1\" content=\"BloggingTom\" \/>\n\t<meta name=\"twitter:label2\" content=\"Gesch\u00e4tzte Lesezeit\" \/>\n\t<meta name=\"twitter:data2\" content=\"1\u00a0Minute\" \/>\n<script type=\"application\/ld+json\" class=\"yoast-schema-graph\">{\"@context\":\"https:\/\/schema.org\",\"@graph\":[{\"@type\":\"Article\",\"@id\":\"https:\/\/bloggingtom.ch\/blog\/archives\/2009\/06\/26\/sit-in-tweetup-am-zurcher-central\/#article\",\"isPartOf\":{\"@id\":\"https:\/\/bloggingtom.ch\/blog\/archives\/2009\/06\/26\/sit-in-tweetup-am-zurcher-central\/\"},\"author\":{\"name\":\"BloggingTom\",\"@id\":\"https:\/\/bloggingtom.ch\/blog\/#\/schema\/person\/f6c8d3d5f30c10217b69ac72723e9d1c\"},\"headline\":\"Sit-In Tweetup am Z\u00fcrcher Central\",\"datePublished\":\"2009-06-26T08:01:42+00:00\",\"dateModified\":\"2009-06-26T08:02:17+00:00\",\"mainEntityOfPage\":{\"@id\":\"https:\/\/bloggingtom.ch\/blog\/archives\/2009\/06\/26\/sit-in-tweetup-am-zurcher-central\/\"},\"wordCount\":217,\"commentCount\":15,\"publisher\":{\"@id\":\"https:\/\/bloggingtom.ch\/blog\/#\/schema\/person\/f6c8d3d5f30c10217b69ac72723e9d1c\"},\"image\":{\"@id\":\"https:\/\/bloggingtom.ch\/blog\/archives\/2009\/06\/26\/sit-in-tweetup-am-zurcher-central\/#primaryimage\"},\"thumbnailUrl\":\"http:\/\/bloggingtom.ch\/wp-content\/uploads\/2009\/06\/20090626-sitin-gespanntes-warten.jpg\",\"keywords\":[\"sit-in\",\"telefonzelle\",\"tweetup\",\"z\u00fcrich\"],\"articleSection\":[\"Events &amp; Veranstaltungen\"],\"inLanguage\":\"de\",\"potentialAction\":[{\"@type\":\"CommentAction\",\"name\":\"Comment\",\"target\":[\"https:\/\/bloggingtom.ch\/blog\/archives\/2009\/06\/26\/sit-in-tweetup-am-zurcher-central\/#respond\"]}]},{\"@type\":\"WebPage\",\"@id\":\"https:\/\/bloggingtom.ch\/blog\/archives\/2009\/06\/26\/sit-in-tweetup-am-zurcher-central\/\",\"url\":\"https:\/\/bloggingtom.ch\/blog\/archives\/2009\/06\/26\/sit-in-tweetup-am-zurcher-central\/\",\"name\":\"Sit-In Tweetup am Z\u00fcrcher Central - BloggingTom\",\"isPartOf\":{\"@id\":\"https:\/\/bloggingtom.ch\/blog\/#website\"},\"primaryImageOfPage\":{\"@id\":\"https:\/\/bloggingtom.ch\/blog\/archives\/2009\/06\/26\/sit-in-tweetup-am-zurcher-central\/#primaryimage\"},\"image\":{\"@id\":\"https:\/\/bloggingtom.ch\/blog\/archives\/2009\/06\/26\/sit-in-tweetup-am-zurcher-central\/#primaryimage\"},\"thumbnailUrl\":\"http:\/\/bloggingtom.ch\/wp-content\/uploads\/2009\/06\/20090626-sitin-gespanntes-warten.jpg\",\"datePublished\":\"2009-06-26T08:01:42+00:00\",\"dateModified\":\"2009-06-26T08:02:17+00:00\",\"breadcrumb\":{\"@id\":\"https:\/\/bloggingtom.ch\/blog\/archives\/2009\/06\/26\/sit-in-tweetup-am-zurcher-central\/#breadcrumb\"},\"inLanguage\":\"de\",\"potentialAction\":[{\"@type\":\"ReadAction\",\"target\":[\"https:\/\/bloggingtom.ch\/blog\/archives\/2009\/06\/26\/sit-in-tweetup-am-zurcher-central\/\"]}]},{\"@type\":\"ImageObject\",\"inLanguage\":\"de\",\"@id\":\"https:\/\/bloggingtom.ch\/blog\/archives\/2009\/06\/26\/sit-in-tweetup-am-zurcher-central\/#primaryimage\",\"url\":\"http:\/\/bloggingtom.ch\/wp-content\/uploads\/2009\/06\/20090626-sitin-gespanntes-warten.jpg\",\"contentUrl\":\"http:\/\/bloggingtom.ch\/wp-content\/uploads\/2009\/06\/20090626-sitin-gespanntes-warten.jpg\"},{\"@type\":\"BreadcrumbList\",\"@id\":\"https:\/\/bloggingtom.ch\/blog\/archives\/2009\/06\/26\/sit-in-tweetup-am-zurcher-central\/#breadcrumb\",\"itemListElement\":[{\"@type\":\"ListItem\",\"position\":1,\"name\":\"Home\",\"item\":\"https:\/\/bloggingtom.ch\/blog\/\"},{\"@type\":\"ListItem\",\"position\":2,\"name\":\"Sit-In Tweetup am Z\u00fcrcher Central\"}]},{\"@type\":\"WebSite\",\"@id\":\"https:\/\/bloggingtom.ch\/blog\/#website\",\"url\":\"https:\/\/bloggingtom.ch\/blog\/\",\"name\":\"BloggingTom\",\"description\":\"Die t\u00e4glichen Abenteuer im Cyberspace...\",\"publisher\":{\"@id\":\"https:\/\/bloggingtom.ch\/blog\/#\/schema\/person\/f6c8d3d5f30c10217b69ac72723e9d1c\"},\"potentialAction\":[{\"@type\":\"SearchAction\",\"target\":{\"@type\":\"EntryPoint\",\"urlTemplate\":\"https:\/\/bloggingtom.ch\/blog\/?s={search_term_string}\"},\"query-input\":{\"@type\":\"PropertyValueSpecification\",\"valueRequired\":true,\"valueName\":\"search_term_string\"}}],\"inLanguage\":\"de\"},{\"@type\":[\"Person\",\"Organization\"],\"@id\":\"https:\/\/bloggingtom.ch\/blog\/#\/schema\/person\/f6c8d3d5f30c10217b69ac72723e9d1c\",\"name\":\"BloggingTom\",\"image\":{\"@type\":\"ImageObject\",\"inLanguage\":\"de\",\"@id\":\"https:\/\/bloggingtom.ch\/blog\/#\/schema\/person\/image\/\",\"url\":\"https:\/\/secure.gravatar.com\/avatar\/17c2b6a2966fc102465cf177587d359e4dac41adfaab355352baee5d5d46f277?s=96&d=mm&r=g\",\"contentUrl\":\"https:\/\/secure.gravatar.com\/avatar\/17c2b6a2966fc102465cf177587d359e4dac41adfaab355352baee5d5d46f277?s=96&d=mm&r=g\",\"caption\":\"BloggingTom\"},\"logo\":{\"@id\":\"https:\/\/bloggingtom.ch\/blog\/#\/schema\/person\/image\/\"},\"sameAs\":[\"http:\/\/bloggingtom.ch\"],\"url\":\"https:\/\/bloggingtom.ch\/blog\/archives\/author\/bloggingtom\/\"}]}<\/script>\n<!-- \/ Yoast SEO plugin. -->","yoast_head_json":{"title":"Sit-In Tweetup am Z\u00fcrcher Central - BloggingTom","robots":{"index":"index","follow":"follow","max-snippet":"max-snippet:-1","max-image-preview":"max-image-preview:large","max-video-preview":"max-video-preview:-1"},"canonical":"https:\/\/bloggingtom.ch\/blog\/archives\/2009\/06\/26\/sit-in-tweetup-am-zurcher-central\/","twitter_misc":{"Verfasst von":"BloggingTom","Gesch\u00e4tzte Lesezeit":"1\u00a0Minute"},"schema":{"@context":"https:\/\/schema.org","@graph":[{"@type":"Article","@id":"https:\/\/bloggingtom.ch\/blog\/archives\/2009\/06\/26\/sit-in-tweetup-am-zurcher-central\/#article","isPartOf":{"@id":"https:\/\/bloggingtom.ch\/blog\/archives\/2009\/06\/26\/sit-in-tweetup-am-zurcher-central\/"},"author":{"name":"BloggingTom","@id":"https:\/\/bloggingtom.ch\/blog\/#\/schema\/person\/f6c8d3d5f30c10217b69ac72723e9d1c"},"headline":"Sit-In Tweetup am Z\u00fcrcher Central","datePublished":"2009-06-26T08:01:42+00:00","dateModified":"2009-06-26T08:02:17+00:00","mainEntityOfPage":{"@id":"https:\/\/bloggingtom.ch\/blog\/archives\/2009\/06\/26\/sit-in-tweetup-am-zurcher-central\/"},"wordCount":217,"commentCount":15,"publisher":{"@id":"https:\/\/bloggingtom.ch\/blog\/#\/schema\/person\/f6c8d3d5f30c10217b69ac72723e9d1c"},"image":{"@id":"https:\/\/bloggingtom.ch\/blog\/archives\/2009\/06\/26\/sit-in-tweetup-am-zurcher-central\/#primaryimage"},"thumbnailUrl":"http:\/\/bloggingtom.ch\/wp-content\/uploads\/2009\/06\/20090626-sitin-gespanntes-warten.jpg","keywords":["sit-in","telefonzelle","tweetup","z\u00fcrich"],"articleSection":["Events &amp; Veranstaltungen"],"inLanguage":"de","potentialAction":[{"@type":"CommentAction","name":"Comment","target":["https:\/\/bloggingtom.ch\/blog\/archives\/2009\/06\/26\/sit-in-tweetup-am-zurcher-central\/#respond"]}]},{"@type":"WebPage","@id":"https:\/\/bloggingtom.ch\/blog\/archives\/2009\/06\/26\/sit-in-tweetup-am-zurcher-central\/","url":"https:\/\/bloggingtom.ch\/blog\/archives\/2009\/06\/26\/sit-in-tweetup-am-zurcher-central\/","name":"Sit-In Tweetup am Z\u00fcrcher Central - BloggingTom","isPartOf":{"@id":"https:\/\/bloggingtom.ch\/blog\/#website"},"primaryImageOfPage":{"@id":"https:\/\/bloggingtom.ch\/blog\/archives\/2009\/06\/26\/sit-in-tweetup-am-zurcher-central\/#primaryimage"},"image":{"@id":"https:\/\/bloggingtom.ch\/blog\/archives\/2009\/06\/26\/sit-in-tweetup-am-zurcher-central\/#primaryimage"},"thumbnailUrl":"http:\/\/bloggingtom.ch\/wp-content\/uploads\/2009\/06\/20090626-sitin-gespanntes-warten.jpg","datePublished":"2009-06-26T08:01:42+00:00","dateModified":"2009-06-26T08:02:17+00:00","breadcrumb":{"@id":"https:\/\/bloggingtom.ch\/blog\/archives\/2009\/06\/26\/sit-in-tweetup-am-zurcher-central\/#breadcrumb"},"inLanguage":"de","potentialAction":[{"@type":"ReadAction","target":["https:\/\/bloggingtom.ch\/blog\/archives\/2009\/06\/26\/sit-in-tweetup-am-zurcher-central\/"]}]},{"@type":"ImageObject","inLanguage":"de","@id":"https:\/\/bloggingtom.ch\/blog\/archives\/2009\/06\/26\/sit-in-tweetup-am-zurcher-central\/#primaryimage","url":"http:\/\/bloggingtom.ch\/wp-content\/uploads\/2009\/06\/20090626-sitin-gespanntes-warten.jpg","contentUrl":"http:\/\/bloggingtom.ch\/wp-content\/uploads\/2009\/06\/20090626-sitin-gespanntes-warten.jpg"},{"@type":"BreadcrumbList","@id":"https:\/\/bloggingtom.ch\/blog\/archives\/2009\/06\/26\/sit-in-tweetup-am-zurcher-central\/#breadcrumb","itemListElement":[{"@type":"ListItem","position":1,"name":"Home","item":"https:\/\/bloggingtom.ch\/blog\/"},{"@type":"ListItem","position":2,"name":"Sit-In Tweetup am Z\u00fcrcher Central"}]},{"@type":"WebSite","@id":"https:\/\/bloggingtom.ch\/blog\/#website","url":"https:\/\/bloggingtom.ch\/blog\/","name":"BloggingTom","description":"Die t\u00e4glichen Abenteuer im Cyberspace...","publisher":{"@id":"https:\/\/bloggingtom.ch\/blog\/#\/schema\/person\/f6c8d3d5f30c10217b69ac72723e9d1c"},"potentialAction":[{"@type":"SearchAction","target":{"@type":"EntryPoint","urlTemplate":"https:\/\/bloggingtom.ch\/blog\/?s={search_term_string}"},"query-input":{"@type":"PropertyValueSpecification","valueRequired":true,"valueName":"search_term_string"}}],"inLanguage":"de"},{"@type":["Person","Organization"],"@id":"https:\/\/bloggingtom.ch\/blog\/#\/schema\/person\/f6c8d3d5f30c10217b69ac72723e9d1c","name":"BloggingTom","image":{"@type":"ImageObject","inLanguage":"de","@id":"https:\/\/bloggingtom.ch\/blog\/#\/schema\/person\/image\/","url":"https:\/\/secure.gravatar.com\/avatar\/17c2b6a2966fc102465cf177587d359e4dac41adfaab355352baee5d5d46f277?s=96&d=mm&r=g","contentUrl":"https:\/\/secure.gravatar.com\/avatar\/17c2b6a2966fc102465cf177587d359e4dac41adfaab355352baee5d5d46f277?s=96&d=mm&r=g","caption":"BloggingTom"},"logo":{"@id":"https:\/\/bloggingtom.ch\/blog\/#\/schema\/person\/image\/"},"sameAs":["http:\/\/bloggingtom.ch"],"url":"https:\/\/bloggingtom.ch\/blog\/archives\/author\/bloggingtom\/"}]}},"jetpack_featured_media_url":"","jetpack_shortlink":"https:\/\/wp.me\/pa6Ev-zD","jetpack_likes_enabled":true,"jetpack_sharing_enabled":true,"_links":{"self":[{"href":"https:\/\/bloggingtom.ch\/blog\/wp-json\/wp\/v2\/posts\/2209","targetHints":{"allow":["GET"]}}],"collection":[{"href":"https:\/\/bloggingtom.ch\/blog\/wp-json\/wp\/v2\/posts"}],"about":[{"href":"https:\/\/bloggingtom.ch\/blog\/wp-json\/wp\/v2\/types\/post"}],"author":[{"embeddable":true,"href":"https:\/\/bloggingtom.ch\/blog\/wp-json\/wp\/v2\/users\/1"}],"replies":[{"embeddable":true,"href":"https:\/\/bloggingtom.ch\/blog\/wp-json\/wp\/v2\/comments?post=2209"}],"version-history":[{"count":0,"href":"https:\/\/bloggingtom.ch\/blog\/wp-json\/wp\/v2\/posts\/2209\/revisions"}],"wp:attachment":[{"href":"https:\/\/bloggingtom.ch\/blog\/wp-json\/wp\/v2\/media?parent=2209"}],"wp:term":[{"taxonomy":"category","embeddable":true,"href":"https:\/\/bloggingtom.ch\/blog\/wp-json\/wp\/v2\/categories?post=2209"},{"taxonomy":"post_tag","embeddable":true,"href":"https:\/\/bloggingtom.ch\/blog\/wp-json\/wp\/v2\/tags?post=2209"}],"curies":[{"name":"wp","href":"https:\/\/api.w.org\/{rel}","templated":true}]}}