{"id":2093,"date":"2009-02-08T15:26:29","date_gmt":"2009-02-08T14:26:29","guid":{"rendered":"http:\/\/bloggingtom.ch\/archives\/2009\/02\/08\/blogcamp-wieder-zuruck-an-der-eth\/"},"modified":"2009-02-08T15:26:29","modified_gmt":"2009-02-08T14:26:29","slug":"blogcamp-wieder-zuruck-an-der-eth","status":"publish","type":"post","link":"https:\/\/bloggingtom.ch\/blog\/archives\/2009\/02\/08\/blogcamp-wieder-zuruck-an-der-eth\/","title":{"rendered":"BlogCamp wieder zur\u00fcck an der ETH"},"content":{"rendered":"<p>Die vierte Ausgabe des <a href=\"http:\/\/blogcamp.ch\/\" target=\"_blank\" >BlogCamp Switzerland<\/a> geht quasi &#8222;back to the roots&#8220; und findet am 21. M\u00e4rz 2009 wieder an der ETH Z\u00fcrich statt. W\u00e4hrend das BlogCamp im vergangenen Jahr mitten in der Woche anl\u00e4sslich des &#8222;<a href=\"http:\/\/informatica08.ch\/de\/Tag_der_Informatik.html\" target=\"_blank\" >Tag der Informatik<\/a>&#8220; stattfand, d\u00fcrfte die diesj\u00e4hrige R\u00fcckkehr zum Samstag f\u00fcr mehr Besucher sorgen.<\/p>\n<p><img decoding=\"async\" src=\"http:\/\/bloggingtom.ch\/wp-content\/uploads\/2009\/02\/20090208-blogcamp-switzerland-4.jpg\" alt=\"Blogcamp Switzerland 4\"  class=\"centered\" \/><\/p>\n<p>Ich pers\u00f6nlich werde es dieses Jahr aber nicht ans BlogCamp schaffen, sondern mir den Samstag \u00fcber den Wolken auf dem R\u00fcckflug von der <a href=\"http:\/\/2009.visitmix.com\/\" target=\"_blank\" >MIX09<\/a> vertreiben m\u00fcssen. Aber ihr schafft das sicher auch ohne mich \ud83d\ude09<\/p>\n","protected":false},"excerpt":{"rendered":"<p>Die vierte Ausgabe des BlogCamp Switzerland geht quasi &#8222;back to the roots&#8220; und findet am 21. M\u00e4rz 2009 wieder an der ETH Z\u00fcrich statt. W\u00e4hrend das BlogCamp im vergangenen Jahr mitten in der Woche anl\u00e4sslich des &#8222;Tag der Informatik&#8220; stattfand, d\u00fcrfte die diesj\u00e4hrige R\u00fcckkehr zum Samstag f\u00fcr mehr Besucher sorgen. Ich pers\u00f6nlich werde es dieses [&hellip;]<\/p>\n","protected":false},"author":1,"featured_media":0,"comment_status":"open","ping_status":"open","sticky":false,"template":"","format":"standard","meta":{"twitterCardType":"","cardImageID":0,"cardImage":"","cardTitle":"","cardDesc":"","cardImageAlt":"","cardPlayer":"","cardPlayerWidth":0,"cardPlayerHeight":0,"cardPlayerStream":"","cardPlayerCodec":"","_jetpack_memberships_contains_paid_content":false,"footnotes":""},"categories":[2955],"tags":[3110,2480,141],"class_list":["post-2093","post","type-post","status-publish","format-standard","hentry","category-events-veranstaltungen","tag-blogcamp","tag-bloggertreffen","tag-zurich"],"yoast_head":"<!-- This site is optimized with the Yoast SEO plugin v27.1.1 - https:\/\/yoast.com\/product\/yoast-seo-wordpress\/ -->\n<title>BlogCamp wieder zur\u00fcck an der ETH - BloggingTom<\/title>\n<meta name=\"robots\" content=\"index, follow, max-snippet:-1, max-image-preview:large, max-video-preview:-1\" \/>\n<link rel=\"canonical\" href=\"https:\/\/bloggingtom.ch\/blog\/archives\/2009\/02\/08\/blogcamp-wieder-zuruck-an-der-eth\/\" \/>\n<meta name=\"twitter:label1\" content=\"Verfasst von\" \/>\n\t<meta name=\"twitter:data1\" content=\"BloggingTom\" \/>\n<script type=\"application\/ld+json\" class=\"yoast-schema-graph\">{\"@context\":\"https:\/\/schema.org\",\"@graph\":[{\"@type\":\"Article\",\"@id\":\"https:\/\/bloggingtom.ch\/blog\/archives\/2009\/02\/08\/blogcamp-wieder-zuruck-an-der-eth\/#article\",\"isPartOf\":{\"@id\":\"https:\/\/bloggingtom.ch\/blog\/archives\/2009\/02\/08\/blogcamp-wieder-zuruck-an-der-eth\/\"},\"author\":{\"name\":\"BloggingTom\",\"@id\":\"https:\/\/bloggingtom.ch\/blog\/#\/schema\/person\/f6c8d3d5f30c10217b69ac72723e9d1c\"},\"headline\":\"BlogCamp wieder zur\u00fcck an der ETH\",\"datePublished\":\"2009-02-08T14:26:29+00:00\",\"mainEntityOfPage\":{\"@id\":\"https:\/\/bloggingtom.ch\/blog\/archives\/2009\/02\/08\/blogcamp-wieder-zuruck-an-der-eth\/\"},\"wordCount\":101,\"commentCount\":3,\"publisher\":{\"@id\":\"https:\/\/bloggingtom.ch\/blog\/#\/schema\/person\/f6c8d3d5f30c10217b69ac72723e9d1c\"},\"image\":{\"@id\":\"https:\/\/bloggingtom.ch\/blog\/archives\/2009\/02\/08\/blogcamp-wieder-zuruck-an-der-eth\/#primaryimage\"},\"thumbnailUrl\":\"http:\/\/bloggingtom.ch\/wp-content\/uploads\/2009\/02\/20090208-blogcamp-switzerland-4.jpg\",\"keywords\":[\"blogcamp\",\"bloggertreffen\",\"z\u00fcrich\"],\"articleSection\":[\"Events &amp; Veranstaltungen\"],\"inLanguage\":\"de\",\"potentialAction\":[{\"@type\":\"CommentAction\",\"name\":\"Comment\",\"target\":[\"https:\/\/bloggingtom.ch\/blog\/archives\/2009\/02\/08\/blogcamp-wieder-zuruck-an-der-eth\/#respond\"]}]},{\"@type\":\"WebPage\",\"@id\":\"https:\/\/bloggingtom.ch\/blog\/archives\/2009\/02\/08\/blogcamp-wieder-zuruck-an-der-eth\/\",\"url\":\"https:\/\/bloggingtom.ch\/blog\/archives\/2009\/02\/08\/blogcamp-wieder-zuruck-an-der-eth\/\",\"name\":\"BlogCamp wieder zur\u00fcck an der ETH - BloggingTom\",\"isPartOf\":{\"@id\":\"https:\/\/bloggingtom.ch\/blog\/#website\"},\"primaryImageOfPage\":{\"@id\":\"https:\/\/bloggingtom.ch\/blog\/archives\/2009\/02\/08\/blogcamp-wieder-zuruck-an-der-eth\/#primaryimage\"},\"image\":{\"@id\":\"https:\/\/bloggingtom.ch\/blog\/archives\/2009\/02\/08\/blogcamp-wieder-zuruck-an-der-eth\/#primaryimage\"},\"thumbnailUrl\":\"http:\/\/bloggingtom.ch\/wp-content\/uploads\/2009\/02\/20090208-blogcamp-switzerland-4.jpg\",\"datePublished\":\"2009-02-08T14:26:29+00:00\",\"breadcrumb\":{\"@id\":\"https:\/\/bloggingtom.ch\/blog\/archives\/2009\/02\/08\/blogcamp-wieder-zuruck-an-der-eth\/#breadcrumb\"},\"inLanguage\":\"de\",\"potentialAction\":[{\"@type\":\"ReadAction\",\"target\":[\"https:\/\/bloggingtom.ch\/blog\/archives\/2009\/02\/08\/blogcamp-wieder-zuruck-an-der-eth\/\"]}]},{\"@type\":\"ImageObject\",\"inLanguage\":\"de\",\"@id\":\"https:\/\/bloggingtom.ch\/blog\/archives\/2009\/02\/08\/blogcamp-wieder-zuruck-an-der-eth\/#primaryimage\",\"url\":\"http:\/\/bloggingtom.ch\/wp-content\/uploads\/2009\/02\/20090208-blogcamp-switzerland-4.jpg\",\"contentUrl\":\"http:\/\/bloggingtom.ch\/wp-content\/uploads\/2009\/02\/20090208-blogcamp-switzerland-4.jpg\"},{\"@type\":\"BreadcrumbList\",\"@id\":\"https:\/\/bloggingtom.ch\/blog\/archives\/2009\/02\/08\/blogcamp-wieder-zuruck-an-der-eth\/#breadcrumb\",\"itemListElement\":[{\"@type\":\"ListItem\",\"position\":1,\"name\":\"Home\",\"item\":\"https:\/\/bloggingtom.ch\/blog\/\"},{\"@type\":\"ListItem\",\"position\":2,\"name\":\"BlogCamp wieder zur\u00fcck an der ETH\"}]},{\"@type\":\"WebSite\",\"@id\":\"https:\/\/bloggingtom.ch\/blog\/#website\",\"url\":\"https:\/\/bloggingtom.ch\/blog\/\",\"name\":\"BloggingTom\",\"description\":\"Die t\u00e4glichen Abenteuer im Cyberspace...\",\"publisher\":{\"@id\":\"https:\/\/bloggingtom.ch\/blog\/#\/schema\/person\/f6c8d3d5f30c10217b69ac72723e9d1c\"},\"potentialAction\":[{\"@type\":\"SearchAction\",\"target\":{\"@type\":\"EntryPoint\",\"urlTemplate\":\"https:\/\/bloggingtom.ch\/blog\/?s={search_term_string}\"},\"query-input\":{\"@type\":\"PropertyValueSpecification\",\"valueRequired\":true,\"valueName\":\"search_term_string\"}}],\"inLanguage\":\"de\"},{\"@type\":[\"Person\",\"Organization\"],\"@id\":\"https:\/\/bloggingtom.ch\/blog\/#\/schema\/person\/f6c8d3d5f30c10217b69ac72723e9d1c\",\"name\":\"BloggingTom\",\"image\":{\"@type\":\"ImageObject\",\"inLanguage\":\"de\",\"@id\":\"https:\/\/bloggingtom.ch\/blog\/#\/schema\/person\/image\/\",\"url\":\"https:\/\/secure.gravatar.com\/avatar\/17c2b6a2966fc102465cf177587d359e4dac41adfaab355352baee5d5d46f277?s=96&d=mm&r=g\",\"contentUrl\":\"https:\/\/secure.gravatar.com\/avatar\/17c2b6a2966fc102465cf177587d359e4dac41adfaab355352baee5d5d46f277?s=96&d=mm&r=g\",\"caption\":\"BloggingTom\"},\"logo\":{\"@id\":\"https:\/\/bloggingtom.ch\/blog\/#\/schema\/person\/image\/\"},\"sameAs\":[\"http:\/\/bloggingtom.ch\"],\"url\":\"https:\/\/bloggingtom.ch\/blog\/archives\/author\/bloggingtom\/\"}]}<\/script>\n<!-- \/ Yoast SEO plugin. -->","yoast_head_json":{"title":"BlogCamp wieder zur\u00fcck an der ETH - BloggingTom","robots":{"index":"index","follow":"follow","max-snippet":"max-snippet:-1","max-image-preview":"max-image-preview:large","max-video-preview":"max-video-preview:-1"},"canonical":"https:\/\/bloggingtom.ch\/blog\/archives\/2009\/02\/08\/blogcamp-wieder-zuruck-an-der-eth\/","twitter_misc":{"Verfasst von":"BloggingTom"},"schema":{"@context":"https:\/\/schema.org","@graph":[{"@type":"Article","@id":"https:\/\/bloggingtom.ch\/blog\/archives\/2009\/02\/08\/blogcamp-wieder-zuruck-an-der-eth\/#article","isPartOf":{"@id":"https:\/\/bloggingtom.ch\/blog\/archives\/2009\/02\/08\/blogcamp-wieder-zuruck-an-der-eth\/"},"author":{"name":"BloggingTom","@id":"https:\/\/bloggingtom.ch\/blog\/#\/schema\/person\/f6c8d3d5f30c10217b69ac72723e9d1c"},"headline":"BlogCamp wieder zur\u00fcck an der ETH","datePublished":"2009-02-08T14:26:29+00:00","mainEntityOfPage":{"@id":"https:\/\/bloggingtom.ch\/blog\/archives\/2009\/02\/08\/blogcamp-wieder-zuruck-an-der-eth\/"},"wordCount":101,"commentCount":3,"publisher":{"@id":"https:\/\/bloggingtom.ch\/blog\/#\/schema\/person\/f6c8d3d5f30c10217b69ac72723e9d1c"},"image":{"@id":"https:\/\/bloggingtom.ch\/blog\/archives\/2009\/02\/08\/blogcamp-wieder-zuruck-an-der-eth\/#primaryimage"},"thumbnailUrl":"http:\/\/bloggingtom.ch\/wp-content\/uploads\/2009\/02\/20090208-blogcamp-switzerland-4.jpg","keywords":["blogcamp","bloggertreffen","z\u00fcrich"],"articleSection":["Events &amp; Veranstaltungen"],"inLanguage":"de","potentialAction":[{"@type":"CommentAction","name":"Comment","target":["https:\/\/bloggingtom.ch\/blog\/archives\/2009\/02\/08\/blogcamp-wieder-zuruck-an-der-eth\/#respond"]}]},{"@type":"WebPage","@id":"https:\/\/bloggingtom.ch\/blog\/archives\/2009\/02\/08\/blogcamp-wieder-zuruck-an-der-eth\/","url":"https:\/\/bloggingtom.ch\/blog\/archives\/2009\/02\/08\/blogcamp-wieder-zuruck-an-der-eth\/","name":"BlogCamp wieder zur\u00fcck an der ETH - BloggingTom","isPartOf":{"@id":"https:\/\/bloggingtom.ch\/blog\/#website"},"primaryImageOfPage":{"@id":"https:\/\/bloggingtom.ch\/blog\/archives\/2009\/02\/08\/blogcamp-wieder-zuruck-an-der-eth\/#primaryimage"},"image":{"@id":"https:\/\/bloggingtom.ch\/blog\/archives\/2009\/02\/08\/blogcamp-wieder-zuruck-an-der-eth\/#primaryimage"},"thumbnailUrl":"http:\/\/bloggingtom.ch\/wp-content\/uploads\/2009\/02\/20090208-blogcamp-switzerland-4.jpg","datePublished":"2009-02-08T14:26:29+00:00","breadcrumb":{"@id":"https:\/\/bloggingtom.ch\/blog\/archives\/2009\/02\/08\/blogcamp-wieder-zuruck-an-der-eth\/#breadcrumb"},"inLanguage":"de","potentialAction":[{"@type":"ReadAction","target":["https:\/\/bloggingtom.ch\/blog\/archives\/2009\/02\/08\/blogcamp-wieder-zuruck-an-der-eth\/"]}]},{"@type":"ImageObject","inLanguage":"de","@id":"https:\/\/bloggingtom.ch\/blog\/archives\/2009\/02\/08\/blogcamp-wieder-zuruck-an-der-eth\/#primaryimage","url":"http:\/\/bloggingtom.ch\/wp-content\/uploads\/2009\/02\/20090208-blogcamp-switzerland-4.jpg","contentUrl":"http:\/\/bloggingtom.ch\/wp-content\/uploads\/2009\/02\/20090208-blogcamp-switzerland-4.jpg"},{"@type":"BreadcrumbList","@id":"https:\/\/bloggingtom.ch\/blog\/archives\/2009\/02\/08\/blogcamp-wieder-zuruck-an-der-eth\/#breadcrumb","itemListElement":[{"@type":"ListItem","position":1,"name":"Home","item":"https:\/\/bloggingtom.ch\/blog\/"},{"@type":"ListItem","position":2,"name":"BlogCamp wieder zur\u00fcck an der ETH"}]},{"@type":"WebSite","@id":"https:\/\/bloggingtom.ch\/blog\/#website","url":"https:\/\/bloggingtom.ch\/blog\/","name":"BloggingTom","description":"Die t\u00e4glichen Abenteuer im Cyberspace...","publisher":{"@id":"https:\/\/bloggingtom.ch\/blog\/#\/schema\/person\/f6c8d3d5f30c10217b69ac72723e9d1c"},"potentialAction":[{"@type":"SearchAction","target":{"@type":"EntryPoint","urlTemplate":"https:\/\/bloggingtom.ch\/blog\/?s={search_term_string}"},"query-input":{"@type":"PropertyValueSpecification","valueRequired":true,"valueName":"search_term_string"}}],"inLanguage":"de"},{"@type":["Person","Organization"],"@id":"https:\/\/bloggingtom.ch\/blog\/#\/schema\/person\/f6c8d3d5f30c10217b69ac72723e9d1c","name":"BloggingTom","image":{"@type":"ImageObject","inLanguage":"de","@id":"https:\/\/bloggingtom.ch\/blog\/#\/schema\/person\/image\/","url":"https:\/\/secure.gravatar.com\/avatar\/17c2b6a2966fc102465cf177587d359e4dac41adfaab355352baee5d5d46f277?s=96&d=mm&r=g","contentUrl":"https:\/\/secure.gravatar.com\/avatar\/17c2b6a2966fc102465cf177587d359e4dac41adfaab355352baee5d5d46f277?s=96&d=mm&r=g","caption":"BloggingTom"},"logo":{"@id":"https:\/\/bloggingtom.ch\/blog\/#\/schema\/person\/image\/"},"sameAs":["http:\/\/bloggingtom.ch"],"url":"https:\/\/bloggingtom.ch\/blog\/archives\/author\/bloggingtom\/"}]}},"jetpack_featured_media_url":"","jetpack_shortlink":"https:\/\/wp.me\/pa6Ev-xL","jetpack_likes_enabled":true,"jetpack_sharing_enabled":true,"_links":{"self":[{"href":"https:\/\/bloggingtom.ch\/blog\/wp-json\/wp\/v2\/posts\/2093","targetHints":{"allow":["GET"]}}],"collection":[{"href":"https:\/\/bloggingtom.ch\/blog\/wp-json\/wp\/v2\/posts"}],"about":[{"href":"https:\/\/bloggingtom.ch\/blog\/wp-json\/wp\/v2\/types\/post"}],"author":[{"embeddable":true,"href":"https:\/\/bloggingtom.ch\/blog\/wp-json\/wp\/v2\/users\/1"}],"replies":[{"embeddable":true,"href":"https:\/\/bloggingtom.ch\/blog\/wp-json\/wp\/v2\/comments?post=2093"}],"version-history":[{"count":0,"href":"https:\/\/bloggingtom.ch\/blog\/wp-json\/wp\/v2\/posts\/2093\/revisions"}],"wp:attachment":[{"href":"https:\/\/bloggingtom.ch\/blog\/wp-json\/wp\/v2\/media?parent=2093"}],"wp:term":[{"taxonomy":"category","embeddable":true,"href":"https:\/\/bloggingtom.ch\/blog\/wp-json\/wp\/v2\/categories?post=2093"},{"taxonomy":"post_tag","embeddable":true,"href":"https:\/\/bloggingtom.ch\/blog\/wp-json\/wp\/v2\/tags?post=2093"}],"curies":[{"name":"wp","href":"https:\/\/api.w.org\/{rel}","templated":true}]}}