{"id":1953,"date":"2008-10-04T19:50:31","date_gmt":"2008-10-04T17:50:31","guid":{"rendered":"http:\/\/bloggingtom.ch\/archives\/2008\/10\/04\/web-20-expo-berlin-startups-gesucht\/"},"modified":"2008-10-04T19:50:31","modified_gmt":"2008-10-04T17:50:31","slug":"web-20-expo-berlin-startups-gesucht","status":"publish","type":"post","link":"https:\/\/bloggingtom.ch\/blog\/archives\/2008\/10\/04\/web-20-expo-berlin-startups-gesucht\/","title":{"rendered":"Web 2.0 Expo Berlin: Startups gesucht"},"content":{"rendered":"<div class=\"img-shadow-right\"><img decoding=\"async\" src=\"http:\/\/bloggingtom.ch\/wp-images\/ownimg\/articles\/20080910-webexberlin2008_125x125.gif\" alt=\"Web 2.0 Expo Berlin\" \/><\/div>\n<p>\u00c4hnlich den Techcrunch Meet-ups erhalten auch an der Web 2.0 Expo in Berlin Startups die M\u00f6glichkeit, sich dem interessierten Publikum vorzustellen. Und zwar nicht nur an der in der Konferenz eingebetteten Expo, sondern auch anl\u00e4sslich <a href=\"http:\/\/en.oreilly.com\/webexberlin2008\/public\/content\/startup-ignite\" target=\"_blank\" >einer Pr\u00e4sentation am 21. Oktober 2008<\/a>.<\/p>\n<blockquote><p>Are you a hot technology startup? Are you in Europe? Do you have a new announcement you want to share with the Web community? On the first night of Web 2.0 Expo Europe we will highlight six companies on the main stage, presented in front of an audience of industry peers, media and VCs. The format is simple, five minutes on stage and a maximum of 15 slides. No demos. Videos are allowed.<\/p><\/blockquote>\n<p>Bewerben kann man sich noch bis zum 10. Oktober <a href=\"https:\/\/spreadsheets.google.com\/viewform?key=pGj9uVDQ6OGMO4pja5WCsFQ&#038;hl=en\" target=\"_blank\" >per Online-Formular<\/a>. Aus den Einsendungen wird eine Jury bestehend aus Brady Forrest (O&#8217;Reilly Radar), Lukasz Gadowski (Spreadshirt), Mike Butcher (TechCrunch UK) und Christophe Maire (gate5 &#038; Plazes) die sechs Firmen ausw\u00e4hlen, die sich am 21. Oktober auf der Hauptb\u00fchne vorstellen k\u00f6nnen.<\/p>\n<p>Wer sich kurzfristig noch als Besucher anmelden will: <a href=\"http:\/\/bloggingtom.ch\/archives\/2008\/09\/27\/mit-35-rabatt-zur-web-20-expo-in-berlin\/\" target=\"_top\" >Das 35% Rabatt-Angebot gilt nat\u00fcrlich noch immer&#8230;<br \/>\n<\/a><\/p>\n","protected":false},"excerpt":{"rendered":"<p>\u00c4hnlich den Techcrunch Meet-ups erhalten auch an der Web 2.0 Expo in Berlin Startups die M\u00f6glichkeit, sich dem interessierten Publikum vorzustellen. Und zwar nicht nur an der in der Konferenz eingebetteten Expo, sondern auch anl\u00e4sslich einer Pr\u00e4sentation am 21. Oktober 2008. Are you a hot technology startup? Are you in Europe? Do you have a [&hellip;]<\/p>\n","protected":false},"author":1,"featured_media":0,"comment_status":"open","ping_status":"open","sticky":false,"template":"","format":"standard","meta":{"twitterCardType":"","cardImageID":0,"cardImage":"","cardTitle":"","cardDesc":"","cardImageAlt":"","cardPlayer":"","cardPlayerWidth":0,"cardPlayerHeight":0,"cardPlayerStream":"","cardPlayerCodec":"","_jetpack_memberships_contains_paid_content":false,"footnotes":""},"categories":[2955],"tags":[2467,1595,3137,3132],"class_list":["post-1953","post","type-post","status-publish","format-standard","hentry","category-events-veranstaltungen","tag-berlin","tag-oreilly","tag-startup","tag-web20expo"],"yoast_head":"<!-- This site is optimized with the Yoast SEO plugin v27.1.1 - https:\/\/yoast.com\/product\/yoast-seo-wordpress\/ -->\n<title>Web 2.0 Expo Berlin: Startups gesucht - BloggingTom<\/title>\n<meta name=\"robots\" content=\"index, follow, max-snippet:-1, max-image-preview:large, max-video-preview:-1\" \/>\n<link rel=\"canonical\" href=\"https:\/\/bloggingtom.ch\/blog\/archives\/2008\/10\/04\/web-20-expo-berlin-startups-gesucht\/\" \/>\n<meta name=\"twitter:label1\" content=\"Verfasst von\" \/>\n\t<meta name=\"twitter:data1\" content=\"BloggingTom\" \/>\n\t<meta name=\"twitter:label2\" content=\"Gesch\u00e4tzte Lesezeit\" \/>\n\t<meta name=\"twitter:data2\" content=\"1\u00a0Minute\" \/>\n<script type=\"application\/ld+json\" class=\"yoast-schema-graph\">{\"@context\":\"https:\/\/schema.org\",\"@graph\":[{\"@type\":\"Article\",\"@id\":\"https:\/\/bloggingtom.ch\/blog\/archives\/2008\/10\/04\/web-20-expo-berlin-startups-gesucht\/#article\",\"isPartOf\":{\"@id\":\"https:\/\/bloggingtom.ch\/blog\/archives\/2008\/10\/04\/web-20-expo-berlin-startups-gesucht\/\"},\"author\":{\"name\":\"BloggingTom\",\"@id\":\"https:\/\/bloggingtom.ch\/blog\/#\/schema\/person\/f6c8d3d5f30c10217b69ac72723e9d1c\"},\"headline\":\"Web 2.0 Expo Berlin: Startups gesucht\",\"datePublished\":\"2008-10-04T17:50:31+00:00\",\"mainEntityOfPage\":{\"@id\":\"https:\/\/bloggingtom.ch\/blog\/archives\/2008\/10\/04\/web-20-expo-berlin-startups-gesucht\/\"},\"wordCount\":183,\"commentCount\":4,\"publisher\":{\"@id\":\"https:\/\/bloggingtom.ch\/blog\/#\/schema\/person\/f6c8d3d5f30c10217b69ac72723e9d1c\"},\"image\":{\"@id\":\"https:\/\/bloggingtom.ch\/blog\/archives\/2008\/10\/04\/web-20-expo-berlin-startups-gesucht\/#primaryimage\"},\"thumbnailUrl\":\"http:\/\/bloggingtom.ch\/wp-images\/ownimg\/articles\/20080910-webexberlin2008_125x125.gif\",\"keywords\":[\"berlin\",\"oreilly\",\"startup\",\"web20expo\"],\"articleSection\":[\"Events &amp; Veranstaltungen\"],\"inLanguage\":\"de\",\"potentialAction\":[{\"@type\":\"CommentAction\",\"name\":\"Comment\",\"target\":[\"https:\/\/bloggingtom.ch\/blog\/archives\/2008\/10\/04\/web-20-expo-berlin-startups-gesucht\/#respond\"]}]},{\"@type\":\"WebPage\",\"@id\":\"https:\/\/bloggingtom.ch\/blog\/archives\/2008\/10\/04\/web-20-expo-berlin-startups-gesucht\/\",\"url\":\"https:\/\/bloggingtom.ch\/blog\/archives\/2008\/10\/04\/web-20-expo-berlin-startups-gesucht\/\",\"name\":\"Web 2.0 Expo Berlin: Startups gesucht - BloggingTom\",\"isPartOf\":{\"@id\":\"https:\/\/bloggingtom.ch\/blog\/#website\"},\"primaryImageOfPage\":{\"@id\":\"https:\/\/bloggingtom.ch\/blog\/archives\/2008\/10\/04\/web-20-expo-berlin-startups-gesucht\/#primaryimage\"},\"image\":{\"@id\":\"https:\/\/bloggingtom.ch\/blog\/archives\/2008\/10\/04\/web-20-expo-berlin-startups-gesucht\/#primaryimage\"},\"thumbnailUrl\":\"http:\/\/bloggingtom.ch\/wp-images\/ownimg\/articles\/20080910-webexberlin2008_125x125.gif\",\"datePublished\":\"2008-10-04T17:50:31+00:00\",\"breadcrumb\":{\"@id\":\"https:\/\/bloggingtom.ch\/blog\/archives\/2008\/10\/04\/web-20-expo-berlin-startups-gesucht\/#breadcrumb\"},\"inLanguage\":\"de\",\"potentialAction\":[{\"@type\":\"ReadAction\",\"target\":[\"https:\/\/bloggingtom.ch\/blog\/archives\/2008\/10\/04\/web-20-expo-berlin-startups-gesucht\/\"]}]},{\"@type\":\"ImageObject\",\"inLanguage\":\"de\",\"@id\":\"https:\/\/bloggingtom.ch\/blog\/archives\/2008\/10\/04\/web-20-expo-berlin-startups-gesucht\/#primaryimage\",\"url\":\"http:\/\/bloggingtom.ch\/wp-images\/ownimg\/articles\/20080910-webexberlin2008_125x125.gif\",\"contentUrl\":\"http:\/\/bloggingtom.ch\/wp-images\/ownimg\/articles\/20080910-webexberlin2008_125x125.gif\"},{\"@type\":\"BreadcrumbList\",\"@id\":\"https:\/\/bloggingtom.ch\/blog\/archives\/2008\/10\/04\/web-20-expo-berlin-startups-gesucht\/#breadcrumb\",\"itemListElement\":[{\"@type\":\"ListItem\",\"position\":1,\"name\":\"Home\",\"item\":\"https:\/\/bloggingtom.ch\/blog\/\"},{\"@type\":\"ListItem\",\"position\":2,\"name\":\"Web 2.0 Expo Berlin: Startups gesucht\"}]},{\"@type\":\"WebSite\",\"@id\":\"https:\/\/bloggingtom.ch\/blog\/#website\",\"url\":\"https:\/\/bloggingtom.ch\/blog\/\",\"name\":\"BloggingTom\",\"description\":\"Die t\u00e4glichen Abenteuer im Cyberspace...\",\"publisher\":{\"@id\":\"https:\/\/bloggingtom.ch\/blog\/#\/schema\/person\/f6c8d3d5f30c10217b69ac72723e9d1c\"},\"potentialAction\":[{\"@type\":\"SearchAction\",\"target\":{\"@type\":\"EntryPoint\",\"urlTemplate\":\"https:\/\/bloggingtom.ch\/blog\/?s={search_term_string}\"},\"query-input\":{\"@type\":\"PropertyValueSpecification\",\"valueRequired\":true,\"valueName\":\"search_term_string\"}}],\"inLanguage\":\"de\"},{\"@type\":[\"Person\",\"Organization\"],\"@id\":\"https:\/\/bloggingtom.ch\/blog\/#\/schema\/person\/f6c8d3d5f30c10217b69ac72723e9d1c\",\"name\":\"BloggingTom\",\"image\":{\"@type\":\"ImageObject\",\"inLanguage\":\"de\",\"@id\":\"https:\/\/bloggingtom.ch\/blog\/#\/schema\/person\/image\/\",\"url\":\"https:\/\/secure.gravatar.com\/avatar\/17c2b6a2966fc102465cf177587d359e4dac41adfaab355352baee5d5d46f277?s=96&d=mm&r=g\",\"contentUrl\":\"https:\/\/secure.gravatar.com\/avatar\/17c2b6a2966fc102465cf177587d359e4dac41adfaab355352baee5d5d46f277?s=96&d=mm&r=g\",\"caption\":\"BloggingTom\"},\"logo\":{\"@id\":\"https:\/\/bloggingtom.ch\/blog\/#\/schema\/person\/image\/\"},\"sameAs\":[\"http:\/\/bloggingtom.ch\"],\"url\":\"https:\/\/bloggingtom.ch\/blog\/archives\/author\/bloggingtom\/\"}]}<\/script>\n<!-- \/ Yoast SEO plugin. -->","yoast_head_json":{"title":"Web 2.0 Expo Berlin: Startups gesucht - BloggingTom","robots":{"index":"index","follow":"follow","max-snippet":"max-snippet:-1","max-image-preview":"max-image-preview:large","max-video-preview":"max-video-preview:-1"},"canonical":"https:\/\/bloggingtom.ch\/blog\/archives\/2008\/10\/04\/web-20-expo-berlin-startups-gesucht\/","twitter_misc":{"Verfasst von":"BloggingTom","Gesch\u00e4tzte Lesezeit":"1\u00a0Minute"},"schema":{"@context":"https:\/\/schema.org","@graph":[{"@type":"Article","@id":"https:\/\/bloggingtom.ch\/blog\/archives\/2008\/10\/04\/web-20-expo-berlin-startups-gesucht\/#article","isPartOf":{"@id":"https:\/\/bloggingtom.ch\/blog\/archives\/2008\/10\/04\/web-20-expo-berlin-startups-gesucht\/"},"author":{"name":"BloggingTom","@id":"https:\/\/bloggingtom.ch\/blog\/#\/schema\/person\/f6c8d3d5f30c10217b69ac72723e9d1c"},"headline":"Web 2.0 Expo Berlin: Startups gesucht","datePublished":"2008-10-04T17:50:31+00:00","mainEntityOfPage":{"@id":"https:\/\/bloggingtom.ch\/blog\/archives\/2008\/10\/04\/web-20-expo-berlin-startups-gesucht\/"},"wordCount":183,"commentCount":4,"publisher":{"@id":"https:\/\/bloggingtom.ch\/blog\/#\/schema\/person\/f6c8d3d5f30c10217b69ac72723e9d1c"},"image":{"@id":"https:\/\/bloggingtom.ch\/blog\/archives\/2008\/10\/04\/web-20-expo-berlin-startups-gesucht\/#primaryimage"},"thumbnailUrl":"http:\/\/bloggingtom.ch\/wp-images\/ownimg\/articles\/20080910-webexberlin2008_125x125.gif","keywords":["berlin","oreilly","startup","web20expo"],"articleSection":["Events &amp; Veranstaltungen"],"inLanguage":"de","potentialAction":[{"@type":"CommentAction","name":"Comment","target":["https:\/\/bloggingtom.ch\/blog\/archives\/2008\/10\/04\/web-20-expo-berlin-startups-gesucht\/#respond"]}]},{"@type":"WebPage","@id":"https:\/\/bloggingtom.ch\/blog\/archives\/2008\/10\/04\/web-20-expo-berlin-startups-gesucht\/","url":"https:\/\/bloggingtom.ch\/blog\/archives\/2008\/10\/04\/web-20-expo-berlin-startups-gesucht\/","name":"Web 2.0 Expo Berlin: Startups gesucht - BloggingTom","isPartOf":{"@id":"https:\/\/bloggingtom.ch\/blog\/#website"},"primaryImageOfPage":{"@id":"https:\/\/bloggingtom.ch\/blog\/archives\/2008\/10\/04\/web-20-expo-berlin-startups-gesucht\/#primaryimage"},"image":{"@id":"https:\/\/bloggingtom.ch\/blog\/archives\/2008\/10\/04\/web-20-expo-berlin-startups-gesucht\/#primaryimage"},"thumbnailUrl":"http:\/\/bloggingtom.ch\/wp-images\/ownimg\/articles\/20080910-webexberlin2008_125x125.gif","datePublished":"2008-10-04T17:50:31+00:00","breadcrumb":{"@id":"https:\/\/bloggingtom.ch\/blog\/archives\/2008\/10\/04\/web-20-expo-berlin-startups-gesucht\/#breadcrumb"},"inLanguage":"de","potentialAction":[{"@type":"ReadAction","target":["https:\/\/bloggingtom.ch\/blog\/archives\/2008\/10\/04\/web-20-expo-berlin-startups-gesucht\/"]}]},{"@type":"ImageObject","inLanguage":"de","@id":"https:\/\/bloggingtom.ch\/blog\/archives\/2008\/10\/04\/web-20-expo-berlin-startups-gesucht\/#primaryimage","url":"http:\/\/bloggingtom.ch\/wp-images\/ownimg\/articles\/20080910-webexberlin2008_125x125.gif","contentUrl":"http:\/\/bloggingtom.ch\/wp-images\/ownimg\/articles\/20080910-webexberlin2008_125x125.gif"},{"@type":"BreadcrumbList","@id":"https:\/\/bloggingtom.ch\/blog\/archives\/2008\/10\/04\/web-20-expo-berlin-startups-gesucht\/#breadcrumb","itemListElement":[{"@type":"ListItem","position":1,"name":"Home","item":"https:\/\/bloggingtom.ch\/blog\/"},{"@type":"ListItem","position":2,"name":"Web 2.0 Expo Berlin: Startups gesucht"}]},{"@type":"WebSite","@id":"https:\/\/bloggingtom.ch\/blog\/#website","url":"https:\/\/bloggingtom.ch\/blog\/","name":"BloggingTom","description":"Die t\u00e4glichen Abenteuer im Cyberspace...","publisher":{"@id":"https:\/\/bloggingtom.ch\/blog\/#\/schema\/person\/f6c8d3d5f30c10217b69ac72723e9d1c"},"potentialAction":[{"@type":"SearchAction","target":{"@type":"EntryPoint","urlTemplate":"https:\/\/bloggingtom.ch\/blog\/?s={search_term_string}"},"query-input":{"@type":"PropertyValueSpecification","valueRequired":true,"valueName":"search_term_string"}}],"inLanguage":"de"},{"@type":["Person","Organization"],"@id":"https:\/\/bloggingtom.ch\/blog\/#\/schema\/person\/f6c8d3d5f30c10217b69ac72723e9d1c","name":"BloggingTom","image":{"@type":"ImageObject","inLanguage":"de","@id":"https:\/\/bloggingtom.ch\/blog\/#\/schema\/person\/image\/","url":"https:\/\/secure.gravatar.com\/avatar\/17c2b6a2966fc102465cf177587d359e4dac41adfaab355352baee5d5d46f277?s=96&d=mm&r=g","contentUrl":"https:\/\/secure.gravatar.com\/avatar\/17c2b6a2966fc102465cf177587d359e4dac41adfaab355352baee5d5d46f277?s=96&d=mm&r=g","caption":"BloggingTom"},"logo":{"@id":"https:\/\/bloggingtom.ch\/blog\/#\/schema\/person\/image\/"},"sameAs":["http:\/\/bloggingtom.ch"],"url":"https:\/\/bloggingtom.ch\/blog\/archives\/author\/bloggingtom\/"}]}},"jetpack_featured_media_url":"","jetpack_shortlink":"https:\/\/wp.me\/pa6Ev-vv","jetpack_likes_enabled":true,"jetpack_sharing_enabled":true,"_links":{"self":[{"href":"https:\/\/bloggingtom.ch\/blog\/wp-json\/wp\/v2\/posts\/1953","targetHints":{"allow":["GET"]}}],"collection":[{"href":"https:\/\/bloggingtom.ch\/blog\/wp-json\/wp\/v2\/posts"}],"about":[{"href":"https:\/\/bloggingtom.ch\/blog\/wp-json\/wp\/v2\/types\/post"}],"author":[{"embeddable":true,"href":"https:\/\/bloggingtom.ch\/blog\/wp-json\/wp\/v2\/users\/1"}],"replies":[{"embeddable":true,"href":"https:\/\/bloggingtom.ch\/blog\/wp-json\/wp\/v2\/comments?post=1953"}],"version-history":[{"count":0,"href":"https:\/\/bloggingtom.ch\/blog\/wp-json\/wp\/v2\/posts\/1953\/revisions"}],"wp:attachment":[{"href":"https:\/\/bloggingtom.ch\/blog\/wp-json\/wp\/v2\/media?parent=1953"}],"wp:term":[{"taxonomy":"category","embeddable":true,"href":"https:\/\/bloggingtom.ch\/blog\/wp-json\/wp\/v2\/categories?post=1953"},{"taxonomy":"post_tag","embeddable":true,"href":"https:\/\/bloggingtom.ch\/blog\/wp-json\/wp\/v2\/tags?post=1953"}],"curies":[{"name":"wp","href":"https:\/\/api.w.org\/{rel}","templated":true}]}}