{"id":1950,"date":"2008-09-30T23:12:57","date_gmt":"2008-09-30T21:12:57","guid":{"rendered":"http:\/\/bloggingtom.ch\/archives\/2008\/09\/30\/founderch-redaktionell-ware-anders\/"},"modified":"2008-09-30T23:12:57","modified_gmt":"2008-09-30T21:12:57","slug":"founderch-redaktionell-ware-anders","status":"publish","type":"post","link":"https:\/\/bloggingtom.ch\/blog\/archives\/2008\/09\/30\/founderch-redaktionell-ware-anders\/","title":{"rendered":"founder.ch: Redaktionell w\u00e4re anders"},"content":{"rendered":"<div class=\"img-shadow-right\"><img decoding=\"async\" src=\"http:\/\/bloggingtom.ch\/wp-images\/ownimg\/articles\/20080930-founder-ch-logo.jpg\" alt=\"founder.ch\" \/><\/div>\n<p>Heute vor einer Woche ging <a href=\"http:\/\/founder.ch\/\" target=\"_blank\" >founder.ch<\/a> live, laut Selbstbeschreibung des Redaktionsleiters David Dostal eine neue Plattform auf der Schweizer Startups ihre Firma pr\u00e4sentieren und Neuigkeiten posten k\u00f6nnen. Betrieben wird founder.ch via Digerati GmbH von der Centralway Holding aus Zug, welche vor rund zwei Jahren <a href=\"http:\/\/bloggingtom.ch\/archives\/2006\/05\/23\/blogch-verkauft-was-nun\/\" target=\"_blank\" >den Aggregator blog.ch kaufte <\/a> und daraus einen <a href=\"http:\/\/bloggingtom.ch\/archives\/2006\/08\/14\/blogch-in-neuem-kleid\/\" target=\"_blank\" >gesichtslosen Bloghoster<\/a> machte.<\/p>\n<p>Die Liste der <a href=\"http:\/\/founder.ch\/startups\/\" target=\"_blank\" >aufgef\u00fchrten Startups<\/a> liest sich etwas traurig, sind doch bisher erst deren 13 eingetragen. Kommt dazu, dass von diesen wiederum lediglich vier tats\u00e4chlich aus der Schweiz stammen. F\u00fcr ein Angebot mit dem Claim &#8222;Founders in Switzerland&#8220; doch eher seltsam, schliesslich hat sich beispielsweise am TechCrunch Meet-up in Z\u00fcrich gezeigt, dass die Schweizer Szene sehr viel breiter ist. Allerdings scheint founder.ch dort nicht wirklich auf Interesse zu stossen.<\/p>\n<p>Das mangelnde Interesse schl\u00e4gt sich denn auch in den Beitr\u00e4gen nieder. Unter den bisher sechs publizierten Artikeln sind lediglich zwei &#8222;Echte&#8220;: David Dostal war bei <a href=\"http:\/\/founder.ch\/2008\/09\/24\/amiando-zeigt-founderch-das-buro\/\" target=\"_blank\" >amiando<\/a> und <a href=\"http:\/\/founder.ch\/2008\/09\/29\/besuch-bei-ceknito\/\" target=\"_blank\" >Ceknito<\/a> mit der Kamera auf Besuch. Zwei Beitr\u00e4ge sind Mitteilungen in eigener Sache und weitere zwei widmen sich gyn.de. Und diese haben es in sich: Auf der redaktionellen Plattform schreibt, im Auftrag des founder.ch-Redaktionsleiters David Dostal, der zugleich <a href=\"http:\/\/www.gyn.de\/content\/file_about_us\/dir_language\" target=\"_blank\" >gyn-Gesch\u00e4ftsf\u00fchrer und Sohn des Gr\u00fcnders<\/a> ist, die Marketingleiterin von gyn.de einen PR-Artikel. Angesichts dieser Konstellationen \u00fcberraschen Aussagen in den Beitr\u00e4gen wie &#8222;rasanter Erfolgskurs&#8220;, &#8222;\u00fcberw\u00e4ltigende Eigendynamik&#8220; oder &#8222;\u00fcberaus erfolgreich&#8220; nicht. Zwar gibt es einen Hinweis auf die Interessenbindung, allerdings wird dieser ziemlich umst\u00e4ndlich formuliert im letzten Absatz versteckt. <\/p>\n<p>In der Blogosph\u00e4re ist die Resonanz auf founder.ch bisher ausgeblieben. Kein einziger Kommentar eines externen, kein einziger Trackback. Kein Wunder: Wor\u00fcber sollte man auch bloggen, wenn jeder Neuigkeitsgehalt fehlt?<\/p>\n<p>Nat\u00fcrlich: founder.ch ist erst eine Woche alt, aber das &#8222;redaktionelle Konzept&#8220;, wenn man es denn so nennen darf, scheint alles andere als zukunftsweisend. Es scheint mir generell heikel, wenn Startups auf der Plattform eines Investors pr\u00e4sentiert werden. Eine &#8222;echte&#8220; Startup-Plattform wie das <a href=\"http:\/\/www.ifj.ch\/dt\/home.asp\" target=\"_blank\" >IFJ<\/a> w\u00fcrde sich wohl besser eignen, die Jungfirmen entsprechend zu promoten.<\/p>\n","protected":false},"excerpt":{"rendered":"<p>Heute vor einer Woche ging founder.ch live, laut Selbstbeschreibung des Redaktionsleiters David Dostal eine neue Plattform auf der Schweizer Startups ihre Firma pr\u00e4sentieren und Neuigkeiten posten k\u00f6nnen. Betrieben wird founder.ch via Digerati GmbH von der Centralway Holding aus Zug, welche vor rund zwei Jahren den Aggregator blog.ch kaufte und daraus einen gesichtslosen Bloghoster machte. Die [&hellip;]<\/p>\n","protected":false},"author":1,"featured_media":0,"comment_status":"open","ping_status":"open","sticky":false,"template":"","format":"standard","meta":{"twitterCardType":"","cardImageID":0,"cardImage":"","cardTitle":"","cardDesc":"","cardImageAlt":"","cardPlayer":"","cardPlayerWidth":0,"cardPlayerHeight":0,"cardPlayerStream":"","cardPlayerCodec":"","_jetpack_memberships_contains_paid_content":false,"footnotes":""},"categories":[2],"tags":[112,3136,133,3137],"class_list":["post-1950","post","type-post","status-publish","format-standard","hentry","category-internet","tag-blog","tag-founderch","tag-schweiz","tag-startup"],"yoast_head":"<!-- This site is optimized with the Yoast SEO plugin v27.1.1 - https:\/\/yoast.com\/product\/yoast-seo-wordpress\/ -->\n<title>founder.ch: Redaktionell w\u00e4re anders - BloggingTom<\/title>\n<meta name=\"robots\" content=\"index, follow, max-snippet:-1, max-image-preview:large, max-video-preview:-1\" \/>\n<link rel=\"canonical\" href=\"https:\/\/bloggingtom.ch\/blog\/archives\/2008\/09\/30\/founderch-redaktionell-ware-anders\/\" \/>\n<meta name=\"twitter:label1\" content=\"Verfasst von\" \/>\n\t<meta name=\"twitter:data1\" content=\"BloggingTom\" \/>\n\t<meta name=\"twitter:label2\" content=\"Gesch\u00e4tzte Lesezeit\" \/>\n\t<meta name=\"twitter:data2\" content=\"2\u00a0Minuten\" \/>\n<script type=\"application\/ld+json\" class=\"yoast-schema-graph\">{\"@context\":\"https:\/\/schema.org\",\"@graph\":[{\"@type\":\"Article\",\"@id\":\"https:\/\/bloggingtom.ch\/blog\/archives\/2008\/09\/30\/founderch-redaktionell-ware-anders\/#article\",\"isPartOf\":{\"@id\":\"https:\/\/bloggingtom.ch\/blog\/archives\/2008\/09\/30\/founderch-redaktionell-ware-anders\/\"},\"author\":{\"name\":\"BloggingTom\",\"@id\":\"https:\/\/bloggingtom.ch\/blog\/#\/schema\/person\/f6c8d3d5f30c10217b69ac72723e9d1c\"},\"headline\":\"founder.ch: Redaktionell w\u00e4re anders\",\"datePublished\":\"2008-09-30T21:12:57+00:00\",\"mainEntityOfPage\":{\"@id\":\"https:\/\/bloggingtom.ch\/blog\/archives\/2008\/09\/30\/founderch-redaktionell-ware-anders\/\"},\"wordCount\":351,\"commentCount\":0,\"publisher\":{\"@id\":\"https:\/\/bloggingtom.ch\/blog\/#\/schema\/person\/f6c8d3d5f30c10217b69ac72723e9d1c\"},\"image\":{\"@id\":\"https:\/\/bloggingtom.ch\/blog\/archives\/2008\/09\/30\/founderch-redaktionell-ware-anders\/#primaryimage\"},\"thumbnailUrl\":\"http:\/\/bloggingtom.ch\/wp-images\/ownimg\/articles\/20080930-founder-ch-logo.jpg\",\"keywords\":[\"blog\",\"founder.ch\",\"schweiz\",\"startup\"],\"articleSection\":[\"Internet\"],\"inLanguage\":\"de\",\"potentialAction\":[{\"@type\":\"CommentAction\",\"name\":\"Comment\",\"target\":[\"https:\/\/bloggingtom.ch\/blog\/archives\/2008\/09\/30\/founderch-redaktionell-ware-anders\/#respond\"]}]},{\"@type\":\"WebPage\",\"@id\":\"https:\/\/bloggingtom.ch\/blog\/archives\/2008\/09\/30\/founderch-redaktionell-ware-anders\/\",\"url\":\"https:\/\/bloggingtom.ch\/blog\/archives\/2008\/09\/30\/founderch-redaktionell-ware-anders\/\",\"name\":\"founder.ch: Redaktionell w\u00e4re anders - BloggingTom\",\"isPartOf\":{\"@id\":\"https:\/\/bloggingtom.ch\/blog\/#website\"},\"primaryImageOfPage\":{\"@id\":\"https:\/\/bloggingtom.ch\/blog\/archives\/2008\/09\/30\/founderch-redaktionell-ware-anders\/#primaryimage\"},\"image\":{\"@id\":\"https:\/\/bloggingtom.ch\/blog\/archives\/2008\/09\/30\/founderch-redaktionell-ware-anders\/#primaryimage\"},\"thumbnailUrl\":\"http:\/\/bloggingtom.ch\/wp-images\/ownimg\/articles\/20080930-founder-ch-logo.jpg\",\"datePublished\":\"2008-09-30T21:12:57+00:00\",\"breadcrumb\":{\"@id\":\"https:\/\/bloggingtom.ch\/blog\/archives\/2008\/09\/30\/founderch-redaktionell-ware-anders\/#breadcrumb\"},\"inLanguage\":\"de\",\"potentialAction\":[{\"@type\":\"ReadAction\",\"target\":[\"https:\/\/bloggingtom.ch\/blog\/archives\/2008\/09\/30\/founderch-redaktionell-ware-anders\/\"]}]},{\"@type\":\"ImageObject\",\"inLanguage\":\"de\",\"@id\":\"https:\/\/bloggingtom.ch\/blog\/archives\/2008\/09\/30\/founderch-redaktionell-ware-anders\/#primaryimage\",\"url\":\"http:\/\/bloggingtom.ch\/wp-images\/ownimg\/articles\/20080930-founder-ch-logo.jpg\",\"contentUrl\":\"http:\/\/bloggingtom.ch\/wp-images\/ownimg\/articles\/20080930-founder-ch-logo.jpg\"},{\"@type\":\"BreadcrumbList\",\"@id\":\"https:\/\/bloggingtom.ch\/blog\/archives\/2008\/09\/30\/founderch-redaktionell-ware-anders\/#breadcrumb\",\"itemListElement\":[{\"@type\":\"ListItem\",\"position\":1,\"name\":\"Home\",\"item\":\"https:\/\/bloggingtom.ch\/blog\/\"},{\"@type\":\"ListItem\",\"position\":2,\"name\":\"founder.ch: Redaktionell w\u00e4re anders\"}]},{\"@type\":\"WebSite\",\"@id\":\"https:\/\/bloggingtom.ch\/blog\/#website\",\"url\":\"https:\/\/bloggingtom.ch\/blog\/\",\"name\":\"BloggingTom\",\"description\":\"Die t\u00e4glichen Abenteuer im Cyberspace...\",\"publisher\":{\"@id\":\"https:\/\/bloggingtom.ch\/blog\/#\/schema\/person\/f6c8d3d5f30c10217b69ac72723e9d1c\"},\"potentialAction\":[{\"@type\":\"SearchAction\",\"target\":{\"@type\":\"EntryPoint\",\"urlTemplate\":\"https:\/\/bloggingtom.ch\/blog\/?s={search_term_string}\"},\"query-input\":{\"@type\":\"PropertyValueSpecification\",\"valueRequired\":true,\"valueName\":\"search_term_string\"}}],\"inLanguage\":\"de\"},{\"@type\":[\"Person\",\"Organization\"],\"@id\":\"https:\/\/bloggingtom.ch\/blog\/#\/schema\/person\/f6c8d3d5f30c10217b69ac72723e9d1c\",\"name\":\"BloggingTom\",\"image\":{\"@type\":\"ImageObject\",\"inLanguage\":\"de\",\"@id\":\"https:\/\/bloggingtom.ch\/blog\/#\/schema\/person\/image\/\",\"url\":\"https:\/\/secure.gravatar.com\/avatar\/17c2b6a2966fc102465cf177587d359e4dac41adfaab355352baee5d5d46f277?s=96&d=mm&r=g\",\"contentUrl\":\"https:\/\/secure.gravatar.com\/avatar\/17c2b6a2966fc102465cf177587d359e4dac41adfaab355352baee5d5d46f277?s=96&d=mm&r=g\",\"caption\":\"BloggingTom\"},\"logo\":{\"@id\":\"https:\/\/bloggingtom.ch\/blog\/#\/schema\/person\/image\/\"},\"sameAs\":[\"http:\/\/bloggingtom.ch\"],\"url\":\"https:\/\/bloggingtom.ch\/blog\/archives\/author\/bloggingtom\/\"}]}<\/script>\n<!-- \/ Yoast SEO plugin. -->","yoast_head_json":{"title":"founder.ch: Redaktionell w\u00e4re anders - BloggingTom","robots":{"index":"index","follow":"follow","max-snippet":"max-snippet:-1","max-image-preview":"max-image-preview:large","max-video-preview":"max-video-preview:-1"},"canonical":"https:\/\/bloggingtom.ch\/blog\/archives\/2008\/09\/30\/founderch-redaktionell-ware-anders\/","twitter_misc":{"Verfasst von":"BloggingTom","Gesch\u00e4tzte Lesezeit":"2\u00a0Minuten"},"schema":{"@context":"https:\/\/schema.org","@graph":[{"@type":"Article","@id":"https:\/\/bloggingtom.ch\/blog\/archives\/2008\/09\/30\/founderch-redaktionell-ware-anders\/#article","isPartOf":{"@id":"https:\/\/bloggingtom.ch\/blog\/archives\/2008\/09\/30\/founderch-redaktionell-ware-anders\/"},"author":{"name":"BloggingTom","@id":"https:\/\/bloggingtom.ch\/blog\/#\/schema\/person\/f6c8d3d5f30c10217b69ac72723e9d1c"},"headline":"founder.ch: Redaktionell w\u00e4re anders","datePublished":"2008-09-30T21:12:57+00:00","mainEntityOfPage":{"@id":"https:\/\/bloggingtom.ch\/blog\/archives\/2008\/09\/30\/founderch-redaktionell-ware-anders\/"},"wordCount":351,"commentCount":0,"publisher":{"@id":"https:\/\/bloggingtom.ch\/blog\/#\/schema\/person\/f6c8d3d5f30c10217b69ac72723e9d1c"},"image":{"@id":"https:\/\/bloggingtom.ch\/blog\/archives\/2008\/09\/30\/founderch-redaktionell-ware-anders\/#primaryimage"},"thumbnailUrl":"http:\/\/bloggingtom.ch\/wp-images\/ownimg\/articles\/20080930-founder-ch-logo.jpg","keywords":["blog","founder.ch","schweiz","startup"],"articleSection":["Internet"],"inLanguage":"de","potentialAction":[{"@type":"CommentAction","name":"Comment","target":["https:\/\/bloggingtom.ch\/blog\/archives\/2008\/09\/30\/founderch-redaktionell-ware-anders\/#respond"]}]},{"@type":"WebPage","@id":"https:\/\/bloggingtom.ch\/blog\/archives\/2008\/09\/30\/founderch-redaktionell-ware-anders\/","url":"https:\/\/bloggingtom.ch\/blog\/archives\/2008\/09\/30\/founderch-redaktionell-ware-anders\/","name":"founder.ch: Redaktionell w\u00e4re anders - BloggingTom","isPartOf":{"@id":"https:\/\/bloggingtom.ch\/blog\/#website"},"primaryImageOfPage":{"@id":"https:\/\/bloggingtom.ch\/blog\/archives\/2008\/09\/30\/founderch-redaktionell-ware-anders\/#primaryimage"},"image":{"@id":"https:\/\/bloggingtom.ch\/blog\/archives\/2008\/09\/30\/founderch-redaktionell-ware-anders\/#primaryimage"},"thumbnailUrl":"http:\/\/bloggingtom.ch\/wp-images\/ownimg\/articles\/20080930-founder-ch-logo.jpg","datePublished":"2008-09-30T21:12:57+00:00","breadcrumb":{"@id":"https:\/\/bloggingtom.ch\/blog\/archives\/2008\/09\/30\/founderch-redaktionell-ware-anders\/#breadcrumb"},"inLanguage":"de","potentialAction":[{"@type":"ReadAction","target":["https:\/\/bloggingtom.ch\/blog\/archives\/2008\/09\/30\/founderch-redaktionell-ware-anders\/"]}]},{"@type":"ImageObject","inLanguage":"de","@id":"https:\/\/bloggingtom.ch\/blog\/archives\/2008\/09\/30\/founderch-redaktionell-ware-anders\/#primaryimage","url":"http:\/\/bloggingtom.ch\/wp-images\/ownimg\/articles\/20080930-founder-ch-logo.jpg","contentUrl":"http:\/\/bloggingtom.ch\/wp-images\/ownimg\/articles\/20080930-founder-ch-logo.jpg"},{"@type":"BreadcrumbList","@id":"https:\/\/bloggingtom.ch\/blog\/archives\/2008\/09\/30\/founderch-redaktionell-ware-anders\/#breadcrumb","itemListElement":[{"@type":"ListItem","position":1,"name":"Home","item":"https:\/\/bloggingtom.ch\/blog\/"},{"@type":"ListItem","position":2,"name":"founder.ch: Redaktionell w\u00e4re anders"}]},{"@type":"WebSite","@id":"https:\/\/bloggingtom.ch\/blog\/#website","url":"https:\/\/bloggingtom.ch\/blog\/","name":"BloggingTom","description":"Die t\u00e4glichen Abenteuer im Cyberspace...","publisher":{"@id":"https:\/\/bloggingtom.ch\/blog\/#\/schema\/person\/f6c8d3d5f30c10217b69ac72723e9d1c"},"potentialAction":[{"@type":"SearchAction","target":{"@type":"EntryPoint","urlTemplate":"https:\/\/bloggingtom.ch\/blog\/?s={search_term_string}"},"query-input":{"@type":"PropertyValueSpecification","valueRequired":true,"valueName":"search_term_string"}}],"inLanguage":"de"},{"@type":["Person","Organization"],"@id":"https:\/\/bloggingtom.ch\/blog\/#\/schema\/person\/f6c8d3d5f30c10217b69ac72723e9d1c","name":"BloggingTom","image":{"@type":"ImageObject","inLanguage":"de","@id":"https:\/\/bloggingtom.ch\/blog\/#\/schema\/person\/image\/","url":"https:\/\/secure.gravatar.com\/avatar\/17c2b6a2966fc102465cf177587d359e4dac41adfaab355352baee5d5d46f277?s=96&d=mm&r=g","contentUrl":"https:\/\/secure.gravatar.com\/avatar\/17c2b6a2966fc102465cf177587d359e4dac41adfaab355352baee5d5d46f277?s=96&d=mm&r=g","caption":"BloggingTom"},"logo":{"@id":"https:\/\/bloggingtom.ch\/blog\/#\/schema\/person\/image\/"},"sameAs":["http:\/\/bloggingtom.ch"],"url":"https:\/\/bloggingtom.ch\/blog\/archives\/author\/bloggingtom\/"}]}},"jetpack_featured_media_url":"","jetpack_shortlink":"https:\/\/wp.me\/pa6Ev-vs","jetpack_likes_enabled":true,"jetpack_sharing_enabled":true,"_links":{"self":[{"href":"https:\/\/bloggingtom.ch\/blog\/wp-json\/wp\/v2\/posts\/1950","targetHints":{"allow":["GET"]}}],"collection":[{"href":"https:\/\/bloggingtom.ch\/blog\/wp-json\/wp\/v2\/posts"}],"about":[{"href":"https:\/\/bloggingtom.ch\/blog\/wp-json\/wp\/v2\/types\/post"}],"author":[{"embeddable":true,"href":"https:\/\/bloggingtom.ch\/blog\/wp-json\/wp\/v2\/users\/1"}],"replies":[{"embeddable":true,"href":"https:\/\/bloggingtom.ch\/blog\/wp-json\/wp\/v2\/comments?post=1950"}],"version-history":[{"count":0,"href":"https:\/\/bloggingtom.ch\/blog\/wp-json\/wp\/v2\/posts\/1950\/revisions"}],"wp:attachment":[{"href":"https:\/\/bloggingtom.ch\/blog\/wp-json\/wp\/v2\/media?parent=1950"}],"wp:term":[{"taxonomy":"category","embeddable":true,"href":"https:\/\/bloggingtom.ch\/blog\/wp-json\/wp\/v2\/categories?post=1950"},{"taxonomy":"post_tag","embeddable":true,"href":"https:\/\/bloggingtom.ch\/blog\/wp-json\/wp\/v2\/tags?post=1950"}],"curies":[{"name":"wp","href":"https:\/\/api.w.org\/{rel}","templated":true}]}}