{"id":1945,"date":"2008-09-27T11:57:58","date_gmt":"2008-09-27T09:57:58","guid":{"rendered":"http:\/\/bloggingtom.ch\/archives\/2008\/09\/27\/mit-35-rabatt-zur-web-20-expo-in-berlin\/"},"modified":"2008-09-27T12:07:32","modified_gmt":"2008-09-27T10:07:32","slug":"mit-35-rabatt-zur-web-20-expo-in-berlin","status":"publish","type":"post","link":"https:\/\/bloggingtom.ch\/blog\/archives\/2008\/09\/27\/mit-35-rabatt-zur-web-20-expo-in-berlin\/","title":{"rendered":"Mit 35% Rabatt zur Web 2.0 Expo in Berlin"},"content":{"rendered":"<div class=\"img-shadow-right\"><img decoding=\"async\" src=\"http:\/\/bloggingtom.ch\/wp-images\/ownimg\/articles\/20080910-webexberlin2008_125x125.gif\" alt=\"Web 2.0 Expo Berlin 2008\" \/><\/div>\n<p>Nur noch knapp einen Monat dauert es bis zur diesj\u00e4hrigen <a href=\"http:\/\/europe.web2expo.com\/\" target=\"_blank\" >Web 2.0 Expo in Berlin<\/a>. Auf dem Programm der vom 21. bis 23. Oktober 2008 stattfindenen <a href=\"http:\/\/en.oreilly.com\/webexberlin2008\/public\/schedule\/full\" target=\"_blank\" >Konferenz<\/a> stehen unter anderem Keynotes von Mozilla-Chef John Lilly, Martin Varsasky, Gr\u00fcnder von FON oder von Yossi Vardi, einem israelischen Entrepreneur. Eingebettet in die Konferenz ist auch eine <a href=\"http:\/\/en.oreilly.com\/webexberlin2008\/public\/content\/exhibitors\" target=\"_blank\" >Messe<\/a>, auf welcher sich neben Startups auch bekanntere Firmen pr\u00e4sentieren.<\/p>\n<p><strong>35% Rabatt f\u00fcr meine Leser<\/strong><\/p>\n<p>Mit dem Rabattcode &#8222;webeu08gr73&#8220; erh\u00e4lt man <a href=\"https:\/\/en.oreilly.com\/webexberlin2008\/public\/register\/order\" target=\"_blank\" >bei der Registrierung<\/a> \u00fcbrigens 35% Rabatt auf die zugegebermassen nicht ganz g\u00fcnstigen Eintrittspreise. Der Code ist nat\u00fcrlich \u00f6ffentlich und l\u00e4sst sich so auch f\u00fcr Freunde und Bekannte verwenden.<\/p>\n<p>Bin ja mal gespannt, wieviele Schweizer den Weg nach Berlin finden werden&#8230;<\/p>\n","protected":false},"excerpt":{"rendered":"<p>Nur noch knapp einen Monat dauert es bis zur diesj\u00e4hrigen Web 2.0 Expo in Berlin. Auf dem Programm der vom 21. bis 23. Oktober 2008 stattfindenen Konferenz stehen unter anderem Keynotes von Mozilla-Chef John Lilly, Martin Varsasky, Gr\u00fcnder von FON oder von Yossi Vardi, einem israelischen Entrepreneur. Eingebettet in die Konferenz ist auch eine Messe, [&hellip;]<\/p>\n","protected":false},"author":1,"featured_media":0,"comment_status":"open","ping_status":"open","sticky":false,"template":"","format":"standard","meta":{"twitterCardType":"","cardImageID":0,"cardImage":"","cardTitle":"","cardDesc":"","cardImageAlt":"","cardPlayer":"","cardPlayerWidth":0,"cardPlayerHeight":0,"cardPlayerStream":"","cardPlayerCodec":"","_jetpack_memberships_contains_paid_content":false,"footnotes":""},"categories":[2955],"tags":[2467,1595,2180,3132],"class_list":["post-1945","post","type-post","status-publish","format-standard","hentry","category-events-veranstaltungen","tag-berlin","tag-oreilly","tag-rabatt","tag-web20expo"],"yoast_head":"<!-- This site is optimized with the Yoast SEO plugin v27.1.1 - https:\/\/yoast.com\/product\/yoast-seo-wordpress\/ -->\n<title>Mit 35% Rabatt zur Web 2.0 Expo in Berlin - BloggingTom<\/title>\n<meta name=\"robots\" content=\"index, follow, max-snippet:-1, max-image-preview:large, max-video-preview:-1\" \/>\n<link rel=\"canonical\" href=\"https:\/\/bloggingtom.ch\/blog\/archives\/2008\/09\/27\/mit-35-rabatt-zur-web-20-expo-in-berlin\/\" \/>\n<meta name=\"twitter:label1\" content=\"Verfasst von\" \/>\n\t<meta name=\"twitter:data1\" content=\"BloggingTom\" \/>\n\t<meta name=\"twitter:label2\" content=\"Gesch\u00e4tzte Lesezeit\" \/>\n\t<meta name=\"twitter:data2\" content=\"1\u00a0Minute\" \/>\n<script type=\"application\/ld+json\" class=\"yoast-schema-graph\">{\"@context\":\"https:\/\/schema.org\",\"@graph\":[{\"@type\":\"Article\",\"@id\":\"https:\/\/bloggingtom.ch\/blog\/archives\/2008\/09\/27\/mit-35-rabatt-zur-web-20-expo-in-berlin\/#article\",\"isPartOf\":{\"@id\":\"https:\/\/bloggingtom.ch\/blog\/archives\/2008\/09\/27\/mit-35-rabatt-zur-web-20-expo-in-berlin\/\"},\"author\":{\"name\":\"BloggingTom\",\"@id\":\"https:\/\/bloggingtom.ch\/blog\/#\/schema\/person\/f6c8d3d5f30c10217b69ac72723e9d1c\"},\"headline\":\"Mit 35% Rabatt zur Web 2.0 Expo in Berlin\",\"datePublished\":\"2008-09-27T09:57:58+00:00\",\"dateModified\":\"2008-09-27T10:07:32+00:00\",\"mainEntityOfPage\":{\"@id\":\"https:\/\/bloggingtom.ch\/blog\/archives\/2008\/09\/27\/mit-35-rabatt-zur-web-20-expo-in-berlin\/\"},\"wordCount\":126,\"commentCount\":0,\"publisher\":{\"@id\":\"https:\/\/bloggingtom.ch\/blog\/#\/schema\/person\/f6c8d3d5f30c10217b69ac72723e9d1c\"},\"image\":{\"@id\":\"https:\/\/bloggingtom.ch\/blog\/archives\/2008\/09\/27\/mit-35-rabatt-zur-web-20-expo-in-berlin\/#primaryimage\"},\"thumbnailUrl\":\"http:\/\/bloggingtom.ch\/wp-images\/ownimg\/articles\/20080910-webexberlin2008_125x125.gif\",\"keywords\":[\"berlin\",\"oreilly\",\"rabatt\",\"web20expo\"],\"articleSection\":[\"Events &amp; Veranstaltungen\"],\"inLanguage\":\"de\",\"potentialAction\":[{\"@type\":\"CommentAction\",\"name\":\"Comment\",\"target\":[\"https:\/\/bloggingtom.ch\/blog\/archives\/2008\/09\/27\/mit-35-rabatt-zur-web-20-expo-in-berlin\/#respond\"]}]},{\"@type\":\"WebPage\",\"@id\":\"https:\/\/bloggingtom.ch\/blog\/archives\/2008\/09\/27\/mit-35-rabatt-zur-web-20-expo-in-berlin\/\",\"url\":\"https:\/\/bloggingtom.ch\/blog\/archives\/2008\/09\/27\/mit-35-rabatt-zur-web-20-expo-in-berlin\/\",\"name\":\"Mit 35% Rabatt zur Web 2.0 Expo in Berlin - BloggingTom\",\"isPartOf\":{\"@id\":\"https:\/\/bloggingtom.ch\/blog\/#website\"},\"primaryImageOfPage\":{\"@id\":\"https:\/\/bloggingtom.ch\/blog\/archives\/2008\/09\/27\/mit-35-rabatt-zur-web-20-expo-in-berlin\/#primaryimage\"},\"image\":{\"@id\":\"https:\/\/bloggingtom.ch\/blog\/archives\/2008\/09\/27\/mit-35-rabatt-zur-web-20-expo-in-berlin\/#primaryimage\"},\"thumbnailUrl\":\"http:\/\/bloggingtom.ch\/wp-images\/ownimg\/articles\/20080910-webexberlin2008_125x125.gif\",\"datePublished\":\"2008-09-27T09:57:58+00:00\",\"dateModified\":\"2008-09-27T10:07:32+00:00\",\"breadcrumb\":{\"@id\":\"https:\/\/bloggingtom.ch\/blog\/archives\/2008\/09\/27\/mit-35-rabatt-zur-web-20-expo-in-berlin\/#breadcrumb\"},\"inLanguage\":\"de\",\"potentialAction\":[{\"@type\":\"ReadAction\",\"target\":[\"https:\/\/bloggingtom.ch\/blog\/archives\/2008\/09\/27\/mit-35-rabatt-zur-web-20-expo-in-berlin\/\"]}]},{\"@type\":\"ImageObject\",\"inLanguage\":\"de\",\"@id\":\"https:\/\/bloggingtom.ch\/blog\/archives\/2008\/09\/27\/mit-35-rabatt-zur-web-20-expo-in-berlin\/#primaryimage\",\"url\":\"http:\/\/bloggingtom.ch\/wp-images\/ownimg\/articles\/20080910-webexberlin2008_125x125.gif\",\"contentUrl\":\"http:\/\/bloggingtom.ch\/wp-images\/ownimg\/articles\/20080910-webexberlin2008_125x125.gif\"},{\"@type\":\"BreadcrumbList\",\"@id\":\"https:\/\/bloggingtom.ch\/blog\/archives\/2008\/09\/27\/mit-35-rabatt-zur-web-20-expo-in-berlin\/#breadcrumb\",\"itemListElement\":[{\"@type\":\"ListItem\",\"position\":1,\"name\":\"Home\",\"item\":\"https:\/\/bloggingtom.ch\/blog\/\"},{\"@type\":\"ListItem\",\"position\":2,\"name\":\"Mit 35% Rabatt zur Web 2.0 Expo in Berlin\"}]},{\"@type\":\"WebSite\",\"@id\":\"https:\/\/bloggingtom.ch\/blog\/#website\",\"url\":\"https:\/\/bloggingtom.ch\/blog\/\",\"name\":\"BloggingTom\",\"description\":\"Die t\u00e4glichen Abenteuer im Cyberspace...\",\"publisher\":{\"@id\":\"https:\/\/bloggingtom.ch\/blog\/#\/schema\/person\/f6c8d3d5f30c10217b69ac72723e9d1c\"},\"potentialAction\":[{\"@type\":\"SearchAction\",\"target\":{\"@type\":\"EntryPoint\",\"urlTemplate\":\"https:\/\/bloggingtom.ch\/blog\/?s={search_term_string}\"},\"query-input\":{\"@type\":\"PropertyValueSpecification\",\"valueRequired\":true,\"valueName\":\"search_term_string\"}}],\"inLanguage\":\"de\"},{\"@type\":[\"Person\",\"Organization\"],\"@id\":\"https:\/\/bloggingtom.ch\/blog\/#\/schema\/person\/f6c8d3d5f30c10217b69ac72723e9d1c\",\"name\":\"BloggingTom\",\"image\":{\"@type\":\"ImageObject\",\"inLanguage\":\"de\",\"@id\":\"https:\/\/bloggingtom.ch\/blog\/#\/schema\/person\/image\/\",\"url\":\"https:\/\/secure.gravatar.com\/avatar\/17c2b6a2966fc102465cf177587d359e4dac41adfaab355352baee5d5d46f277?s=96&d=mm&r=g\",\"contentUrl\":\"https:\/\/secure.gravatar.com\/avatar\/17c2b6a2966fc102465cf177587d359e4dac41adfaab355352baee5d5d46f277?s=96&d=mm&r=g\",\"caption\":\"BloggingTom\"},\"logo\":{\"@id\":\"https:\/\/bloggingtom.ch\/blog\/#\/schema\/person\/image\/\"},\"sameAs\":[\"http:\/\/bloggingtom.ch\"],\"url\":\"https:\/\/bloggingtom.ch\/blog\/archives\/author\/bloggingtom\/\"}]}<\/script>\n<!-- \/ Yoast SEO plugin. -->","yoast_head_json":{"title":"Mit 35% Rabatt zur Web 2.0 Expo in Berlin - BloggingTom","robots":{"index":"index","follow":"follow","max-snippet":"max-snippet:-1","max-image-preview":"max-image-preview:large","max-video-preview":"max-video-preview:-1"},"canonical":"https:\/\/bloggingtom.ch\/blog\/archives\/2008\/09\/27\/mit-35-rabatt-zur-web-20-expo-in-berlin\/","twitter_misc":{"Verfasst von":"BloggingTom","Gesch\u00e4tzte Lesezeit":"1\u00a0Minute"},"schema":{"@context":"https:\/\/schema.org","@graph":[{"@type":"Article","@id":"https:\/\/bloggingtom.ch\/blog\/archives\/2008\/09\/27\/mit-35-rabatt-zur-web-20-expo-in-berlin\/#article","isPartOf":{"@id":"https:\/\/bloggingtom.ch\/blog\/archives\/2008\/09\/27\/mit-35-rabatt-zur-web-20-expo-in-berlin\/"},"author":{"name":"BloggingTom","@id":"https:\/\/bloggingtom.ch\/blog\/#\/schema\/person\/f6c8d3d5f30c10217b69ac72723e9d1c"},"headline":"Mit 35% Rabatt zur Web 2.0 Expo in Berlin","datePublished":"2008-09-27T09:57:58+00:00","dateModified":"2008-09-27T10:07:32+00:00","mainEntityOfPage":{"@id":"https:\/\/bloggingtom.ch\/blog\/archives\/2008\/09\/27\/mit-35-rabatt-zur-web-20-expo-in-berlin\/"},"wordCount":126,"commentCount":0,"publisher":{"@id":"https:\/\/bloggingtom.ch\/blog\/#\/schema\/person\/f6c8d3d5f30c10217b69ac72723e9d1c"},"image":{"@id":"https:\/\/bloggingtom.ch\/blog\/archives\/2008\/09\/27\/mit-35-rabatt-zur-web-20-expo-in-berlin\/#primaryimage"},"thumbnailUrl":"http:\/\/bloggingtom.ch\/wp-images\/ownimg\/articles\/20080910-webexberlin2008_125x125.gif","keywords":["berlin","oreilly","rabatt","web20expo"],"articleSection":["Events &amp; Veranstaltungen"],"inLanguage":"de","potentialAction":[{"@type":"CommentAction","name":"Comment","target":["https:\/\/bloggingtom.ch\/blog\/archives\/2008\/09\/27\/mit-35-rabatt-zur-web-20-expo-in-berlin\/#respond"]}]},{"@type":"WebPage","@id":"https:\/\/bloggingtom.ch\/blog\/archives\/2008\/09\/27\/mit-35-rabatt-zur-web-20-expo-in-berlin\/","url":"https:\/\/bloggingtom.ch\/blog\/archives\/2008\/09\/27\/mit-35-rabatt-zur-web-20-expo-in-berlin\/","name":"Mit 35% Rabatt zur Web 2.0 Expo in Berlin - BloggingTom","isPartOf":{"@id":"https:\/\/bloggingtom.ch\/blog\/#website"},"primaryImageOfPage":{"@id":"https:\/\/bloggingtom.ch\/blog\/archives\/2008\/09\/27\/mit-35-rabatt-zur-web-20-expo-in-berlin\/#primaryimage"},"image":{"@id":"https:\/\/bloggingtom.ch\/blog\/archives\/2008\/09\/27\/mit-35-rabatt-zur-web-20-expo-in-berlin\/#primaryimage"},"thumbnailUrl":"http:\/\/bloggingtom.ch\/wp-images\/ownimg\/articles\/20080910-webexberlin2008_125x125.gif","datePublished":"2008-09-27T09:57:58+00:00","dateModified":"2008-09-27T10:07:32+00:00","breadcrumb":{"@id":"https:\/\/bloggingtom.ch\/blog\/archives\/2008\/09\/27\/mit-35-rabatt-zur-web-20-expo-in-berlin\/#breadcrumb"},"inLanguage":"de","potentialAction":[{"@type":"ReadAction","target":["https:\/\/bloggingtom.ch\/blog\/archives\/2008\/09\/27\/mit-35-rabatt-zur-web-20-expo-in-berlin\/"]}]},{"@type":"ImageObject","inLanguage":"de","@id":"https:\/\/bloggingtom.ch\/blog\/archives\/2008\/09\/27\/mit-35-rabatt-zur-web-20-expo-in-berlin\/#primaryimage","url":"http:\/\/bloggingtom.ch\/wp-images\/ownimg\/articles\/20080910-webexberlin2008_125x125.gif","contentUrl":"http:\/\/bloggingtom.ch\/wp-images\/ownimg\/articles\/20080910-webexberlin2008_125x125.gif"},{"@type":"BreadcrumbList","@id":"https:\/\/bloggingtom.ch\/blog\/archives\/2008\/09\/27\/mit-35-rabatt-zur-web-20-expo-in-berlin\/#breadcrumb","itemListElement":[{"@type":"ListItem","position":1,"name":"Home","item":"https:\/\/bloggingtom.ch\/blog\/"},{"@type":"ListItem","position":2,"name":"Mit 35% Rabatt zur Web 2.0 Expo in Berlin"}]},{"@type":"WebSite","@id":"https:\/\/bloggingtom.ch\/blog\/#website","url":"https:\/\/bloggingtom.ch\/blog\/","name":"BloggingTom","description":"Die t\u00e4glichen Abenteuer im Cyberspace...","publisher":{"@id":"https:\/\/bloggingtom.ch\/blog\/#\/schema\/person\/f6c8d3d5f30c10217b69ac72723e9d1c"},"potentialAction":[{"@type":"SearchAction","target":{"@type":"EntryPoint","urlTemplate":"https:\/\/bloggingtom.ch\/blog\/?s={search_term_string}"},"query-input":{"@type":"PropertyValueSpecification","valueRequired":true,"valueName":"search_term_string"}}],"inLanguage":"de"},{"@type":["Person","Organization"],"@id":"https:\/\/bloggingtom.ch\/blog\/#\/schema\/person\/f6c8d3d5f30c10217b69ac72723e9d1c","name":"BloggingTom","image":{"@type":"ImageObject","inLanguage":"de","@id":"https:\/\/bloggingtom.ch\/blog\/#\/schema\/person\/image\/","url":"https:\/\/secure.gravatar.com\/avatar\/17c2b6a2966fc102465cf177587d359e4dac41adfaab355352baee5d5d46f277?s=96&d=mm&r=g","contentUrl":"https:\/\/secure.gravatar.com\/avatar\/17c2b6a2966fc102465cf177587d359e4dac41adfaab355352baee5d5d46f277?s=96&d=mm&r=g","caption":"BloggingTom"},"logo":{"@id":"https:\/\/bloggingtom.ch\/blog\/#\/schema\/person\/image\/"},"sameAs":["http:\/\/bloggingtom.ch"],"url":"https:\/\/bloggingtom.ch\/blog\/archives\/author\/bloggingtom\/"}]}},"jetpack_featured_media_url":"","jetpack_shortlink":"https:\/\/wp.me\/pa6Ev-vn","jetpack_likes_enabled":true,"jetpack_sharing_enabled":true,"_links":{"self":[{"href":"https:\/\/bloggingtom.ch\/blog\/wp-json\/wp\/v2\/posts\/1945","targetHints":{"allow":["GET"]}}],"collection":[{"href":"https:\/\/bloggingtom.ch\/blog\/wp-json\/wp\/v2\/posts"}],"about":[{"href":"https:\/\/bloggingtom.ch\/blog\/wp-json\/wp\/v2\/types\/post"}],"author":[{"embeddable":true,"href":"https:\/\/bloggingtom.ch\/blog\/wp-json\/wp\/v2\/users\/1"}],"replies":[{"embeddable":true,"href":"https:\/\/bloggingtom.ch\/blog\/wp-json\/wp\/v2\/comments?post=1945"}],"version-history":[{"count":0,"href":"https:\/\/bloggingtom.ch\/blog\/wp-json\/wp\/v2\/posts\/1945\/revisions"}],"wp:attachment":[{"href":"https:\/\/bloggingtom.ch\/blog\/wp-json\/wp\/v2\/media?parent=1945"}],"wp:term":[{"taxonomy":"category","embeddable":true,"href":"https:\/\/bloggingtom.ch\/blog\/wp-json\/wp\/v2\/categories?post=1945"},{"taxonomy":"post_tag","embeddable":true,"href":"https:\/\/bloggingtom.ch\/blog\/wp-json\/wp\/v2\/tags?post=1945"}],"curies":[{"name":"wp","href":"https:\/\/api.w.org\/{rel}","templated":true}]}}