{"id":1887,"date":"2008-07-26T14:12:38","date_gmt":"2008-07-26T12:12:38","guid":{"rendered":"http:\/\/bloggingtom.ch\/archives\/2008\/07\/26\/reeds-openair-in-pfaffikon\/"},"modified":"2008-07-26T14:12:38","modified_gmt":"2008-07-26T12:12:38","slug":"reeds-openair-in-pfaffikon","status":"publish","type":"post","link":"https:\/\/bloggingtom.ch\/blog\/archives\/2008\/07\/26\/reeds-openair-in-pfaffikon\/","title":{"rendered":"Reeds Openair in Pf\u00e4ffikon"},"content":{"rendered":"<p>Zum Auftakt des <a href=\"http:\/\/www.reeds-openair.ch\" target=\"_blank\" >Reeds Openair<\/a> in Pf\u00e4ffikon ZH, dem gr\u00f6ssten Reggae Openair der Schweiz, trat gestern neben <a href=\"http:\/\/www.fumlaloh.ch\/\" target=\"_blank\" >Fum Laloh<\/a>, <a href=\"http:\/\/www.elijah.ch\/\" target=\"_blank\" >Elijah &#038; The Dubby Conquerors<\/a>, <a href=\"http:\/\/www.babacools.de\/?show=baba_de\" target=\"_blank\" >Les Babacools<\/a> und <a href=\"http:\/\/www.boundzound.de\/\" target=\"_blank\" >Boundzound<\/a> auch Headliner <a href=\"http:\/\/www.jimmycliff.com\/\" target=\"_blank\" >Jimmy Cliff<\/a> auf und spielte sich quer durch sein grosses Repertoire. Mit Hits wie &#8222;You can get it if you really want&#8220;, &#8222;Many Rivers To Cross&#8220;, &#8222;Wonderful World, Beautiful People&#8220;, &#8222;Vietnam&#8220; oder &#8222;I Can See Clearly Now&#8220; zog der 60-j\u00e4hrige Jamaikaner die Fans in seinen Bann.<\/p>\n<p><img decoding=\"async\" src=\"http:\/\/bloggingtom.ch\/wp-images\/ownimg\/articles\/20080726-jimmy-cliff1.jpg\" alt=\"Jimmy Cliff am Reeds Openair in Pf\u00e4ffikon\"  class=\"centered\" \/><\/p>\n<p>Die Location, direkt am Pf\u00e4ffikersee gelegen, ist wirklich sehr speziell und tr\u00e4gt sehr viel zum Ambiente bei. Man w\u00e4hnte sich, gerade auch durch die musikalische Begleitung, die zwar nicht unter, aber daf\u00fcr neben Palmen gespielt wurde, schon fast in der Karibik. <\/p>\n<p><img decoding=\"async\" src=\"http:\/\/bloggingtom.ch\/wp-images\/ownimg\/articles\/20080726-reeds.jpg\" alt=\"Impressionen Reeds Openair\"  class=\"centered\" \/><\/p>\n<p>Aufgefallen sind aber leider auch die vielen Betrunkenen, die sich nicht mehr alle so richtig zu benehmen wussten. Das musste auch Jimmy Cliff merken, als eine Palme neben der B\u00fchne in Flammen aufging und die B\u00fchne zeitweise in dichten Rauch h\u00fcllte.<\/p>\n<p>(Fotos: <a href=\"http:\/\/www.reeds-openair.ch\/Openair\/Fotos_Freitag.29.html\" target=\"_blank\" >Reeds Production<\/a>)<\/p>\n","protected":false},"excerpt":{"rendered":"<p>Zum Auftakt des Reeds Openair in Pf\u00e4ffikon ZH, dem gr\u00f6ssten Reggae Openair der Schweiz, trat gestern neben Fum Laloh, Elijah &#038; The Dubby Conquerors, Les Babacools und Boundzound auch Headliner Jimmy Cliff auf und spielte sich quer durch sein grosses Repertoire. Mit Hits wie &#8222;You can get it if you really want&#8220;, &#8222;Many Rivers To [&hellip;]<\/p>\n","protected":false},"author":1,"featured_media":0,"comment_status":"open","ping_status":"open","sticky":false,"template":"","format":"standard","meta":{"twitterCardType":"","cardImageID":0,"cardImage":"","cardTitle":"","cardDesc":"","cardImageAlt":"","cardPlayer":"","cardPlayerWidth":0,"cardPlayerHeight":0,"cardPlayerStream":"","cardPlayerCodec":"","_jetpack_memberships_contains_paid_content":false,"footnotes":""},"categories":[2955],"tags":[3098,602,1816,3097,3096],"class_list":["post-1887","post","type-post","status-publish","format-standard","hentry","category-events-veranstaltungen","tag-jimmy-cliff","tag-musik","tag-openair","tag-pfaffikon","tag-reeds"],"yoast_head":"<!-- This site is optimized with the Yoast SEO plugin v27.1.1 - https:\/\/yoast.com\/product\/yoast-seo-wordpress\/ -->\n<title>Reeds Openair in Pf\u00e4ffikon - BloggingTom<\/title>\n<meta name=\"robots\" content=\"index, follow, max-snippet:-1, max-image-preview:large, max-video-preview:-1\" \/>\n<link rel=\"canonical\" href=\"https:\/\/bloggingtom.ch\/blog\/archives\/2008\/07\/26\/reeds-openair-in-pfaffikon\/\" \/>\n<meta name=\"twitter:label1\" content=\"Verfasst von\" \/>\n\t<meta name=\"twitter:data1\" content=\"BloggingTom\" \/>\n\t<meta name=\"twitter:label2\" content=\"Gesch\u00e4tzte Lesezeit\" \/>\n\t<meta name=\"twitter:data2\" content=\"1\u00a0Minute\" \/>\n<script type=\"application\/ld+json\" class=\"yoast-schema-graph\">{\"@context\":\"https:\/\/schema.org\",\"@graph\":[{\"@type\":\"Article\",\"@id\":\"https:\/\/bloggingtom.ch\/blog\/archives\/2008\/07\/26\/reeds-openair-in-pfaffikon\/#article\",\"isPartOf\":{\"@id\":\"https:\/\/bloggingtom.ch\/blog\/archives\/2008\/07\/26\/reeds-openair-in-pfaffikon\/\"},\"author\":{\"name\":\"BloggingTom\",\"@id\":\"https:\/\/bloggingtom.ch\/blog\/#\/schema\/person\/f6c8d3d5f30c10217b69ac72723e9d1c\"},\"headline\":\"Reeds Openair in Pf\u00e4ffikon\",\"datePublished\":\"2008-07-26T12:12:38+00:00\",\"mainEntityOfPage\":{\"@id\":\"https:\/\/bloggingtom.ch\/blog\/archives\/2008\/07\/26\/reeds-openair-in-pfaffikon\/\"},\"wordCount\":175,\"commentCount\":8,\"publisher\":{\"@id\":\"https:\/\/bloggingtom.ch\/blog\/#\/schema\/person\/f6c8d3d5f30c10217b69ac72723e9d1c\"},\"image\":{\"@id\":\"https:\/\/bloggingtom.ch\/blog\/archives\/2008\/07\/26\/reeds-openair-in-pfaffikon\/#primaryimage\"},\"thumbnailUrl\":\"http:\/\/bloggingtom.ch\/wp-images\/ownimg\/articles\/20080726-jimmy-cliff1.jpg\",\"keywords\":[\"jimmy-cliff\",\"musik\",\"openair\",\"pf\u00e4ffikon\",\"reeds\"],\"articleSection\":[\"Events &amp; Veranstaltungen\"],\"inLanguage\":\"de\",\"potentialAction\":[{\"@type\":\"CommentAction\",\"name\":\"Comment\",\"target\":[\"https:\/\/bloggingtom.ch\/blog\/archives\/2008\/07\/26\/reeds-openair-in-pfaffikon\/#respond\"]}]},{\"@type\":\"WebPage\",\"@id\":\"https:\/\/bloggingtom.ch\/blog\/archives\/2008\/07\/26\/reeds-openair-in-pfaffikon\/\",\"url\":\"https:\/\/bloggingtom.ch\/blog\/archives\/2008\/07\/26\/reeds-openair-in-pfaffikon\/\",\"name\":\"Reeds Openair in Pf\u00e4ffikon - BloggingTom\",\"isPartOf\":{\"@id\":\"https:\/\/bloggingtom.ch\/blog\/#website\"},\"primaryImageOfPage\":{\"@id\":\"https:\/\/bloggingtom.ch\/blog\/archives\/2008\/07\/26\/reeds-openair-in-pfaffikon\/#primaryimage\"},\"image\":{\"@id\":\"https:\/\/bloggingtom.ch\/blog\/archives\/2008\/07\/26\/reeds-openair-in-pfaffikon\/#primaryimage\"},\"thumbnailUrl\":\"http:\/\/bloggingtom.ch\/wp-images\/ownimg\/articles\/20080726-jimmy-cliff1.jpg\",\"datePublished\":\"2008-07-26T12:12:38+00:00\",\"breadcrumb\":{\"@id\":\"https:\/\/bloggingtom.ch\/blog\/archives\/2008\/07\/26\/reeds-openair-in-pfaffikon\/#breadcrumb\"},\"inLanguage\":\"de\",\"potentialAction\":[{\"@type\":\"ReadAction\",\"target\":[\"https:\/\/bloggingtom.ch\/blog\/archives\/2008\/07\/26\/reeds-openair-in-pfaffikon\/\"]}]},{\"@type\":\"ImageObject\",\"inLanguage\":\"de\",\"@id\":\"https:\/\/bloggingtom.ch\/blog\/archives\/2008\/07\/26\/reeds-openair-in-pfaffikon\/#primaryimage\",\"url\":\"http:\/\/bloggingtom.ch\/wp-images\/ownimg\/articles\/20080726-jimmy-cliff1.jpg\",\"contentUrl\":\"http:\/\/bloggingtom.ch\/wp-images\/ownimg\/articles\/20080726-jimmy-cliff1.jpg\"},{\"@type\":\"BreadcrumbList\",\"@id\":\"https:\/\/bloggingtom.ch\/blog\/archives\/2008\/07\/26\/reeds-openair-in-pfaffikon\/#breadcrumb\",\"itemListElement\":[{\"@type\":\"ListItem\",\"position\":1,\"name\":\"Home\",\"item\":\"https:\/\/bloggingtom.ch\/blog\/\"},{\"@type\":\"ListItem\",\"position\":2,\"name\":\"Reeds Openair in Pf\u00e4ffikon\"}]},{\"@type\":\"WebSite\",\"@id\":\"https:\/\/bloggingtom.ch\/blog\/#website\",\"url\":\"https:\/\/bloggingtom.ch\/blog\/\",\"name\":\"BloggingTom\",\"description\":\"Die t\u00e4glichen Abenteuer im Cyberspace...\",\"publisher\":{\"@id\":\"https:\/\/bloggingtom.ch\/blog\/#\/schema\/person\/f6c8d3d5f30c10217b69ac72723e9d1c\"},\"potentialAction\":[{\"@type\":\"SearchAction\",\"target\":{\"@type\":\"EntryPoint\",\"urlTemplate\":\"https:\/\/bloggingtom.ch\/blog\/?s={search_term_string}\"},\"query-input\":{\"@type\":\"PropertyValueSpecification\",\"valueRequired\":true,\"valueName\":\"search_term_string\"}}],\"inLanguage\":\"de\"},{\"@type\":[\"Person\",\"Organization\"],\"@id\":\"https:\/\/bloggingtom.ch\/blog\/#\/schema\/person\/f6c8d3d5f30c10217b69ac72723e9d1c\",\"name\":\"BloggingTom\",\"image\":{\"@type\":\"ImageObject\",\"inLanguage\":\"de\",\"@id\":\"https:\/\/bloggingtom.ch\/blog\/#\/schema\/person\/image\/\",\"url\":\"https:\/\/secure.gravatar.com\/avatar\/17c2b6a2966fc102465cf177587d359e4dac41adfaab355352baee5d5d46f277?s=96&d=mm&r=g\",\"contentUrl\":\"https:\/\/secure.gravatar.com\/avatar\/17c2b6a2966fc102465cf177587d359e4dac41adfaab355352baee5d5d46f277?s=96&d=mm&r=g\",\"caption\":\"BloggingTom\"},\"logo\":{\"@id\":\"https:\/\/bloggingtom.ch\/blog\/#\/schema\/person\/image\/\"},\"sameAs\":[\"http:\/\/bloggingtom.ch\"],\"url\":\"https:\/\/bloggingtom.ch\/blog\/archives\/author\/bloggingtom\/\"}]}<\/script>\n<!-- \/ Yoast SEO plugin. -->","yoast_head_json":{"title":"Reeds Openair in Pf\u00e4ffikon - BloggingTom","robots":{"index":"index","follow":"follow","max-snippet":"max-snippet:-1","max-image-preview":"max-image-preview:large","max-video-preview":"max-video-preview:-1"},"canonical":"https:\/\/bloggingtom.ch\/blog\/archives\/2008\/07\/26\/reeds-openair-in-pfaffikon\/","twitter_misc":{"Verfasst von":"BloggingTom","Gesch\u00e4tzte Lesezeit":"1\u00a0Minute"},"schema":{"@context":"https:\/\/schema.org","@graph":[{"@type":"Article","@id":"https:\/\/bloggingtom.ch\/blog\/archives\/2008\/07\/26\/reeds-openair-in-pfaffikon\/#article","isPartOf":{"@id":"https:\/\/bloggingtom.ch\/blog\/archives\/2008\/07\/26\/reeds-openair-in-pfaffikon\/"},"author":{"name":"BloggingTom","@id":"https:\/\/bloggingtom.ch\/blog\/#\/schema\/person\/f6c8d3d5f30c10217b69ac72723e9d1c"},"headline":"Reeds Openair in Pf\u00e4ffikon","datePublished":"2008-07-26T12:12:38+00:00","mainEntityOfPage":{"@id":"https:\/\/bloggingtom.ch\/blog\/archives\/2008\/07\/26\/reeds-openair-in-pfaffikon\/"},"wordCount":175,"commentCount":8,"publisher":{"@id":"https:\/\/bloggingtom.ch\/blog\/#\/schema\/person\/f6c8d3d5f30c10217b69ac72723e9d1c"},"image":{"@id":"https:\/\/bloggingtom.ch\/blog\/archives\/2008\/07\/26\/reeds-openair-in-pfaffikon\/#primaryimage"},"thumbnailUrl":"http:\/\/bloggingtom.ch\/wp-images\/ownimg\/articles\/20080726-jimmy-cliff1.jpg","keywords":["jimmy-cliff","musik","openair","pf\u00e4ffikon","reeds"],"articleSection":["Events &amp; Veranstaltungen"],"inLanguage":"de","potentialAction":[{"@type":"CommentAction","name":"Comment","target":["https:\/\/bloggingtom.ch\/blog\/archives\/2008\/07\/26\/reeds-openair-in-pfaffikon\/#respond"]}]},{"@type":"WebPage","@id":"https:\/\/bloggingtom.ch\/blog\/archives\/2008\/07\/26\/reeds-openair-in-pfaffikon\/","url":"https:\/\/bloggingtom.ch\/blog\/archives\/2008\/07\/26\/reeds-openair-in-pfaffikon\/","name":"Reeds Openair in Pf\u00e4ffikon - BloggingTom","isPartOf":{"@id":"https:\/\/bloggingtom.ch\/blog\/#website"},"primaryImageOfPage":{"@id":"https:\/\/bloggingtom.ch\/blog\/archives\/2008\/07\/26\/reeds-openair-in-pfaffikon\/#primaryimage"},"image":{"@id":"https:\/\/bloggingtom.ch\/blog\/archives\/2008\/07\/26\/reeds-openair-in-pfaffikon\/#primaryimage"},"thumbnailUrl":"http:\/\/bloggingtom.ch\/wp-images\/ownimg\/articles\/20080726-jimmy-cliff1.jpg","datePublished":"2008-07-26T12:12:38+00:00","breadcrumb":{"@id":"https:\/\/bloggingtom.ch\/blog\/archives\/2008\/07\/26\/reeds-openair-in-pfaffikon\/#breadcrumb"},"inLanguage":"de","potentialAction":[{"@type":"ReadAction","target":["https:\/\/bloggingtom.ch\/blog\/archives\/2008\/07\/26\/reeds-openair-in-pfaffikon\/"]}]},{"@type":"ImageObject","inLanguage":"de","@id":"https:\/\/bloggingtom.ch\/blog\/archives\/2008\/07\/26\/reeds-openair-in-pfaffikon\/#primaryimage","url":"http:\/\/bloggingtom.ch\/wp-images\/ownimg\/articles\/20080726-jimmy-cliff1.jpg","contentUrl":"http:\/\/bloggingtom.ch\/wp-images\/ownimg\/articles\/20080726-jimmy-cliff1.jpg"},{"@type":"BreadcrumbList","@id":"https:\/\/bloggingtom.ch\/blog\/archives\/2008\/07\/26\/reeds-openair-in-pfaffikon\/#breadcrumb","itemListElement":[{"@type":"ListItem","position":1,"name":"Home","item":"https:\/\/bloggingtom.ch\/blog\/"},{"@type":"ListItem","position":2,"name":"Reeds Openair in Pf\u00e4ffikon"}]},{"@type":"WebSite","@id":"https:\/\/bloggingtom.ch\/blog\/#website","url":"https:\/\/bloggingtom.ch\/blog\/","name":"BloggingTom","description":"Die t\u00e4glichen Abenteuer im Cyberspace...","publisher":{"@id":"https:\/\/bloggingtom.ch\/blog\/#\/schema\/person\/f6c8d3d5f30c10217b69ac72723e9d1c"},"potentialAction":[{"@type":"SearchAction","target":{"@type":"EntryPoint","urlTemplate":"https:\/\/bloggingtom.ch\/blog\/?s={search_term_string}"},"query-input":{"@type":"PropertyValueSpecification","valueRequired":true,"valueName":"search_term_string"}}],"inLanguage":"de"},{"@type":["Person","Organization"],"@id":"https:\/\/bloggingtom.ch\/blog\/#\/schema\/person\/f6c8d3d5f30c10217b69ac72723e9d1c","name":"BloggingTom","image":{"@type":"ImageObject","inLanguage":"de","@id":"https:\/\/bloggingtom.ch\/blog\/#\/schema\/person\/image\/","url":"https:\/\/secure.gravatar.com\/avatar\/17c2b6a2966fc102465cf177587d359e4dac41adfaab355352baee5d5d46f277?s=96&d=mm&r=g","contentUrl":"https:\/\/secure.gravatar.com\/avatar\/17c2b6a2966fc102465cf177587d359e4dac41adfaab355352baee5d5d46f277?s=96&d=mm&r=g","caption":"BloggingTom"},"logo":{"@id":"https:\/\/bloggingtom.ch\/blog\/#\/schema\/person\/image\/"},"sameAs":["http:\/\/bloggingtom.ch"],"url":"https:\/\/bloggingtom.ch\/blog\/archives\/author\/bloggingtom\/"}]}},"jetpack_featured_media_url":"","jetpack_shortlink":"https:\/\/wp.me\/pa6Ev-ur","jetpack_likes_enabled":true,"jetpack_sharing_enabled":true,"_links":{"self":[{"href":"https:\/\/bloggingtom.ch\/blog\/wp-json\/wp\/v2\/posts\/1887","targetHints":{"allow":["GET"]}}],"collection":[{"href":"https:\/\/bloggingtom.ch\/blog\/wp-json\/wp\/v2\/posts"}],"about":[{"href":"https:\/\/bloggingtom.ch\/blog\/wp-json\/wp\/v2\/types\/post"}],"author":[{"embeddable":true,"href":"https:\/\/bloggingtom.ch\/blog\/wp-json\/wp\/v2\/users\/1"}],"replies":[{"embeddable":true,"href":"https:\/\/bloggingtom.ch\/blog\/wp-json\/wp\/v2\/comments?post=1887"}],"version-history":[{"count":0,"href":"https:\/\/bloggingtom.ch\/blog\/wp-json\/wp\/v2\/posts\/1887\/revisions"}],"wp:attachment":[{"href":"https:\/\/bloggingtom.ch\/blog\/wp-json\/wp\/v2\/media?parent=1887"}],"wp:term":[{"taxonomy":"category","embeddable":true,"href":"https:\/\/bloggingtom.ch\/blog\/wp-json\/wp\/v2\/categories?post=1887"},{"taxonomy":"post_tag","embeddable":true,"href":"https:\/\/bloggingtom.ch\/blog\/wp-json\/wp\/v2\/tags?post=1887"}],"curies":[{"name":"wp","href":"https:\/\/api.w.org\/{rel}","templated":true}]}}