{"id":1840,"date":"2008-06-09T09:21:54","date_gmt":"2008-06-09T07:21:54","guid":{"rendered":"http:\/\/bloggingtom.ch\/archives\/2008\/06\/09\/deutsche-in-der-schweiz-geliebt-oder-gehasst\/"},"modified":"2008-06-09T09:21:54","modified_gmt":"2008-06-09T07:21:54","slug":"deutsche-in-der-schweiz-geliebt-oder-gehasst","status":"publish","type":"post","link":"https:\/\/bloggingtom.ch\/blog\/archives\/2008\/06\/09\/deutsche-in-der-schweiz-geliebt-oder-gehasst\/","title":{"rendered":"Deutsche in der Schweiz: Geliebt oder gehasst?"},"content":{"rendered":"<div class=\"img-shadow-right\"><img decoding=\"async\" src=\"http:\/\/bloggingtom.ch\/wp-images\/ownimg\/articles\/20080609-em-shirt.jpg\" alt=\"EM-Shirt: Ich unterst\u00fctze 2 Mannschaften\" \/><\/div>\n<p>Einer Leser mit dem sinnfreien Absender gsdgdgd@gsdgdgd.com schrieb mir gestern abend:<\/p>\n<blockquote><p>Guten Tag. Vielleicht interessiert Sie meine Website:<br \/>\nhttp:\/\/www.hopplaschweiz.com\/<\/p><\/blockquote>\n<p>Wer die Seite &#8222;<a href=\"http:\/\/www.hopplaschweiz.com\/\" target=\"_blank\" >Hoppla, Schweiz!<\/a>&#8220; besucht merkt ziemlich schnell, dass es sich beim Betreiber um einen in der Schweiz wohnhaften Deutschen handelt. <a href=\"http:\/\/www.hopplaschweiz.com\/?p=3\" target=\"_blank\" >Einer von<\/a><\/p>\n<blockquote><p>201.497 Deutschen, die laut BfS hier in der Schweiz leben und daf\u00fcr von Euch jahrein, jahraus auf die Fresse kriegen &#8211; nicht im wortw\u00f6rtlichen Sinne, sondern hinter vorgehaltener Hand und in den Medien.<\/p><\/blockquote>\n<p>Bitterb\u00f6se beklagt sich der Blogger mit dem Pseudonym Alexander Deutschmann \u00fcber die Schweizer, die sich alles w\u00fcnschen, nur bloss keinen Sieg der deutschen Fussball-Nationalmannschaft. Und auch sonst glaube ich herauszuh\u00f6ren, dass sich Deutschmann alles andere als wohl f\u00fchlt unter uns Schweizern. Was nat\u00fcrlich unweigerlich zur Frage f\u00fchrt, ob es den restlichen 201&#8217;496 Deutschen hier im Land ebenso geht?<\/p>\n<p>Haben wir wirklich ein Problem mit den Deutschen in der Schweiz, so wie das auch <a href=\"http:\/\/www.nzz.ch\/nachrichten\/panorama\/jetzt_gehen_sie_wieder_1.575912.html\" target=\"_blank\" >Katrin Wilde<\/a>, (Ex-Moderatorin von Radio Energy) in der Sendung <a href=\"http:\/\/www.swr.de\/nachtcafe\/-\/id=200198\/nid=200198\/did=3451546\/1ahxqhy\/index.html\" target=\"_blank\" >NACHTCAF\u00e9<\/a> am letzten Freitag <a href=\"http:\/\/thinkabout.ch\/article\/oesis-teutonen-und-eidgenossen-zum-liebhaben\" target=\"_blank\" >zum Ausdruck brachte<\/a>? Ich kann das alles irgendwie nicht ganz nachvollziehen, schliesslich z\u00e4hle ich viele Deutsche, ob sie nun hier oder anderswo leben, zu meinem Bekanntenkreis, mal n\u00e4her, mal weniger nah. Und mir kommen die Deutschen weder arrogant noch sonstwie komisch rein. Die meisten zumindest, denn es gibt auch unter den Schweizern Arroganz und \u00dcberheblichkeit, da d\u00fcrfte der Unterschied wohl kaum liegen.<\/p>\n<p>Zumindest was den Fussball anbelangt, k\u00f6nnte es f\u00fcr die Rivalit\u00e4t aber durchaus einen Grund geben. Wir sind einfach nicht laut genug, wie auch Bruno Ziauddin in seinem Buch &#8222;Gr\u00fcezi Gummih\u00e4lse. Warum uns die Deutschen manchmal auf die Nerven gehen&#8220; <a href=\"http:\/\/www.weltwoche.ch\/artikel\/?AssetID=19042&#038;CategoryID=91\" target=\"_blank\" >am Beispiel der Engl\u00e4nder aufzeigt<\/a>:<\/p>\n<blockquote><p>Die Schweiz spielte gegen England (das Resultat tut hier nichts zur Sache), und in unserem Sektor sangen vielleicht achttausend Fans \u00abSchwiizer Natzi ol\u00e9, ol\u00e9!\u00bb. In den Sektor hatten sich auch ein paar hundert Engl\u00e4nder verirrt. Und die waren tats\u00e4chlich lauter als die achttausend Schweizer. Muss an unseren Kehlk\u00f6pfen und Stimmb\u00e4ndern liegen. Einfach nicht f\u00fcr laute T\u00f6ne gebaut. Weswegen wir f\u00fcr diese auch nicht empf\u00e4nglich sind.<\/p><\/blockquote>\n<p>Aber mal im Ernst: Auch wenn ich mich daran st\u00f6re, dass sich der Blogger hinter dem Pseudonym Deutschmann versteckt und die Domain nicht auf seinen Namen registriert ist: Gibt es tats\u00e4chlich ein Problem mit den Deutschen hier im Land oder wie seht ihr das?<\/p>\n","protected":false},"excerpt":{"rendered":"<p>Einer Leser mit dem sinnfreien Absender gsdgdgd@gsdgdgd.com schrieb mir gestern abend: Guten Tag. Vielleicht interessiert Sie meine Website: http:\/\/www.hopplaschweiz.com\/ Wer die Seite &#8222;Hoppla, Schweiz!&#8220; besucht merkt ziemlich schnell, dass es sich beim Betreiber um einen in der Schweiz wohnhaften Deutschen handelt. Einer von 201.497 Deutschen, die laut BfS hier in der Schweiz leben und daf\u00fcr [&hellip;]<\/p>\n","protected":false},"author":1,"featured_media":0,"comment_status":"open","ping_status":"open","sticky":false,"template":"","format":"standard","meta":{"twitterCardType":"","cardImageID":0,"cardImage":"","cardTitle":"","cardDesc":"","cardImageAlt":"","cardPlayer":"","cardPlayerWidth":0,"cardPlayerHeight":0,"cardPlayerStream":"","cardPlayerCodec":"","_jetpack_memberships_contains_paid_content":false,"footnotes":""},"categories":[1],"tags":[839,3053,133],"class_list":["post-1840","post","type-post","status-publish","format-standard","hentry","category-home","tag-deutschland","tag-einwanderung","tag-schweiz"],"yoast_head":"<!-- This site is optimized with the Yoast SEO plugin v27.1.1 - https:\/\/yoast.com\/product\/yoast-seo-wordpress\/ -->\n<title>Deutsche in der Schweiz: Geliebt oder gehasst? - BloggingTom<\/title>\n<meta name=\"robots\" content=\"index, follow, max-snippet:-1, max-image-preview:large, max-video-preview:-1\" \/>\n<link rel=\"canonical\" href=\"https:\/\/bloggingtom.ch\/blog\/archives\/2008\/06\/09\/deutsche-in-der-schweiz-geliebt-oder-gehasst\/\" \/>\n<meta name=\"twitter:label1\" content=\"Verfasst von\" \/>\n\t<meta name=\"twitter:data1\" content=\"BloggingTom\" \/>\n\t<meta name=\"twitter:label2\" content=\"Gesch\u00e4tzte Lesezeit\" \/>\n\t<meta name=\"twitter:data2\" content=\"2\u00a0Minuten\" \/>\n<script type=\"application\/ld+json\" class=\"yoast-schema-graph\">{\"@context\":\"https:\/\/schema.org\",\"@graph\":[{\"@type\":\"Article\",\"@id\":\"https:\/\/bloggingtom.ch\/blog\/archives\/2008\/06\/09\/deutsche-in-der-schweiz-geliebt-oder-gehasst\/#article\",\"isPartOf\":{\"@id\":\"https:\/\/bloggingtom.ch\/blog\/archives\/2008\/06\/09\/deutsche-in-der-schweiz-geliebt-oder-gehasst\/\"},\"author\":{\"name\":\"BloggingTom\",\"@id\":\"https:\/\/bloggingtom.ch\/blog\/#\/schema\/person\/f6c8d3d5f30c10217b69ac72723e9d1c\"},\"headline\":\"Deutsche in der Schweiz: Geliebt oder gehasst?\",\"datePublished\":\"2008-06-09T07:21:54+00:00\",\"mainEntityOfPage\":{\"@id\":\"https:\/\/bloggingtom.ch\/blog\/archives\/2008\/06\/09\/deutsche-in-der-schweiz-geliebt-oder-gehasst\/\"},\"wordCount\":414,\"commentCount\":53,\"publisher\":{\"@id\":\"https:\/\/bloggingtom.ch\/blog\/#\/schema\/person\/f6c8d3d5f30c10217b69ac72723e9d1c\"},\"image\":{\"@id\":\"https:\/\/bloggingtom.ch\/blog\/archives\/2008\/06\/09\/deutsche-in-der-schweiz-geliebt-oder-gehasst\/#primaryimage\"},\"thumbnailUrl\":\"http:\/\/bloggingtom.ch\/wp-images\/ownimg\/articles\/20080609-em-shirt.jpg\",\"keywords\":[\"deutschland\",\"einwanderung\",\"schweiz\"],\"articleSection\":[\"Dies und Das\"],\"inLanguage\":\"de\",\"potentialAction\":[{\"@type\":\"CommentAction\",\"name\":\"Comment\",\"target\":[\"https:\/\/bloggingtom.ch\/blog\/archives\/2008\/06\/09\/deutsche-in-der-schweiz-geliebt-oder-gehasst\/#respond\"]}]},{\"@type\":\"WebPage\",\"@id\":\"https:\/\/bloggingtom.ch\/blog\/archives\/2008\/06\/09\/deutsche-in-der-schweiz-geliebt-oder-gehasst\/\",\"url\":\"https:\/\/bloggingtom.ch\/blog\/archives\/2008\/06\/09\/deutsche-in-der-schweiz-geliebt-oder-gehasst\/\",\"name\":\"Deutsche in der Schweiz: Geliebt oder gehasst? - BloggingTom\",\"isPartOf\":{\"@id\":\"https:\/\/bloggingtom.ch\/blog\/#website\"},\"primaryImageOfPage\":{\"@id\":\"https:\/\/bloggingtom.ch\/blog\/archives\/2008\/06\/09\/deutsche-in-der-schweiz-geliebt-oder-gehasst\/#primaryimage\"},\"image\":{\"@id\":\"https:\/\/bloggingtom.ch\/blog\/archives\/2008\/06\/09\/deutsche-in-der-schweiz-geliebt-oder-gehasst\/#primaryimage\"},\"thumbnailUrl\":\"http:\/\/bloggingtom.ch\/wp-images\/ownimg\/articles\/20080609-em-shirt.jpg\",\"datePublished\":\"2008-06-09T07:21:54+00:00\",\"breadcrumb\":{\"@id\":\"https:\/\/bloggingtom.ch\/blog\/archives\/2008\/06\/09\/deutsche-in-der-schweiz-geliebt-oder-gehasst\/#breadcrumb\"},\"inLanguage\":\"de\",\"potentialAction\":[{\"@type\":\"ReadAction\",\"target\":[\"https:\/\/bloggingtom.ch\/blog\/archives\/2008\/06\/09\/deutsche-in-der-schweiz-geliebt-oder-gehasst\/\"]}]},{\"@type\":\"ImageObject\",\"inLanguage\":\"de\",\"@id\":\"https:\/\/bloggingtom.ch\/blog\/archives\/2008\/06\/09\/deutsche-in-der-schweiz-geliebt-oder-gehasst\/#primaryimage\",\"url\":\"http:\/\/bloggingtom.ch\/wp-images\/ownimg\/articles\/20080609-em-shirt.jpg\",\"contentUrl\":\"http:\/\/bloggingtom.ch\/wp-images\/ownimg\/articles\/20080609-em-shirt.jpg\"},{\"@type\":\"BreadcrumbList\",\"@id\":\"https:\/\/bloggingtom.ch\/blog\/archives\/2008\/06\/09\/deutsche-in-der-schweiz-geliebt-oder-gehasst\/#breadcrumb\",\"itemListElement\":[{\"@type\":\"ListItem\",\"position\":1,\"name\":\"Home\",\"item\":\"https:\/\/bloggingtom.ch\/blog\/\"},{\"@type\":\"ListItem\",\"position\":2,\"name\":\"Deutsche in der Schweiz: Geliebt oder gehasst?\"}]},{\"@type\":\"WebSite\",\"@id\":\"https:\/\/bloggingtom.ch\/blog\/#website\",\"url\":\"https:\/\/bloggingtom.ch\/blog\/\",\"name\":\"BloggingTom\",\"description\":\"Die t\u00e4glichen Abenteuer im Cyberspace...\",\"publisher\":{\"@id\":\"https:\/\/bloggingtom.ch\/blog\/#\/schema\/person\/f6c8d3d5f30c10217b69ac72723e9d1c\"},\"potentialAction\":[{\"@type\":\"SearchAction\",\"target\":{\"@type\":\"EntryPoint\",\"urlTemplate\":\"https:\/\/bloggingtom.ch\/blog\/?s={search_term_string}\"},\"query-input\":{\"@type\":\"PropertyValueSpecification\",\"valueRequired\":true,\"valueName\":\"search_term_string\"}}],\"inLanguage\":\"de\"},{\"@type\":[\"Person\",\"Organization\"],\"@id\":\"https:\/\/bloggingtom.ch\/blog\/#\/schema\/person\/f6c8d3d5f30c10217b69ac72723e9d1c\",\"name\":\"BloggingTom\",\"image\":{\"@type\":\"ImageObject\",\"inLanguage\":\"de\",\"@id\":\"https:\/\/bloggingtom.ch\/blog\/#\/schema\/person\/image\/\",\"url\":\"https:\/\/secure.gravatar.com\/avatar\/17c2b6a2966fc102465cf177587d359e4dac41adfaab355352baee5d5d46f277?s=96&d=mm&r=g\",\"contentUrl\":\"https:\/\/secure.gravatar.com\/avatar\/17c2b6a2966fc102465cf177587d359e4dac41adfaab355352baee5d5d46f277?s=96&d=mm&r=g\",\"caption\":\"BloggingTom\"},\"logo\":{\"@id\":\"https:\/\/bloggingtom.ch\/blog\/#\/schema\/person\/image\/\"},\"sameAs\":[\"http:\/\/bloggingtom.ch\"],\"url\":\"https:\/\/bloggingtom.ch\/blog\/archives\/author\/bloggingtom\/\"}]}<\/script>\n<!-- \/ Yoast SEO plugin. -->","yoast_head_json":{"title":"Deutsche in der Schweiz: Geliebt oder gehasst? - BloggingTom","robots":{"index":"index","follow":"follow","max-snippet":"max-snippet:-1","max-image-preview":"max-image-preview:large","max-video-preview":"max-video-preview:-1"},"canonical":"https:\/\/bloggingtom.ch\/blog\/archives\/2008\/06\/09\/deutsche-in-der-schweiz-geliebt-oder-gehasst\/","twitter_misc":{"Verfasst von":"BloggingTom","Gesch\u00e4tzte Lesezeit":"2\u00a0Minuten"},"schema":{"@context":"https:\/\/schema.org","@graph":[{"@type":"Article","@id":"https:\/\/bloggingtom.ch\/blog\/archives\/2008\/06\/09\/deutsche-in-der-schweiz-geliebt-oder-gehasst\/#article","isPartOf":{"@id":"https:\/\/bloggingtom.ch\/blog\/archives\/2008\/06\/09\/deutsche-in-der-schweiz-geliebt-oder-gehasst\/"},"author":{"name":"BloggingTom","@id":"https:\/\/bloggingtom.ch\/blog\/#\/schema\/person\/f6c8d3d5f30c10217b69ac72723e9d1c"},"headline":"Deutsche in der Schweiz: Geliebt oder gehasst?","datePublished":"2008-06-09T07:21:54+00:00","mainEntityOfPage":{"@id":"https:\/\/bloggingtom.ch\/blog\/archives\/2008\/06\/09\/deutsche-in-der-schweiz-geliebt-oder-gehasst\/"},"wordCount":414,"commentCount":53,"publisher":{"@id":"https:\/\/bloggingtom.ch\/blog\/#\/schema\/person\/f6c8d3d5f30c10217b69ac72723e9d1c"},"image":{"@id":"https:\/\/bloggingtom.ch\/blog\/archives\/2008\/06\/09\/deutsche-in-der-schweiz-geliebt-oder-gehasst\/#primaryimage"},"thumbnailUrl":"http:\/\/bloggingtom.ch\/wp-images\/ownimg\/articles\/20080609-em-shirt.jpg","keywords":["deutschland","einwanderung","schweiz"],"articleSection":["Dies und Das"],"inLanguage":"de","potentialAction":[{"@type":"CommentAction","name":"Comment","target":["https:\/\/bloggingtom.ch\/blog\/archives\/2008\/06\/09\/deutsche-in-der-schweiz-geliebt-oder-gehasst\/#respond"]}]},{"@type":"WebPage","@id":"https:\/\/bloggingtom.ch\/blog\/archives\/2008\/06\/09\/deutsche-in-der-schweiz-geliebt-oder-gehasst\/","url":"https:\/\/bloggingtom.ch\/blog\/archives\/2008\/06\/09\/deutsche-in-der-schweiz-geliebt-oder-gehasst\/","name":"Deutsche in der Schweiz: Geliebt oder gehasst? - BloggingTom","isPartOf":{"@id":"https:\/\/bloggingtom.ch\/blog\/#website"},"primaryImageOfPage":{"@id":"https:\/\/bloggingtom.ch\/blog\/archives\/2008\/06\/09\/deutsche-in-der-schweiz-geliebt-oder-gehasst\/#primaryimage"},"image":{"@id":"https:\/\/bloggingtom.ch\/blog\/archives\/2008\/06\/09\/deutsche-in-der-schweiz-geliebt-oder-gehasst\/#primaryimage"},"thumbnailUrl":"http:\/\/bloggingtom.ch\/wp-images\/ownimg\/articles\/20080609-em-shirt.jpg","datePublished":"2008-06-09T07:21:54+00:00","breadcrumb":{"@id":"https:\/\/bloggingtom.ch\/blog\/archives\/2008\/06\/09\/deutsche-in-der-schweiz-geliebt-oder-gehasst\/#breadcrumb"},"inLanguage":"de","potentialAction":[{"@type":"ReadAction","target":["https:\/\/bloggingtom.ch\/blog\/archives\/2008\/06\/09\/deutsche-in-der-schweiz-geliebt-oder-gehasst\/"]}]},{"@type":"ImageObject","inLanguage":"de","@id":"https:\/\/bloggingtom.ch\/blog\/archives\/2008\/06\/09\/deutsche-in-der-schweiz-geliebt-oder-gehasst\/#primaryimage","url":"http:\/\/bloggingtom.ch\/wp-images\/ownimg\/articles\/20080609-em-shirt.jpg","contentUrl":"http:\/\/bloggingtom.ch\/wp-images\/ownimg\/articles\/20080609-em-shirt.jpg"},{"@type":"BreadcrumbList","@id":"https:\/\/bloggingtom.ch\/blog\/archives\/2008\/06\/09\/deutsche-in-der-schweiz-geliebt-oder-gehasst\/#breadcrumb","itemListElement":[{"@type":"ListItem","position":1,"name":"Home","item":"https:\/\/bloggingtom.ch\/blog\/"},{"@type":"ListItem","position":2,"name":"Deutsche in der Schweiz: Geliebt oder gehasst?"}]},{"@type":"WebSite","@id":"https:\/\/bloggingtom.ch\/blog\/#website","url":"https:\/\/bloggingtom.ch\/blog\/","name":"BloggingTom","description":"Die t\u00e4glichen Abenteuer im Cyberspace...","publisher":{"@id":"https:\/\/bloggingtom.ch\/blog\/#\/schema\/person\/f6c8d3d5f30c10217b69ac72723e9d1c"},"potentialAction":[{"@type":"SearchAction","target":{"@type":"EntryPoint","urlTemplate":"https:\/\/bloggingtom.ch\/blog\/?s={search_term_string}"},"query-input":{"@type":"PropertyValueSpecification","valueRequired":true,"valueName":"search_term_string"}}],"inLanguage":"de"},{"@type":["Person","Organization"],"@id":"https:\/\/bloggingtom.ch\/blog\/#\/schema\/person\/f6c8d3d5f30c10217b69ac72723e9d1c","name":"BloggingTom","image":{"@type":"ImageObject","inLanguage":"de","@id":"https:\/\/bloggingtom.ch\/blog\/#\/schema\/person\/image\/","url":"https:\/\/secure.gravatar.com\/avatar\/17c2b6a2966fc102465cf177587d359e4dac41adfaab355352baee5d5d46f277?s=96&d=mm&r=g","contentUrl":"https:\/\/secure.gravatar.com\/avatar\/17c2b6a2966fc102465cf177587d359e4dac41adfaab355352baee5d5d46f277?s=96&d=mm&r=g","caption":"BloggingTom"},"logo":{"@id":"https:\/\/bloggingtom.ch\/blog\/#\/schema\/person\/image\/"},"sameAs":["http:\/\/bloggingtom.ch"],"url":"https:\/\/bloggingtom.ch\/blog\/archives\/author\/bloggingtom\/"}]}},"jetpack_featured_media_url":"","jetpack_shortlink":"https:\/\/wp.me\/pa6Ev-tG","jetpack_likes_enabled":true,"jetpack_sharing_enabled":true,"_links":{"self":[{"href":"https:\/\/bloggingtom.ch\/blog\/wp-json\/wp\/v2\/posts\/1840","targetHints":{"allow":["GET"]}}],"collection":[{"href":"https:\/\/bloggingtom.ch\/blog\/wp-json\/wp\/v2\/posts"}],"about":[{"href":"https:\/\/bloggingtom.ch\/blog\/wp-json\/wp\/v2\/types\/post"}],"author":[{"embeddable":true,"href":"https:\/\/bloggingtom.ch\/blog\/wp-json\/wp\/v2\/users\/1"}],"replies":[{"embeddable":true,"href":"https:\/\/bloggingtom.ch\/blog\/wp-json\/wp\/v2\/comments?post=1840"}],"version-history":[{"count":0,"href":"https:\/\/bloggingtom.ch\/blog\/wp-json\/wp\/v2\/posts\/1840\/revisions"}],"wp:attachment":[{"href":"https:\/\/bloggingtom.ch\/blog\/wp-json\/wp\/v2\/media?parent=1840"}],"wp:term":[{"taxonomy":"category","embeddable":true,"href":"https:\/\/bloggingtom.ch\/blog\/wp-json\/wp\/v2\/categories?post=1840"},{"taxonomy":"post_tag","embeddable":true,"href":"https:\/\/bloggingtom.ch\/blog\/wp-json\/wp\/v2\/tags?post=1840"}],"curies":[{"name":"wp","href":"https:\/\/api.w.org\/{rel}","templated":true}]}}