{"id":1793,"date":"2008-04-21T11:21:36","date_gmt":"2008-04-21T09:21:36","guid":{"rendered":"http:\/\/bloggingtom.ch\/archives\/2008\/04\/21\/tele2-startet-mobiltelefonie-blog\/"},"modified":"2008-04-21T11:21:36","modified_gmt":"2008-04-21T09:21:36","slug":"tele2-startet-mobiltelefonie-blog","status":"publish","type":"post","link":"https:\/\/bloggingtom.ch\/blog\/archives\/2008\/04\/21\/tele2-startet-mobiltelefonie-blog\/","title":{"rendered":"Tele2 startet Mobiltelefonie-Blog"},"content":{"rendered":"<p>Als erster<sup>*)<\/sup> Mobiltelefonie-Anbieter der Schweiz geht <a href=\"http:\/\/www.tele2.ch\" target=\"_blank\" >Tele2<\/a> unter die Blogger und will das Corporate Blog &#8222;zum f\u00fchrenden Blog f\u00fcr Mobiltelefonie und Mobile-Internet in der Schweiz&#8220; machen. Dazu verl\u00e4sst man sich nicht nur auf interne Kr\u00e4fte, sondern sucht via <a href=\"http:\/\/www.trigami.com\" target=\"_blank\" >Trigami<\/a> auch Schweizer Blogger, die f\u00fcr einen monatlichen Festbetrag Blog-Beitr\u00e4ge abliefern.<\/p>\n<p>Glaubt man der Trigami-Ausschreibung, dann soll das Blog noch im April 2008 unter <a href=\"http:\/\/www.tele2blog.ch\" target=\"_blank\" >http:\/\/www.tele2blog.ch<\/a> online gehen. Da vor dem Projektstart aber offenbar ein Kickoff-Workshop f\u00fcr die Tele2-Blogger durchgef\u00fchrt werden soll, scheint mir der Terminplan jedoch ziemlich gedr\u00e4ngt um tats\u00e4chlich noch im April zu starten.<\/p>\n<p>Spannend d\u00fcrfte der neue Blog aber allemal sein, gew\u00e4hrt damit doch erstmals ein Mobilfunkanbieter der Schweiz (hoffentlich) etwas mehr Einblicke in die Branche&#8230;<\/p>\n<p><sup>*)<\/sup> Nat\u00fcrlich ist da auch noch die Swisscom mit ihrem Blog zum Thema <a href=\"http:\/\/swisscomnature.blueblog.ch\/\" target=\"_blank\" >Umweltmanagement<\/a> und der <a href=\"http:\/\/bloggingtom.ch\/archives\/2007\/06\/14\/sunrise-bloggt-nicht-mehr\/\" target=\"_top\" >misslungene Sunrise-Versuch<\/a>. Tele2 ist aber der erste Telco, das einen Blog zum Kernthema Mobiltelefonie in der Schweiz lanciert.<\/p>\n","protected":false},"excerpt":{"rendered":"<p>Als erster*) Mobiltelefonie-Anbieter der Schweiz geht Tele2 unter die Blogger und will das Corporate Blog &#8222;zum f\u00fchrenden Blog f\u00fcr Mobiltelefonie und Mobile-Internet in der Schweiz&#8220; machen. Dazu verl\u00e4sst man sich nicht nur auf interne Kr\u00e4fte, sondern sucht via Trigami auch Schweizer Blogger, die f\u00fcr einen monatlichen Festbetrag Blog-Beitr\u00e4ge abliefern. Glaubt man der Trigami-Ausschreibung, dann soll [&hellip;]<\/p>\n","protected":false},"author":1,"featured_media":0,"comment_status":"open","ping_status":"open","sticky":false,"template":"","format":"standard","meta":{"twitterCardType":"","cardImageID":0,"cardImage":"","cardTitle":"","cardDesc":"","cardImageAlt":"","cardPlayer":"","cardPlayerWidth":0,"cardPlayerHeight":0,"cardPlayerStream":"","cardPlayerCodec":"","_jetpack_memberships_contains_paid_content":false,"footnotes":""},"categories":[9],"tags":[3400,409,3015],"class_list":["post-1793","post","type-post","status-publish","format-standard","hentry","category-blogging","tag-blogging","tag-mobile","tag-tele2"],"yoast_head":"<!-- This site is optimized with the Yoast SEO plugin v27.1.1 - https:\/\/yoast.com\/product\/yoast-seo-wordpress\/ -->\n<title>Tele2 startet Mobiltelefonie-Blog - BloggingTom<\/title>\n<meta name=\"robots\" content=\"index, follow, max-snippet:-1, max-image-preview:large, max-video-preview:-1\" \/>\n<link rel=\"canonical\" href=\"https:\/\/bloggingtom.ch\/blog\/archives\/2008\/04\/21\/tele2-startet-mobiltelefonie-blog\/\" \/>\n<meta name=\"twitter:label1\" content=\"Verfasst von\" \/>\n\t<meta name=\"twitter:data1\" content=\"BloggingTom\" \/>\n\t<meta name=\"twitter:label2\" content=\"Gesch\u00e4tzte Lesezeit\" \/>\n\t<meta name=\"twitter:data2\" content=\"1\u00a0Minute\" \/>\n<script type=\"application\/ld+json\" class=\"yoast-schema-graph\">{\"@context\":\"https:\/\/schema.org\",\"@graph\":[{\"@type\":\"Article\",\"@id\":\"https:\/\/bloggingtom.ch\/blog\/archives\/2008\/04\/21\/tele2-startet-mobiltelefonie-blog\/#article\",\"isPartOf\":{\"@id\":\"https:\/\/bloggingtom.ch\/blog\/archives\/2008\/04\/21\/tele2-startet-mobiltelefonie-blog\/\"},\"author\":{\"name\":\"BloggingTom\",\"@id\":\"https:\/\/bloggingtom.ch\/blog\/#\/schema\/person\/f6c8d3d5f30c10217b69ac72723e9d1c\"},\"headline\":\"Tele2 startet Mobiltelefonie-Blog\",\"datePublished\":\"2008-04-21T09:21:36+00:00\",\"mainEntityOfPage\":{\"@id\":\"https:\/\/bloggingtom.ch\/blog\/archives\/2008\/04\/21\/tele2-startet-mobiltelefonie-blog\/\"},\"wordCount\":169,\"commentCount\":24,\"publisher\":{\"@id\":\"https:\/\/bloggingtom.ch\/blog\/#\/schema\/person\/f6c8d3d5f30c10217b69ac72723e9d1c\"},\"keywords\":[\"Blogging\",\"mobile\",\"tele2\"],\"articleSection\":[\"Blogging\"],\"inLanguage\":\"de\",\"potentialAction\":[{\"@type\":\"CommentAction\",\"name\":\"Comment\",\"target\":[\"https:\/\/bloggingtom.ch\/blog\/archives\/2008\/04\/21\/tele2-startet-mobiltelefonie-blog\/#respond\"]}]},{\"@type\":\"WebPage\",\"@id\":\"https:\/\/bloggingtom.ch\/blog\/archives\/2008\/04\/21\/tele2-startet-mobiltelefonie-blog\/\",\"url\":\"https:\/\/bloggingtom.ch\/blog\/archives\/2008\/04\/21\/tele2-startet-mobiltelefonie-blog\/\",\"name\":\"Tele2 startet Mobiltelefonie-Blog - BloggingTom\",\"isPartOf\":{\"@id\":\"https:\/\/bloggingtom.ch\/blog\/#website\"},\"datePublished\":\"2008-04-21T09:21:36+00:00\",\"breadcrumb\":{\"@id\":\"https:\/\/bloggingtom.ch\/blog\/archives\/2008\/04\/21\/tele2-startet-mobiltelefonie-blog\/#breadcrumb\"},\"inLanguage\":\"de\",\"potentialAction\":[{\"@type\":\"ReadAction\",\"target\":[\"https:\/\/bloggingtom.ch\/blog\/archives\/2008\/04\/21\/tele2-startet-mobiltelefonie-blog\/\"]}]},{\"@type\":\"BreadcrumbList\",\"@id\":\"https:\/\/bloggingtom.ch\/blog\/archives\/2008\/04\/21\/tele2-startet-mobiltelefonie-blog\/#breadcrumb\",\"itemListElement\":[{\"@type\":\"ListItem\",\"position\":1,\"name\":\"Home\",\"item\":\"https:\/\/bloggingtom.ch\/blog\/\"},{\"@type\":\"ListItem\",\"position\":2,\"name\":\"Tele2 startet Mobiltelefonie-Blog\"}]},{\"@type\":\"WebSite\",\"@id\":\"https:\/\/bloggingtom.ch\/blog\/#website\",\"url\":\"https:\/\/bloggingtom.ch\/blog\/\",\"name\":\"BloggingTom\",\"description\":\"Die t\u00e4glichen Abenteuer im Cyberspace...\",\"publisher\":{\"@id\":\"https:\/\/bloggingtom.ch\/blog\/#\/schema\/person\/f6c8d3d5f30c10217b69ac72723e9d1c\"},\"potentialAction\":[{\"@type\":\"SearchAction\",\"target\":{\"@type\":\"EntryPoint\",\"urlTemplate\":\"https:\/\/bloggingtom.ch\/blog\/?s={search_term_string}\"},\"query-input\":{\"@type\":\"PropertyValueSpecification\",\"valueRequired\":true,\"valueName\":\"search_term_string\"}}],\"inLanguage\":\"de\"},{\"@type\":[\"Person\",\"Organization\"],\"@id\":\"https:\/\/bloggingtom.ch\/blog\/#\/schema\/person\/f6c8d3d5f30c10217b69ac72723e9d1c\",\"name\":\"BloggingTom\",\"image\":{\"@type\":\"ImageObject\",\"inLanguage\":\"de\",\"@id\":\"https:\/\/bloggingtom.ch\/blog\/#\/schema\/person\/image\/\",\"url\":\"https:\/\/secure.gravatar.com\/avatar\/17c2b6a2966fc102465cf177587d359e4dac41adfaab355352baee5d5d46f277?s=96&d=mm&r=g\",\"contentUrl\":\"https:\/\/secure.gravatar.com\/avatar\/17c2b6a2966fc102465cf177587d359e4dac41adfaab355352baee5d5d46f277?s=96&d=mm&r=g\",\"caption\":\"BloggingTom\"},\"logo\":{\"@id\":\"https:\/\/bloggingtom.ch\/blog\/#\/schema\/person\/image\/\"},\"sameAs\":[\"http:\/\/bloggingtom.ch\"],\"url\":\"https:\/\/bloggingtom.ch\/blog\/archives\/author\/bloggingtom\/\"}]}<\/script>\n<!-- \/ Yoast SEO plugin. -->","yoast_head_json":{"title":"Tele2 startet Mobiltelefonie-Blog - BloggingTom","robots":{"index":"index","follow":"follow","max-snippet":"max-snippet:-1","max-image-preview":"max-image-preview:large","max-video-preview":"max-video-preview:-1"},"canonical":"https:\/\/bloggingtom.ch\/blog\/archives\/2008\/04\/21\/tele2-startet-mobiltelefonie-blog\/","twitter_misc":{"Verfasst von":"BloggingTom","Gesch\u00e4tzte Lesezeit":"1\u00a0Minute"},"schema":{"@context":"https:\/\/schema.org","@graph":[{"@type":"Article","@id":"https:\/\/bloggingtom.ch\/blog\/archives\/2008\/04\/21\/tele2-startet-mobiltelefonie-blog\/#article","isPartOf":{"@id":"https:\/\/bloggingtom.ch\/blog\/archives\/2008\/04\/21\/tele2-startet-mobiltelefonie-blog\/"},"author":{"name":"BloggingTom","@id":"https:\/\/bloggingtom.ch\/blog\/#\/schema\/person\/f6c8d3d5f30c10217b69ac72723e9d1c"},"headline":"Tele2 startet Mobiltelefonie-Blog","datePublished":"2008-04-21T09:21:36+00:00","mainEntityOfPage":{"@id":"https:\/\/bloggingtom.ch\/blog\/archives\/2008\/04\/21\/tele2-startet-mobiltelefonie-blog\/"},"wordCount":169,"commentCount":24,"publisher":{"@id":"https:\/\/bloggingtom.ch\/blog\/#\/schema\/person\/f6c8d3d5f30c10217b69ac72723e9d1c"},"keywords":["Blogging","mobile","tele2"],"articleSection":["Blogging"],"inLanguage":"de","potentialAction":[{"@type":"CommentAction","name":"Comment","target":["https:\/\/bloggingtom.ch\/blog\/archives\/2008\/04\/21\/tele2-startet-mobiltelefonie-blog\/#respond"]}]},{"@type":"WebPage","@id":"https:\/\/bloggingtom.ch\/blog\/archives\/2008\/04\/21\/tele2-startet-mobiltelefonie-blog\/","url":"https:\/\/bloggingtom.ch\/blog\/archives\/2008\/04\/21\/tele2-startet-mobiltelefonie-blog\/","name":"Tele2 startet Mobiltelefonie-Blog - BloggingTom","isPartOf":{"@id":"https:\/\/bloggingtom.ch\/blog\/#website"},"datePublished":"2008-04-21T09:21:36+00:00","breadcrumb":{"@id":"https:\/\/bloggingtom.ch\/blog\/archives\/2008\/04\/21\/tele2-startet-mobiltelefonie-blog\/#breadcrumb"},"inLanguage":"de","potentialAction":[{"@type":"ReadAction","target":["https:\/\/bloggingtom.ch\/blog\/archives\/2008\/04\/21\/tele2-startet-mobiltelefonie-blog\/"]}]},{"@type":"BreadcrumbList","@id":"https:\/\/bloggingtom.ch\/blog\/archives\/2008\/04\/21\/tele2-startet-mobiltelefonie-blog\/#breadcrumb","itemListElement":[{"@type":"ListItem","position":1,"name":"Home","item":"https:\/\/bloggingtom.ch\/blog\/"},{"@type":"ListItem","position":2,"name":"Tele2 startet Mobiltelefonie-Blog"}]},{"@type":"WebSite","@id":"https:\/\/bloggingtom.ch\/blog\/#website","url":"https:\/\/bloggingtom.ch\/blog\/","name":"BloggingTom","description":"Die t\u00e4glichen Abenteuer im Cyberspace...","publisher":{"@id":"https:\/\/bloggingtom.ch\/blog\/#\/schema\/person\/f6c8d3d5f30c10217b69ac72723e9d1c"},"potentialAction":[{"@type":"SearchAction","target":{"@type":"EntryPoint","urlTemplate":"https:\/\/bloggingtom.ch\/blog\/?s={search_term_string}"},"query-input":{"@type":"PropertyValueSpecification","valueRequired":true,"valueName":"search_term_string"}}],"inLanguage":"de"},{"@type":["Person","Organization"],"@id":"https:\/\/bloggingtom.ch\/blog\/#\/schema\/person\/f6c8d3d5f30c10217b69ac72723e9d1c","name":"BloggingTom","image":{"@type":"ImageObject","inLanguage":"de","@id":"https:\/\/bloggingtom.ch\/blog\/#\/schema\/person\/image\/","url":"https:\/\/secure.gravatar.com\/avatar\/17c2b6a2966fc102465cf177587d359e4dac41adfaab355352baee5d5d46f277?s=96&d=mm&r=g","contentUrl":"https:\/\/secure.gravatar.com\/avatar\/17c2b6a2966fc102465cf177587d359e4dac41adfaab355352baee5d5d46f277?s=96&d=mm&r=g","caption":"BloggingTom"},"logo":{"@id":"https:\/\/bloggingtom.ch\/blog\/#\/schema\/person\/image\/"},"sameAs":["http:\/\/bloggingtom.ch"],"url":"https:\/\/bloggingtom.ch\/blog\/archives\/author\/bloggingtom\/"}]}},"jetpack_featured_media_url":"","jetpack_shortlink":"https:\/\/wp.me\/pa6Ev-sV","jetpack_likes_enabled":true,"jetpack_sharing_enabled":true,"_links":{"self":[{"href":"https:\/\/bloggingtom.ch\/blog\/wp-json\/wp\/v2\/posts\/1793","targetHints":{"allow":["GET"]}}],"collection":[{"href":"https:\/\/bloggingtom.ch\/blog\/wp-json\/wp\/v2\/posts"}],"about":[{"href":"https:\/\/bloggingtom.ch\/blog\/wp-json\/wp\/v2\/types\/post"}],"author":[{"embeddable":true,"href":"https:\/\/bloggingtom.ch\/blog\/wp-json\/wp\/v2\/users\/1"}],"replies":[{"embeddable":true,"href":"https:\/\/bloggingtom.ch\/blog\/wp-json\/wp\/v2\/comments?post=1793"}],"version-history":[{"count":0,"href":"https:\/\/bloggingtom.ch\/blog\/wp-json\/wp\/v2\/posts\/1793\/revisions"}],"wp:attachment":[{"href":"https:\/\/bloggingtom.ch\/blog\/wp-json\/wp\/v2\/media?parent=1793"}],"wp:term":[{"taxonomy":"category","embeddable":true,"href":"https:\/\/bloggingtom.ch\/blog\/wp-json\/wp\/v2\/categories?post=1793"},{"taxonomy":"post_tag","embeddable":true,"href":"https:\/\/bloggingtom.ch\/blog\/wp-json\/wp\/v2\/tags?post=1793"}],"curies":[{"name":"wp","href":"https:\/\/api.w.org\/{rel}","templated":true}]}}