{"id":1603,"date":"2007-09-21T10:28:45","date_gmt":"2007-09-21T08:28:45","guid":{"rendered":"http:\/\/bloggingtom.ch\/?p=1603"},"modified":"2007-09-21T11:29:30","modified_gmt":"2007-09-21T09:29:30","slug":"steve-ballmer-in-zurich-das-programm-fur-blogger","status":"publish","type":"post","link":"https:\/\/bloggingtom.ch\/blog\/archives\/2007\/09\/21\/steve-ballmer-in-zurich-das-programm-fur-blogger\/","title":{"rendered":"Steve Ballmer in Z\u00fcrich: Das Programm f\u00fcr Blogger"},"content":{"rendered":"<p>Dass Steve Ballmer, CEO von Microsoft, am 4. Oktober 2007 in die Schweiz kommt, ist sp\u00e4testens seit der <a href=\"http:\/\/blog.internet-briefing.ch\/2007\/08\/29\/steve-ballmer-kommt-in-die-schweiz\/\" target=\"_blank\" >Ank\u00fcndigung von Internet Briefing<\/a> und <a href=\"http:\/\/bloggingtom.ch\/archives\/2007\/08\/29\/willkommen-in-zurich-steve-ballmer\/\" target=\"_top\" >hier im Blog<\/a> kein Geheimnis mehr. Nachdem in den letzten Tagen die Dr\u00e4hte zwischen Microsoft Schweiz und mir ziemlich heiss liefen, ist nun auch das Programm bekannt, an denen Blogger gleichberechtigt mit den Journalisten teilnehmen k\u00f6nnen. In K\u00fcrze:<\/p>\n<ul>\n<li><strong>10:15 &#8211; 11:15 Uhr &#8211; Die Zukunft der digitalen Unterhaltung<\/strong><br \/>\nWas bringt die &#8222;Connected Entertainment Vision&#8220; von Microsoft f\u00fcr den Digital Lifestyle und den Umgang mit Musik, Games, TV &#038; Video und pers\u00f6nlicher Kommunikation? Steve Ballmer diskutiert dar\u00fcber mit: Michael Ringier (Ringier Holding), Bruno Beusch (gamehotel.ch), Dominik Kaiser (3+ TV Network AG), Oliver Rosa (Warner Music). Moderation: Roger K\u00f6ppel (Weltwoche)<\/li>\n<li><strong>14.30 &#8211; 15:15 Uhr &#8211; Design around the Clock<\/strong><br \/>\nKeynote von Steve Ballmer am Internet Briefing. Steve Ballmer spricht \u00fcber die neue Art von User-Interaktion in Software und Internet und wie beide zusammenwachsen.<\/li>\n<li><strong>15:15 &#8211; 16:00 Uhr &#8211; Microsoft &#8222;Made in Switzerland&#8220;<\/strong><br \/>\nMicrosoft CEO Steve Ballmer und Erich Gebhardt, Leiter des Schweizer Softwareentwicklungszentrums von Microsoft, stellen die erste Voice-over-IP-L\u00f6sung f\u00fcr Unternehmen vor, die das Softwareentwicklungszentrum in Z\u00fcrich f\u00fcr Microsoft Office System entwickelt hat.<\/li>\n<li><strong>18:15 &#8211; 19:15 Uhr &#8211; Microsoft Surface<\/strong><br \/>\nEuropapremiere: Erstmalige Pr\u00e4sentation und Demo von <a href=\"http:\/\/www.surface.com\" target=\"_blank\">Microsoft Surface<\/a> in Europa.<\/li>\n<\/ul>\n<p><strong>Zu beachten<\/strong><\/p>\n<ul>\n<li>Fotos und Videoaufnahmen sind grunds\u00e4tzlich erlaubt. Fotos d\u00fcrfen allerdings nur am Anfang der Veranstaltungen (quasi &#8222;Fotosessions&#8220;) gemacht werden um den Verlauf der Events nicht zu st\u00f6ren. Zudem sollte die Mitnahme von Foto- und Videokameras bei der Anmeldung (siehe unten) vermerkt werden.<\/li>\n<li>Ein &#8222;direkter Kontakt&#8220; mit Steve Ballmer wird f\u00fcr uns Blogger wohl ziemlich unm\u00f6glich. Sein eng gesteckter Zeitplan wird Gespr\u00e4che oder Fotos ausserhalb der Veranstaltungen nicht zulassen und er wird deshalb auch entsprechend abgeschirmt.<\/li>\n<li>An allen Veranstaltungsorten ist kostenloses Wireless LAN verf\u00fcgbar. Live-Blogging ist damit nicht nur m\u00f6glich, sondern sogar erw\u00fcnscht&#8230;<\/li>\n<li>Bei den publizierten Zeiten handelt es sich um den Zeitplan von Steve Ballmer. Die meisten Veranstaltungen dauern l\u00e4nger! Mit einer Anmeldung via Microsoft kann den Events nur w\u00e4hrend der publizierten Zeiten beigewohnt werden. Wer also bspw. der Veranstaltung von Internet Briefing ganz beiwohnen will, muss sich <a href=\"http:\/\/www.internet-briefing.ch\/ballmer\" target=\"_blank\" >direkt beim Veranstalter anmelden<\/a>.\n<\/li>\n<li>Ohne vorherige Anmeldung kein Einlass!<\/li>\n<\/ul>\n<p><strong>Anmeldung<\/strong><\/p>\n<p>Wer sich als Blogger f\u00fcr die obigen Anl\u00e4sse anmelden m\u00f6chte, kann dies <strong>bis zum 27. September 2007, 12:00 Uhr<\/strong> per eMail an v-auhose (at) microsoft.com tun. Im eMail sind folgende Angaben zu machen:<\/p>\n<ul>\n<li>Name, Vorname<\/li>\n<li>Blog-URL<\/li>\n<li>Anl\u00e4sse, die besucht werden m\u00f6chten<\/li>\n<li>Wer Foto- oder Videoaufnahmen machen will, vermerkt dies ebenfalls<\/li>\n<\/ul>\n<p>Die Details zum Programm vom 4. Oktober 2007 f\u00fcr Blogger gibts auch <a href=\"http:\/\/bloggingtom.ch\/downloads\/20070921-steveballmer-agenda-blogger.pdf\" target=\"_blank\">als PDF-File<\/a>.<\/p>\n<p>Ich bin gespannt, wen ich an den Events alles treffen werde. Allerdings werdet ihr ja sowieso nur Augen f\u00fcr Steve haben \ud83d\ude09<\/p>\n","protected":false},"excerpt":{"rendered":"<p>Dass Steve Ballmer, CEO von Microsoft, am 4. Oktober 2007 in die Schweiz kommt, ist sp\u00e4testens seit der Ank\u00fcndigung von Internet Briefing und hier im Blog kein Geheimnis mehr. Nachdem in den letzten Tagen die Dr\u00e4hte zwischen Microsoft Schweiz und mir ziemlich heiss liefen, ist nun auch das Programm bekannt, an denen Blogger gleichberechtigt mit [&hellip;]<\/p>\n","protected":false},"author":1,"featured_media":0,"comment_status":"open","ping_status":"open","sticky":false,"template":"","format":"standard","meta":{"twitterCardType":"","cardImageID":0,"cardImage":"","cardTitle":"","cardDesc":"","cardImageAlt":"","cardPlayer":"","cardPlayerWidth":0,"cardPlayerHeight":0,"cardPlayerStream":"","cardPlayerCodec":"","_jetpack_memberships_contains_paid_content":false,"footnotes":""},"categories":[9],"tags":[],"class_list":["post-1603","post","type-post","status-publish","format-standard","hentry","category-blogging"],"yoast_head":"<!-- This site is optimized with the Yoast SEO plugin v27.1.1 - https:\/\/yoast.com\/product\/yoast-seo-wordpress\/ -->\n<title>Steve Ballmer in Z\u00fcrich: Das Programm f\u00fcr Blogger - BloggingTom<\/title>\n<meta name=\"robots\" content=\"index, follow, max-snippet:-1, max-image-preview:large, max-video-preview:-1\" \/>\n<link rel=\"canonical\" href=\"https:\/\/bloggingtom.ch\/blog\/archives\/2007\/09\/21\/steve-ballmer-in-zurich-das-programm-fur-blogger\/\" \/>\n<meta name=\"twitter:label1\" content=\"Verfasst von\" \/>\n\t<meta name=\"twitter:data1\" content=\"BloggingTom\" \/>\n\t<meta name=\"twitter:label2\" content=\"Gesch\u00e4tzte Lesezeit\" \/>\n\t<meta name=\"twitter:data2\" content=\"2\u00a0Minuten\" \/>\n<script type=\"application\/ld+json\" class=\"yoast-schema-graph\">{\"@context\":\"https:\/\/schema.org\",\"@graph\":[{\"@type\":\"Article\",\"@id\":\"https:\/\/bloggingtom.ch\/blog\/archives\/2007\/09\/21\/steve-ballmer-in-zurich-das-programm-fur-blogger\/#article\",\"isPartOf\":{\"@id\":\"https:\/\/bloggingtom.ch\/blog\/archives\/2007\/09\/21\/steve-ballmer-in-zurich-das-programm-fur-blogger\/\"},\"author\":{\"name\":\"BloggingTom\",\"@id\":\"https:\/\/bloggingtom.ch\/blog\/#\/schema\/person\/f6c8d3d5f30c10217b69ac72723e9d1c\"},\"headline\":\"Steve Ballmer in Z\u00fcrich: Das Programm f\u00fcr Blogger\",\"datePublished\":\"2007-09-21T08:28:45+00:00\",\"dateModified\":\"2007-09-21T09:29:30+00:00\",\"mainEntityOfPage\":{\"@id\":\"https:\/\/bloggingtom.ch\/blog\/archives\/2007\/09\/21\/steve-ballmer-in-zurich-das-programm-fur-blogger\/\"},\"wordCount\":473,\"commentCount\":8,\"publisher\":{\"@id\":\"https:\/\/bloggingtom.ch\/blog\/#\/schema\/person\/f6c8d3d5f30c10217b69ac72723e9d1c\"},\"articleSection\":[\"Blogging\"],\"inLanguage\":\"de\",\"potentialAction\":[{\"@type\":\"CommentAction\",\"name\":\"Comment\",\"target\":[\"https:\/\/bloggingtom.ch\/blog\/archives\/2007\/09\/21\/steve-ballmer-in-zurich-das-programm-fur-blogger\/#respond\"]}]},{\"@type\":\"WebPage\",\"@id\":\"https:\/\/bloggingtom.ch\/blog\/archives\/2007\/09\/21\/steve-ballmer-in-zurich-das-programm-fur-blogger\/\",\"url\":\"https:\/\/bloggingtom.ch\/blog\/archives\/2007\/09\/21\/steve-ballmer-in-zurich-das-programm-fur-blogger\/\",\"name\":\"Steve Ballmer in Z\u00fcrich: Das Programm f\u00fcr Blogger - BloggingTom\",\"isPartOf\":{\"@id\":\"https:\/\/bloggingtom.ch\/blog\/#website\"},\"datePublished\":\"2007-09-21T08:28:45+00:00\",\"dateModified\":\"2007-09-21T09:29:30+00:00\",\"breadcrumb\":{\"@id\":\"https:\/\/bloggingtom.ch\/blog\/archives\/2007\/09\/21\/steve-ballmer-in-zurich-das-programm-fur-blogger\/#breadcrumb\"},\"inLanguage\":\"de\",\"potentialAction\":[{\"@type\":\"ReadAction\",\"target\":[\"https:\/\/bloggingtom.ch\/blog\/archives\/2007\/09\/21\/steve-ballmer-in-zurich-das-programm-fur-blogger\/\"]}]},{\"@type\":\"BreadcrumbList\",\"@id\":\"https:\/\/bloggingtom.ch\/blog\/archives\/2007\/09\/21\/steve-ballmer-in-zurich-das-programm-fur-blogger\/#breadcrumb\",\"itemListElement\":[{\"@type\":\"ListItem\",\"position\":1,\"name\":\"Home\",\"item\":\"https:\/\/bloggingtom.ch\/blog\/\"},{\"@type\":\"ListItem\",\"position\":2,\"name\":\"Steve Ballmer in Z\u00fcrich: Das Programm f\u00fcr Blogger\"}]},{\"@type\":\"WebSite\",\"@id\":\"https:\/\/bloggingtom.ch\/blog\/#website\",\"url\":\"https:\/\/bloggingtom.ch\/blog\/\",\"name\":\"BloggingTom\",\"description\":\"Die t\u00e4glichen Abenteuer im Cyberspace...\",\"publisher\":{\"@id\":\"https:\/\/bloggingtom.ch\/blog\/#\/schema\/person\/f6c8d3d5f30c10217b69ac72723e9d1c\"},\"potentialAction\":[{\"@type\":\"SearchAction\",\"target\":{\"@type\":\"EntryPoint\",\"urlTemplate\":\"https:\/\/bloggingtom.ch\/blog\/?s={search_term_string}\"},\"query-input\":{\"@type\":\"PropertyValueSpecification\",\"valueRequired\":true,\"valueName\":\"search_term_string\"}}],\"inLanguage\":\"de\"},{\"@type\":[\"Person\",\"Organization\"],\"@id\":\"https:\/\/bloggingtom.ch\/blog\/#\/schema\/person\/f6c8d3d5f30c10217b69ac72723e9d1c\",\"name\":\"BloggingTom\",\"image\":{\"@type\":\"ImageObject\",\"inLanguage\":\"de\",\"@id\":\"https:\/\/bloggingtom.ch\/blog\/#\/schema\/person\/image\/\",\"url\":\"https:\/\/secure.gravatar.com\/avatar\/17c2b6a2966fc102465cf177587d359e4dac41adfaab355352baee5d5d46f277?s=96&d=mm&r=g\",\"contentUrl\":\"https:\/\/secure.gravatar.com\/avatar\/17c2b6a2966fc102465cf177587d359e4dac41adfaab355352baee5d5d46f277?s=96&d=mm&r=g\",\"caption\":\"BloggingTom\"},\"logo\":{\"@id\":\"https:\/\/bloggingtom.ch\/blog\/#\/schema\/person\/image\/\"},\"sameAs\":[\"http:\/\/bloggingtom.ch\"],\"url\":\"https:\/\/bloggingtom.ch\/blog\/archives\/author\/bloggingtom\/\"}]}<\/script>\n<!-- \/ Yoast SEO plugin. -->","yoast_head_json":{"title":"Steve Ballmer in Z\u00fcrich: Das Programm f\u00fcr Blogger - BloggingTom","robots":{"index":"index","follow":"follow","max-snippet":"max-snippet:-1","max-image-preview":"max-image-preview:large","max-video-preview":"max-video-preview:-1"},"canonical":"https:\/\/bloggingtom.ch\/blog\/archives\/2007\/09\/21\/steve-ballmer-in-zurich-das-programm-fur-blogger\/","twitter_misc":{"Verfasst von":"BloggingTom","Gesch\u00e4tzte Lesezeit":"2\u00a0Minuten"},"schema":{"@context":"https:\/\/schema.org","@graph":[{"@type":"Article","@id":"https:\/\/bloggingtom.ch\/blog\/archives\/2007\/09\/21\/steve-ballmer-in-zurich-das-programm-fur-blogger\/#article","isPartOf":{"@id":"https:\/\/bloggingtom.ch\/blog\/archives\/2007\/09\/21\/steve-ballmer-in-zurich-das-programm-fur-blogger\/"},"author":{"name":"BloggingTom","@id":"https:\/\/bloggingtom.ch\/blog\/#\/schema\/person\/f6c8d3d5f30c10217b69ac72723e9d1c"},"headline":"Steve Ballmer in Z\u00fcrich: Das Programm f\u00fcr Blogger","datePublished":"2007-09-21T08:28:45+00:00","dateModified":"2007-09-21T09:29:30+00:00","mainEntityOfPage":{"@id":"https:\/\/bloggingtom.ch\/blog\/archives\/2007\/09\/21\/steve-ballmer-in-zurich-das-programm-fur-blogger\/"},"wordCount":473,"commentCount":8,"publisher":{"@id":"https:\/\/bloggingtom.ch\/blog\/#\/schema\/person\/f6c8d3d5f30c10217b69ac72723e9d1c"},"articleSection":["Blogging"],"inLanguage":"de","potentialAction":[{"@type":"CommentAction","name":"Comment","target":["https:\/\/bloggingtom.ch\/blog\/archives\/2007\/09\/21\/steve-ballmer-in-zurich-das-programm-fur-blogger\/#respond"]}]},{"@type":"WebPage","@id":"https:\/\/bloggingtom.ch\/blog\/archives\/2007\/09\/21\/steve-ballmer-in-zurich-das-programm-fur-blogger\/","url":"https:\/\/bloggingtom.ch\/blog\/archives\/2007\/09\/21\/steve-ballmer-in-zurich-das-programm-fur-blogger\/","name":"Steve Ballmer in Z\u00fcrich: Das Programm f\u00fcr Blogger - BloggingTom","isPartOf":{"@id":"https:\/\/bloggingtom.ch\/blog\/#website"},"datePublished":"2007-09-21T08:28:45+00:00","dateModified":"2007-09-21T09:29:30+00:00","breadcrumb":{"@id":"https:\/\/bloggingtom.ch\/blog\/archives\/2007\/09\/21\/steve-ballmer-in-zurich-das-programm-fur-blogger\/#breadcrumb"},"inLanguage":"de","potentialAction":[{"@type":"ReadAction","target":["https:\/\/bloggingtom.ch\/blog\/archives\/2007\/09\/21\/steve-ballmer-in-zurich-das-programm-fur-blogger\/"]}]},{"@type":"BreadcrumbList","@id":"https:\/\/bloggingtom.ch\/blog\/archives\/2007\/09\/21\/steve-ballmer-in-zurich-das-programm-fur-blogger\/#breadcrumb","itemListElement":[{"@type":"ListItem","position":1,"name":"Home","item":"https:\/\/bloggingtom.ch\/blog\/"},{"@type":"ListItem","position":2,"name":"Steve Ballmer in Z\u00fcrich: Das Programm f\u00fcr Blogger"}]},{"@type":"WebSite","@id":"https:\/\/bloggingtom.ch\/blog\/#website","url":"https:\/\/bloggingtom.ch\/blog\/","name":"BloggingTom","description":"Die t\u00e4glichen Abenteuer im Cyberspace...","publisher":{"@id":"https:\/\/bloggingtom.ch\/blog\/#\/schema\/person\/f6c8d3d5f30c10217b69ac72723e9d1c"},"potentialAction":[{"@type":"SearchAction","target":{"@type":"EntryPoint","urlTemplate":"https:\/\/bloggingtom.ch\/blog\/?s={search_term_string}"},"query-input":{"@type":"PropertyValueSpecification","valueRequired":true,"valueName":"search_term_string"}}],"inLanguage":"de"},{"@type":["Person","Organization"],"@id":"https:\/\/bloggingtom.ch\/blog\/#\/schema\/person\/f6c8d3d5f30c10217b69ac72723e9d1c","name":"BloggingTom","image":{"@type":"ImageObject","inLanguage":"de","@id":"https:\/\/bloggingtom.ch\/blog\/#\/schema\/person\/image\/","url":"https:\/\/secure.gravatar.com\/avatar\/17c2b6a2966fc102465cf177587d359e4dac41adfaab355352baee5d5d46f277?s=96&d=mm&r=g","contentUrl":"https:\/\/secure.gravatar.com\/avatar\/17c2b6a2966fc102465cf177587d359e4dac41adfaab355352baee5d5d46f277?s=96&d=mm&r=g","caption":"BloggingTom"},"logo":{"@id":"https:\/\/bloggingtom.ch\/blog\/#\/schema\/person\/image\/"},"sameAs":["http:\/\/bloggingtom.ch"],"url":"https:\/\/bloggingtom.ch\/blog\/archives\/author\/bloggingtom\/"}]}},"jetpack_featured_media_url":"","jetpack_shortlink":"https:\/\/wp.me\/pa6Ev-pR","jetpack_likes_enabled":true,"jetpack_sharing_enabled":true,"_links":{"self":[{"href":"https:\/\/bloggingtom.ch\/blog\/wp-json\/wp\/v2\/posts\/1603","targetHints":{"allow":["GET"]}}],"collection":[{"href":"https:\/\/bloggingtom.ch\/blog\/wp-json\/wp\/v2\/posts"}],"about":[{"href":"https:\/\/bloggingtom.ch\/blog\/wp-json\/wp\/v2\/types\/post"}],"author":[{"embeddable":true,"href":"https:\/\/bloggingtom.ch\/blog\/wp-json\/wp\/v2\/users\/1"}],"replies":[{"embeddable":true,"href":"https:\/\/bloggingtom.ch\/blog\/wp-json\/wp\/v2\/comments?post=1603"}],"version-history":[{"count":0,"href":"https:\/\/bloggingtom.ch\/blog\/wp-json\/wp\/v2\/posts\/1603\/revisions"}],"wp:attachment":[{"href":"https:\/\/bloggingtom.ch\/blog\/wp-json\/wp\/v2\/media?parent=1603"}],"wp:term":[{"taxonomy":"category","embeddable":true,"href":"https:\/\/bloggingtom.ch\/blog\/wp-json\/wp\/v2\/categories?post=1603"},{"taxonomy":"post_tag","embeddable":true,"href":"https:\/\/bloggingtom.ch\/blog\/wp-json\/wp\/v2\/tags?post=1603"}],"curies":[{"name":"wp","href":"https:\/\/api.w.org\/{rel}","templated":true}]}}