{"id":160,"date":"2005-05-23T15:55:49","date_gmt":"2005-05-23T13:55:49","guid":{"rendered":"http:\/\/bloggingtom.ch\/archives\/2005\/05\/23\/garantiefonds-ja-aber\/"},"modified":"2005-05-23T15:55:57","modified_gmt":"2005-05-23T13:55:57","slug":"garantiefonds-ja-aber","status":"publish","type":"post","link":"https:\/\/bloggingtom.ch\/blog\/archives\/2005\/05\/23\/garantiefonds-ja-aber\/","title":{"rendered":"Garantiefonds? Ja, aber&#8230;"},"content":{"rendered":"<div class=\"img-shadow-right\"><img decoding=\"async\" src=\"\/wp-images\/ownimg\/articles\/garantiefonds.jpg\" alt=\"Garantiefonds der Reisebranche\" \/><\/div>\n<p>Garantiefonds in der Reisebranche, der Retter der Reisenden in der Not. Dachte ich mir&#8230; Die Idee hinter den Fonds ist ja ganz nobel:<br \/>\nDie Fonds erstatten die bereits bezahlten Reisearrangements, falls der Vertragspartner (also ein  Reiseb\u00fcro, Carunternehmer etc.) zahlungsunf\u00e4hig wird oder in Konkurs geht.<\/p>\n<p>Toll, sollte man meinen. Die Praxis sieht aber nicht so rosig aus, wie vollmundig versprochen wird. Aktuelles Beispiel ist der Konkurs von <a href=\"http:\/\/www.jannreisen.ch\/\" target=\"_blank\" >Jann Reisen<\/a>, einem der gr\u00f6sseren Carunternehmer der Schweiz mit 17 Bussen und rund 30&#8217;000 Passagieren pro Jahr. Jann war f\u00fcr einen solchen Fall beim <a href=\"http:\/\/www.car-garantiefonds.ch\/\" target=\"_blank\" >ASTAG-Garantiefonds<\/a> versichert. Das dachte man zumindest bis zum Konkurs. <\/p>\n<p><!--more--><br \/>\nDie <a href=\"http:\/\/www.astag.ch\/web\/\" target=\"_blank\" >ASTAG<\/a>, notabene der Nutzfahrzeugverband der Schweiz weigert sich nun aber gem\u00e4ss <a href=\"http:\/\/www.tages-anzeiger.ch\/dyn\/news\/zuerich\/501327.html\" target=\"_blank\" >Tages-Anzeiger<\/a> offensichtlich, Kunden zu entsch\u00e4digen. Wie die ASTAG mitteilt, sei Jann Reisen seit 2003 provisorisch im Fonds aufgenommen worden, der Vertrag sei aber  im September 2004 ausgelaufen und Jann habe den definitiven Vertrag nicht unterzeichnet.<\/p>\n<p>Da beginnt es doch schon:<br \/>\nWo ist der Unterschied aus Kundensicht, ob jemand provisorisch oder definitv aufgenommen wurde? Dies ist nicht ersichtlich, auf der ASTAG-Website gibt es keine Unterscheidung zwischen provisorischen und definitiven Mitgliedern. Die ASTAG listete Jann denn auch wie jedes andere Mitglied auch (siehe <a href=\"http:\/\/web.archive.org\/web\/20040605035113\/http:\/\/www.car-garantiefonds.ch\/mitglieder\/mitglieder.cfm\" target=\"_blank\" >Mitgliederliste<\/a> des ASTAG-Garantiefonds, Stand 05. Juni 2004, via <a href=\"http:\/\/web.archive.org\/\" target=\"_blank\" >WayBackMachine<\/a>).<\/p>\n<p>Doch wie kann man sich als Kunde \u00fcberhaupt sch\u00fctzen? Zum einen springen einem die Garantiefonds-Logos auf Internetseiten, in Katalogen und Schaufenstern geradezu entgegen, doch wie weiss ich, wenn ich nicht gerade jedesmal im Internet nachschaue, wer nun tats\u00e4chlich versichert ist?<br \/>\nSelbst der <a href=\"http:\/\/www.garantiefonds.ch\" target=\"_blank\" >Garantiefonds der Schweizer Reisebranche<\/a> (der nichts mit dem erw\u00e4hnten ASTAG-Garantiefonds zu tun hat)  schreibt dazu lapidar auf der Website:<\/p>\n<blockquote><p>Sehr einfach und in transparenter Form finden Sie diese Sicherheit da, wo Ihre Buchungsstelle oder die Reiseausschreibung oder der Reisekatalog unser G\u00fctesiegel tr\u00e4gt.<\/p><\/blockquote>\n<p>Naja, also darauf sollte man wohl nicht zu fest vertrauen. Wer weiss denn, ob der Veranstalter oder das Reiseb\u00fcro tats\u00e4chlich (provisorisches?) Mitglied ist? Oder vielleicht wird der Veranstalter ja r\u00fcckwirkend, wie Jann Reisen, wieder ausgeschlossen?<\/p>\n<p>Kleines Details am Rande:<br \/>\n<a href=\"http:\/\/www.travelinside.ch\/\" target=\"_blank\" >Travel Inside<\/a> schreibt in einem <a href=\"http:\/\/www.travelinside.ch\/travelinside\/artikel.asp?artid=9878\" target=\"_blank\" >Artikel<\/a> zudem, dass der Garantiefonds der ASTAG den bei Jann Reisen entstandenen Schaden finanziell gar nicht decken k\u00f6nnte.<br \/>\nWas denn, wenn der Konkurs von Jann w\u00e4hrend der &#8222;provisorischen&#8220; Mitgliedschaft eingetreten w\u00e4re? Ein Garantiefonds der nicht zahlen kann? <\/p>\n<p>Links zum Thema:<\/p>\n<ul>\n<li><a href=\"http:\/\/www.garantiefonds.ch\" target=\"_blank\" >Garantiefonds der Schweizer Reisebranche<\/a> (<a href=\"http:\/\/db2.travel.ch\/cgi-bin\/db2www.exe.\/rgfdneu.d2w\/input\" target=\"_blank\" >Mitgliederliste<\/a>)<\/li>\n<li><a href=\"http:\/\/www.car-garantiefonds.ch\/\" target=\"_blank\" >ASTAG-Garantiefonds<\/a> (<a href=\"http:\/\/www.car-garantiefonds.ch\/mitglieder\/mitglieder.cfm\" target=\"_blank\" >Mitgliederliste<\/a>)<\/li>\n<li><a href=\"http:\/\/www.star.ch\/d\/sts\/default.asp\" target=\"_blank\" >Swiss Travel Security<\/a><\/li>\n<\/ul>\n","protected":false},"excerpt":{"rendered":"<p>Garantiefonds in der Reisebranche, der Retter der Reisenden in der Not. Dachte ich mir&#8230; Die Idee hinter den Fonds ist ja ganz nobel: Die Fonds erstatten die bereits bezahlten Reisearrangements, falls der Vertragspartner (also ein Reiseb\u00fcro, Carunternehmer etc.) zahlungsunf\u00e4hig wird oder in Konkurs geht. Toll, sollte man meinen. Die Praxis sieht aber nicht so rosig [&hellip;]<\/p>\n","protected":false},"author":1,"featured_media":0,"comment_status":"open","ping_status":"open","sticky":false,"template":"","format":"standard","meta":{"twitterCardType":"","cardImageID":0,"cardImage":"","cardTitle":"","cardDesc":"","cardImageAlt":"","cardPlayer":"","cardPlayerWidth":0,"cardPlayerHeight":0,"cardPlayerStream":"","cardPlayerCodec":"","_jetpack_memberships_contains_paid_content":false,"footnotes":""},"categories":[1],"tags":[556,551,553,554,552,555],"class_list":["post-160","post","type-post","status-publish","format-standard","hentry","category-home","tag-astag","tag-garantiefonds","tag-jann-reisen","tag-konkurs","tag-reiseversicherung","tag-versicherung"],"yoast_head":"<!-- This site is optimized with the Yoast SEO plugin v27.1.1 - https:\/\/yoast.com\/product\/yoast-seo-wordpress\/ -->\n<title>Garantiefonds? Ja, aber... - BloggingTom<\/title>\n<meta name=\"robots\" content=\"index, follow, max-snippet:-1, max-image-preview:large, max-video-preview:-1\" \/>\n<link rel=\"canonical\" href=\"https:\/\/bloggingtom.ch\/blog\/archives\/2005\/05\/23\/garantiefonds-ja-aber\/\" \/>\n<meta name=\"twitter:label1\" content=\"Verfasst von\" \/>\n\t<meta name=\"twitter:data1\" content=\"BloggingTom\" \/>\n\t<meta name=\"twitter:label2\" content=\"Gesch\u00e4tzte Lesezeit\" \/>\n\t<meta name=\"twitter:data2\" content=\"2\u00a0Minuten\" \/>\n<script type=\"application\/ld+json\" class=\"yoast-schema-graph\">{\"@context\":\"https:\/\/schema.org\",\"@graph\":[{\"@type\":\"Article\",\"@id\":\"https:\/\/bloggingtom.ch\/blog\/archives\/2005\/05\/23\/garantiefonds-ja-aber\/#article\",\"isPartOf\":{\"@id\":\"https:\/\/bloggingtom.ch\/blog\/archives\/2005\/05\/23\/garantiefonds-ja-aber\/\"},\"author\":{\"name\":\"BloggingTom\",\"@id\":\"https:\/\/bloggingtom.ch\/blog\/#\/schema\/person\/f6c8d3d5f30c10217b69ac72723e9d1c\"},\"headline\":\"Garantiefonds? Ja, aber&#8230;\",\"datePublished\":\"2005-05-23T13:55:49+00:00\",\"dateModified\":\"2005-05-23T13:55:57+00:00\",\"mainEntityOfPage\":{\"@id\":\"https:\/\/bloggingtom.ch\/blog\/archives\/2005\/05\/23\/garantiefonds-ja-aber\/\"},\"wordCount\":393,\"commentCount\":1,\"publisher\":{\"@id\":\"https:\/\/bloggingtom.ch\/blog\/#\/schema\/person\/f6c8d3d5f30c10217b69ac72723e9d1c\"},\"keywords\":[\"astag\",\"garantiefonds\",\"jann reisen\",\"konkurs\",\"reiseversicherung\",\"versicherung\"],\"articleSection\":[\"Dies und Das\"],\"inLanguage\":\"de\",\"potentialAction\":[{\"@type\":\"CommentAction\",\"name\":\"Comment\",\"target\":[\"https:\/\/bloggingtom.ch\/blog\/archives\/2005\/05\/23\/garantiefonds-ja-aber\/#respond\"]}]},{\"@type\":\"WebPage\",\"@id\":\"https:\/\/bloggingtom.ch\/blog\/archives\/2005\/05\/23\/garantiefonds-ja-aber\/\",\"url\":\"https:\/\/bloggingtom.ch\/blog\/archives\/2005\/05\/23\/garantiefonds-ja-aber\/\",\"name\":\"Garantiefonds? Ja, aber... - BloggingTom\",\"isPartOf\":{\"@id\":\"https:\/\/bloggingtom.ch\/blog\/#website\"},\"datePublished\":\"2005-05-23T13:55:49+00:00\",\"dateModified\":\"2005-05-23T13:55:57+00:00\",\"breadcrumb\":{\"@id\":\"https:\/\/bloggingtom.ch\/blog\/archives\/2005\/05\/23\/garantiefonds-ja-aber\/#breadcrumb\"},\"inLanguage\":\"de\",\"potentialAction\":[{\"@type\":\"ReadAction\",\"target\":[\"https:\/\/bloggingtom.ch\/blog\/archives\/2005\/05\/23\/garantiefonds-ja-aber\/\"]}]},{\"@type\":\"BreadcrumbList\",\"@id\":\"https:\/\/bloggingtom.ch\/blog\/archives\/2005\/05\/23\/garantiefonds-ja-aber\/#breadcrumb\",\"itemListElement\":[{\"@type\":\"ListItem\",\"position\":1,\"name\":\"Home\",\"item\":\"https:\/\/bloggingtom.ch\/blog\/\"},{\"@type\":\"ListItem\",\"position\":2,\"name\":\"Garantiefonds? Ja, aber&#8230;\"}]},{\"@type\":\"WebSite\",\"@id\":\"https:\/\/bloggingtom.ch\/blog\/#website\",\"url\":\"https:\/\/bloggingtom.ch\/blog\/\",\"name\":\"BloggingTom\",\"description\":\"Die t\u00e4glichen Abenteuer im Cyberspace...\",\"publisher\":{\"@id\":\"https:\/\/bloggingtom.ch\/blog\/#\/schema\/person\/f6c8d3d5f30c10217b69ac72723e9d1c\"},\"potentialAction\":[{\"@type\":\"SearchAction\",\"target\":{\"@type\":\"EntryPoint\",\"urlTemplate\":\"https:\/\/bloggingtom.ch\/blog\/?s={search_term_string}\"},\"query-input\":{\"@type\":\"PropertyValueSpecification\",\"valueRequired\":true,\"valueName\":\"search_term_string\"}}],\"inLanguage\":\"de\"},{\"@type\":[\"Person\",\"Organization\"],\"@id\":\"https:\/\/bloggingtom.ch\/blog\/#\/schema\/person\/f6c8d3d5f30c10217b69ac72723e9d1c\",\"name\":\"BloggingTom\",\"image\":{\"@type\":\"ImageObject\",\"inLanguage\":\"de\",\"@id\":\"https:\/\/bloggingtom.ch\/blog\/#\/schema\/person\/image\/\",\"url\":\"https:\/\/secure.gravatar.com\/avatar\/17c2b6a2966fc102465cf177587d359e4dac41adfaab355352baee5d5d46f277?s=96&d=mm&r=g\",\"contentUrl\":\"https:\/\/secure.gravatar.com\/avatar\/17c2b6a2966fc102465cf177587d359e4dac41adfaab355352baee5d5d46f277?s=96&d=mm&r=g\",\"caption\":\"BloggingTom\"},\"logo\":{\"@id\":\"https:\/\/bloggingtom.ch\/blog\/#\/schema\/person\/image\/\"},\"sameAs\":[\"http:\/\/bloggingtom.ch\"],\"url\":\"https:\/\/bloggingtom.ch\/blog\/archives\/author\/bloggingtom\/\"}]}<\/script>\n<!-- \/ Yoast SEO plugin. -->","yoast_head_json":{"title":"Garantiefonds? Ja, aber... - BloggingTom","robots":{"index":"index","follow":"follow","max-snippet":"max-snippet:-1","max-image-preview":"max-image-preview:large","max-video-preview":"max-video-preview:-1"},"canonical":"https:\/\/bloggingtom.ch\/blog\/archives\/2005\/05\/23\/garantiefonds-ja-aber\/","twitter_misc":{"Verfasst von":"BloggingTom","Gesch\u00e4tzte Lesezeit":"2\u00a0Minuten"},"schema":{"@context":"https:\/\/schema.org","@graph":[{"@type":"Article","@id":"https:\/\/bloggingtom.ch\/blog\/archives\/2005\/05\/23\/garantiefonds-ja-aber\/#article","isPartOf":{"@id":"https:\/\/bloggingtom.ch\/blog\/archives\/2005\/05\/23\/garantiefonds-ja-aber\/"},"author":{"name":"BloggingTom","@id":"https:\/\/bloggingtom.ch\/blog\/#\/schema\/person\/f6c8d3d5f30c10217b69ac72723e9d1c"},"headline":"Garantiefonds? Ja, aber&#8230;","datePublished":"2005-05-23T13:55:49+00:00","dateModified":"2005-05-23T13:55:57+00:00","mainEntityOfPage":{"@id":"https:\/\/bloggingtom.ch\/blog\/archives\/2005\/05\/23\/garantiefonds-ja-aber\/"},"wordCount":393,"commentCount":1,"publisher":{"@id":"https:\/\/bloggingtom.ch\/blog\/#\/schema\/person\/f6c8d3d5f30c10217b69ac72723e9d1c"},"keywords":["astag","garantiefonds","jann reisen","konkurs","reiseversicherung","versicherung"],"articleSection":["Dies und Das"],"inLanguage":"de","potentialAction":[{"@type":"CommentAction","name":"Comment","target":["https:\/\/bloggingtom.ch\/blog\/archives\/2005\/05\/23\/garantiefonds-ja-aber\/#respond"]}]},{"@type":"WebPage","@id":"https:\/\/bloggingtom.ch\/blog\/archives\/2005\/05\/23\/garantiefonds-ja-aber\/","url":"https:\/\/bloggingtom.ch\/blog\/archives\/2005\/05\/23\/garantiefonds-ja-aber\/","name":"Garantiefonds? Ja, aber... - BloggingTom","isPartOf":{"@id":"https:\/\/bloggingtom.ch\/blog\/#website"},"datePublished":"2005-05-23T13:55:49+00:00","dateModified":"2005-05-23T13:55:57+00:00","breadcrumb":{"@id":"https:\/\/bloggingtom.ch\/blog\/archives\/2005\/05\/23\/garantiefonds-ja-aber\/#breadcrumb"},"inLanguage":"de","potentialAction":[{"@type":"ReadAction","target":["https:\/\/bloggingtom.ch\/blog\/archives\/2005\/05\/23\/garantiefonds-ja-aber\/"]}]},{"@type":"BreadcrumbList","@id":"https:\/\/bloggingtom.ch\/blog\/archives\/2005\/05\/23\/garantiefonds-ja-aber\/#breadcrumb","itemListElement":[{"@type":"ListItem","position":1,"name":"Home","item":"https:\/\/bloggingtom.ch\/blog\/"},{"@type":"ListItem","position":2,"name":"Garantiefonds? Ja, aber&#8230;"}]},{"@type":"WebSite","@id":"https:\/\/bloggingtom.ch\/blog\/#website","url":"https:\/\/bloggingtom.ch\/blog\/","name":"BloggingTom","description":"Die t\u00e4glichen Abenteuer im Cyberspace...","publisher":{"@id":"https:\/\/bloggingtom.ch\/blog\/#\/schema\/person\/f6c8d3d5f30c10217b69ac72723e9d1c"},"potentialAction":[{"@type":"SearchAction","target":{"@type":"EntryPoint","urlTemplate":"https:\/\/bloggingtom.ch\/blog\/?s={search_term_string}"},"query-input":{"@type":"PropertyValueSpecification","valueRequired":true,"valueName":"search_term_string"}}],"inLanguage":"de"},{"@type":["Person","Organization"],"@id":"https:\/\/bloggingtom.ch\/blog\/#\/schema\/person\/f6c8d3d5f30c10217b69ac72723e9d1c","name":"BloggingTom","image":{"@type":"ImageObject","inLanguage":"de","@id":"https:\/\/bloggingtom.ch\/blog\/#\/schema\/person\/image\/","url":"https:\/\/secure.gravatar.com\/avatar\/17c2b6a2966fc102465cf177587d359e4dac41adfaab355352baee5d5d46f277?s=96&d=mm&r=g","contentUrl":"https:\/\/secure.gravatar.com\/avatar\/17c2b6a2966fc102465cf177587d359e4dac41adfaab355352baee5d5d46f277?s=96&d=mm&r=g","caption":"BloggingTom"},"logo":{"@id":"https:\/\/bloggingtom.ch\/blog\/#\/schema\/person\/image\/"},"sameAs":["http:\/\/bloggingtom.ch"],"url":"https:\/\/bloggingtom.ch\/blog\/archives\/author\/bloggingtom\/"}]}},"jetpack_featured_media_url":"","jetpack_shortlink":"https:\/\/wp.me\/pa6Ev-2A","jetpack_likes_enabled":true,"jetpack_sharing_enabled":true,"_links":{"self":[{"href":"https:\/\/bloggingtom.ch\/blog\/wp-json\/wp\/v2\/posts\/160","targetHints":{"allow":["GET"]}}],"collection":[{"href":"https:\/\/bloggingtom.ch\/blog\/wp-json\/wp\/v2\/posts"}],"about":[{"href":"https:\/\/bloggingtom.ch\/blog\/wp-json\/wp\/v2\/types\/post"}],"author":[{"embeddable":true,"href":"https:\/\/bloggingtom.ch\/blog\/wp-json\/wp\/v2\/users\/1"}],"replies":[{"embeddable":true,"href":"https:\/\/bloggingtom.ch\/blog\/wp-json\/wp\/v2\/comments?post=160"}],"version-history":[{"count":0,"href":"https:\/\/bloggingtom.ch\/blog\/wp-json\/wp\/v2\/posts\/160\/revisions"}],"wp:attachment":[{"href":"https:\/\/bloggingtom.ch\/blog\/wp-json\/wp\/v2\/media?parent=160"}],"wp:term":[{"taxonomy":"category","embeddable":true,"href":"https:\/\/bloggingtom.ch\/blog\/wp-json\/wp\/v2\/categories?post=160"},{"taxonomy":"post_tag","embeddable":true,"href":"https:\/\/bloggingtom.ch\/blog\/wp-json\/wp\/v2\/tags?post=160"}],"curies":[{"name":"wp","href":"https:\/\/api.w.org\/{rel}","templated":true}]}}