{"id":1559,"date":"2007-08-03T12:45:47","date_gmt":"2007-08-03T10:45:47","guid":{"rendered":"http:\/\/bloggingtom.ch\/?p=1559"},"modified":"2007-08-03T12:46:15","modified_gmt":"2007-08-03T10:46:15","slug":"internet-fur-funf-jahre-abschalten","status":"publish","type":"post","link":"https:\/\/bloggingtom.ch\/blog\/archives\/2007\/08\/03\/internet-fur-funf-jahre-abschalten\/","title":{"rendered":"Internet f\u00fcr f\u00fcnf Jahre abschalten"},"content":{"rendered":"<p>Sir Elton John scheint nicht viel vom Internet zu halten, denn immerhin pl\u00e4diert er gegen\u00fcber der britischen Boulevardzeitung The Sun daf\u00fcr, dass das Netz <a href=\"http:\/\/www.thesun.co.uk\/article\/0,,2-2007350453,00.html\" target=\"_blank\" >f\u00fcr f\u00fcnf Jahre abgeschaltet wird<\/a>:<\/p>\n<blockquote><p>I do think it would be an incredible experiment to shut down the whole internet for five years and see what sort of art is produced over that span.<\/p><\/blockquote>\n<p>Das Internet sorgt nach seiner Meinung n\u00e4mlich daf\u00fcr, dass wir vereinsamt zuhause sitzen anstatt nach draussen zu gehen, sich zu treffen und kreativ zu werden. Auch Blogger sollten auf die Strasse gehen: <\/p>\n<blockquote><p>Let&#8217;s get out in the streets and march and protest instead of sitting at home and blogging.<\/p><\/blockquote>\n<p>Haupts\u00e4chlich richtet sich seine Kritik aber gegen die heutige Musik, denn in &#8222;den fr\u00fchen 1970ern wurden jede Woche mindestens 10 absolut fantastische Alben ver\u00f6ffentlicht, heute ist es schwer, zehn solcher Alben in einem Jahr zu finden, obwohl mehr ver\u00f6ffentlicht werden als je zuvor.&#8220; Schuld daran ist, man ahnt es bereits, das Internet. Alleine mit ihrem PC machten heutige K\u00fcnstler &#8222;Musik, die manchmal in Ordnung ist&#8220;, aber kaum die Grundlage f\u00fcr eine Musikkarriere bilden k\u00f6nne.<\/p>\n<p>Vereinzelt mag die Kritik von Elton John durchaus zutreffen. Nat\u00fcrlich gibt es Leute, die sich hinter ihrem Computer verstecken und kontaktarm sind. Introvertiere Leute, die lieber daheim als draussen sind, gab es aber wohl schon vor dem Internet.<br \/>\nF\u00fcr mich hat das Internet ganz neue M\u00f6glichkeiten er\u00f6ffnet: Viele interessante Leute die ich heute kenne, habe ich wohl nur dank des Internets kennengelernt. So eine Abschaltung h\u00e4tte aber auch in beruflicher Hinsicht Auswirkungen: Was mache ich bloss mit f\u00fcnf Jahren Ferien?<\/p>\n<p>Ganz ernst d\u00fcrfte es Elton bei seinen Aussagen aber wohl nicht sein. Immerhin macht auch er sich das Internet n\u00e4mlich zu nutze. Erst k\u00fcrzlich n\u00e4mlich wurde sein Konzert aus dem New Yorker Madison Square Garden live ins Internet \u00fcbertragen und all seine Songs sollen in K\u00fcrze auch als Download zur Verf\u00fcgung stehen. Wie das zu verstehen ist, bringt gulli treffend <a href=\"http:\/\/www.gulli.com\/news\/elton-john-schaltet-das-2007-08-02\/\" target=\"_blank\" >auf den Punkt<\/a>:<\/p>\n<blockquote><p>Wahrscheinlich um einen weiteren Grund f\u00fcr einen l\u00e4ngeren Abschu\u00df des Internets zu liefern, will Elton John demn\u00e4chst ganz konsequent sein gesamtes musikalisches Schaffen digital vermarkten (lassen), was das Medium zweifellos attraktiver machen wird &#8211; mit indes schlimmen Folgen.<\/p><\/blockquote>\n","protected":false},"excerpt":{"rendered":"<p>Sir Elton John scheint nicht viel vom Internet zu halten, denn immerhin pl\u00e4diert er gegen\u00fcber der britischen Boulevardzeitung The Sun daf\u00fcr, dass das Netz f\u00fcr f\u00fcnf Jahre abgeschaltet wird: I do think it would be an incredible experiment to shut down the whole internet for five years and see what sort of art is produced [&hellip;]<\/p>\n","protected":false},"author":1,"featured_media":0,"comment_status":"open","ping_status":"open","sticky":false,"template":"","format":"standard","meta":{"twitterCardType":"","cardImageID":0,"cardImage":"","cardTitle":"","cardDesc":"","cardImageAlt":"","cardPlayer":"","cardPlayerWidth":0,"cardPlayerHeight":0,"cardPlayerStream":"","cardPlayerCodec":"","_jetpack_memberships_contains_paid_content":false,"footnotes":""},"categories":[2],"tags":[],"class_list":["post-1559","post","type-post","status-publish","format-standard","hentry","category-internet"],"yoast_head":"<!-- This site is optimized with the Yoast SEO plugin v27.1.1 - https:\/\/yoast.com\/product\/yoast-seo-wordpress\/ -->\n<title>Internet f\u00fcr f\u00fcnf Jahre abschalten - BloggingTom<\/title>\n<meta name=\"robots\" content=\"index, follow, max-snippet:-1, max-image-preview:large, max-video-preview:-1\" \/>\n<link rel=\"canonical\" href=\"https:\/\/bloggingtom.ch\/blog\/archives\/2007\/08\/03\/internet-fur-funf-jahre-abschalten\/\" \/>\n<meta name=\"twitter:label1\" content=\"Verfasst von\" \/>\n\t<meta name=\"twitter:data1\" content=\"BloggingTom\" \/>\n\t<meta name=\"twitter:label2\" content=\"Gesch\u00e4tzte Lesezeit\" \/>\n\t<meta name=\"twitter:data2\" content=\"2\u00a0Minuten\" \/>\n<script type=\"application\/ld+json\" class=\"yoast-schema-graph\">{\"@context\":\"https:\/\/schema.org\",\"@graph\":[{\"@type\":\"Article\",\"@id\":\"https:\/\/bloggingtom.ch\/blog\/archives\/2007\/08\/03\/internet-fur-funf-jahre-abschalten\/#article\",\"isPartOf\":{\"@id\":\"https:\/\/bloggingtom.ch\/blog\/archives\/2007\/08\/03\/internet-fur-funf-jahre-abschalten\/\"},\"author\":{\"name\":\"BloggingTom\",\"@id\":\"https:\/\/bloggingtom.ch\/blog\/#\/schema\/person\/f6c8d3d5f30c10217b69ac72723e9d1c\"},\"headline\":\"Internet f\u00fcr f\u00fcnf Jahre abschalten\",\"datePublished\":\"2007-08-03T10:45:47+00:00\",\"dateModified\":\"2007-08-03T10:46:15+00:00\",\"mainEntityOfPage\":{\"@id\":\"https:\/\/bloggingtom.ch\/blog\/archives\/2007\/08\/03\/internet-fur-funf-jahre-abschalten\/\"},\"wordCount\":398,\"commentCount\":16,\"publisher\":{\"@id\":\"https:\/\/bloggingtom.ch\/blog\/#\/schema\/person\/f6c8d3d5f30c10217b69ac72723e9d1c\"},\"articleSection\":[\"Internet\"],\"inLanguage\":\"de\",\"potentialAction\":[{\"@type\":\"CommentAction\",\"name\":\"Comment\",\"target\":[\"https:\/\/bloggingtom.ch\/blog\/archives\/2007\/08\/03\/internet-fur-funf-jahre-abschalten\/#respond\"]}]},{\"@type\":\"WebPage\",\"@id\":\"https:\/\/bloggingtom.ch\/blog\/archives\/2007\/08\/03\/internet-fur-funf-jahre-abschalten\/\",\"url\":\"https:\/\/bloggingtom.ch\/blog\/archives\/2007\/08\/03\/internet-fur-funf-jahre-abschalten\/\",\"name\":\"Internet f\u00fcr f\u00fcnf Jahre abschalten - BloggingTom\",\"isPartOf\":{\"@id\":\"https:\/\/bloggingtom.ch\/blog\/#website\"},\"datePublished\":\"2007-08-03T10:45:47+00:00\",\"dateModified\":\"2007-08-03T10:46:15+00:00\",\"breadcrumb\":{\"@id\":\"https:\/\/bloggingtom.ch\/blog\/archives\/2007\/08\/03\/internet-fur-funf-jahre-abschalten\/#breadcrumb\"},\"inLanguage\":\"de\",\"potentialAction\":[{\"@type\":\"ReadAction\",\"target\":[\"https:\/\/bloggingtom.ch\/blog\/archives\/2007\/08\/03\/internet-fur-funf-jahre-abschalten\/\"]}]},{\"@type\":\"BreadcrumbList\",\"@id\":\"https:\/\/bloggingtom.ch\/blog\/archives\/2007\/08\/03\/internet-fur-funf-jahre-abschalten\/#breadcrumb\",\"itemListElement\":[{\"@type\":\"ListItem\",\"position\":1,\"name\":\"Home\",\"item\":\"https:\/\/bloggingtom.ch\/blog\/\"},{\"@type\":\"ListItem\",\"position\":2,\"name\":\"Internet f\u00fcr f\u00fcnf Jahre abschalten\"}]},{\"@type\":\"WebSite\",\"@id\":\"https:\/\/bloggingtom.ch\/blog\/#website\",\"url\":\"https:\/\/bloggingtom.ch\/blog\/\",\"name\":\"BloggingTom\",\"description\":\"Die t\u00e4glichen Abenteuer im Cyberspace...\",\"publisher\":{\"@id\":\"https:\/\/bloggingtom.ch\/blog\/#\/schema\/person\/f6c8d3d5f30c10217b69ac72723e9d1c\"},\"potentialAction\":[{\"@type\":\"SearchAction\",\"target\":{\"@type\":\"EntryPoint\",\"urlTemplate\":\"https:\/\/bloggingtom.ch\/blog\/?s={search_term_string}\"},\"query-input\":{\"@type\":\"PropertyValueSpecification\",\"valueRequired\":true,\"valueName\":\"search_term_string\"}}],\"inLanguage\":\"de\"},{\"@type\":[\"Person\",\"Organization\"],\"@id\":\"https:\/\/bloggingtom.ch\/blog\/#\/schema\/person\/f6c8d3d5f30c10217b69ac72723e9d1c\",\"name\":\"BloggingTom\",\"image\":{\"@type\":\"ImageObject\",\"inLanguage\":\"de\",\"@id\":\"https:\/\/bloggingtom.ch\/blog\/#\/schema\/person\/image\/\",\"url\":\"https:\/\/secure.gravatar.com\/avatar\/17c2b6a2966fc102465cf177587d359e4dac41adfaab355352baee5d5d46f277?s=96&d=mm&r=g\",\"contentUrl\":\"https:\/\/secure.gravatar.com\/avatar\/17c2b6a2966fc102465cf177587d359e4dac41adfaab355352baee5d5d46f277?s=96&d=mm&r=g\",\"caption\":\"BloggingTom\"},\"logo\":{\"@id\":\"https:\/\/bloggingtom.ch\/blog\/#\/schema\/person\/image\/\"},\"sameAs\":[\"http:\/\/bloggingtom.ch\"],\"url\":\"https:\/\/bloggingtom.ch\/blog\/archives\/author\/bloggingtom\/\"}]}<\/script>\n<!-- \/ Yoast SEO plugin. -->","yoast_head_json":{"title":"Internet f\u00fcr f\u00fcnf Jahre abschalten - BloggingTom","robots":{"index":"index","follow":"follow","max-snippet":"max-snippet:-1","max-image-preview":"max-image-preview:large","max-video-preview":"max-video-preview:-1"},"canonical":"https:\/\/bloggingtom.ch\/blog\/archives\/2007\/08\/03\/internet-fur-funf-jahre-abschalten\/","twitter_misc":{"Verfasst von":"BloggingTom","Gesch\u00e4tzte Lesezeit":"2\u00a0Minuten"},"schema":{"@context":"https:\/\/schema.org","@graph":[{"@type":"Article","@id":"https:\/\/bloggingtom.ch\/blog\/archives\/2007\/08\/03\/internet-fur-funf-jahre-abschalten\/#article","isPartOf":{"@id":"https:\/\/bloggingtom.ch\/blog\/archives\/2007\/08\/03\/internet-fur-funf-jahre-abschalten\/"},"author":{"name":"BloggingTom","@id":"https:\/\/bloggingtom.ch\/blog\/#\/schema\/person\/f6c8d3d5f30c10217b69ac72723e9d1c"},"headline":"Internet f\u00fcr f\u00fcnf Jahre abschalten","datePublished":"2007-08-03T10:45:47+00:00","dateModified":"2007-08-03T10:46:15+00:00","mainEntityOfPage":{"@id":"https:\/\/bloggingtom.ch\/blog\/archives\/2007\/08\/03\/internet-fur-funf-jahre-abschalten\/"},"wordCount":398,"commentCount":16,"publisher":{"@id":"https:\/\/bloggingtom.ch\/blog\/#\/schema\/person\/f6c8d3d5f30c10217b69ac72723e9d1c"},"articleSection":["Internet"],"inLanguage":"de","potentialAction":[{"@type":"CommentAction","name":"Comment","target":["https:\/\/bloggingtom.ch\/blog\/archives\/2007\/08\/03\/internet-fur-funf-jahre-abschalten\/#respond"]}]},{"@type":"WebPage","@id":"https:\/\/bloggingtom.ch\/blog\/archives\/2007\/08\/03\/internet-fur-funf-jahre-abschalten\/","url":"https:\/\/bloggingtom.ch\/blog\/archives\/2007\/08\/03\/internet-fur-funf-jahre-abschalten\/","name":"Internet f\u00fcr f\u00fcnf Jahre abschalten - BloggingTom","isPartOf":{"@id":"https:\/\/bloggingtom.ch\/blog\/#website"},"datePublished":"2007-08-03T10:45:47+00:00","dateModified":"2007-08-03T10:46:15+00:00","breadcrumb":{"@id":"https:\/\/bloggingtom.ch\/blog\/archives\/2007\/08\/03\/internet-fur-funf-jahre-abschalten\/#breadcrumb"},"inLanguage":"de","potentialAction":[{"@type":"ReadAction","target":["https:\/\/bloggingtom.ch\/blog\/archives\/2007\/08\/03\/internet-fur-funf-jahre-abschalten\/"]}]},{"@type":"BreadcrumbList","@id":"https:\/\/bloggingtom.ch\/blog\/archives\/2007\/08\/03\/internet-fur-funf-jahre-abschalten\/#breadcrumb","itemListElement":[{"@type":"ListItem","position":1,"name":"Home","item":"https:\/\/bloggingtom.ch\/blog\/"},{"@type":"ListItem","position":2,"name":"Internet f\u00fcr f\u00fcnf Jahre abschalten"}]},{"@type":"WebSite","@id":"https:\/\/bloggingtom.ch\/blog\/#website","url":"https:\/\/bloggingtom.ch\/blog\/","name":"BloggingTom","description":"Die t\u00e4glichen Abenteuer im Cyberspace...","publisher":{"@id":"https:\/\/bloggingtom.ch\/blog\/#\/schema\/person\/f6c8d3d5f30c10217b69ac72723e9d1c"},"potentialAction":[{"@type":"SearchAction","target":{"@type":"EntryPoint","urlTemplate":"https:\/\/bloggingtom.ch\/blog\/?s={search_term_string}"},"query-input":{"@type":"PropertyValueSpecification","valueRequired":true,"valueName":"search_term_string"}}],"inLanguage":"de"},{"@type":["Person","Organization"],"@id":"https:\/\/bloggingtom.ch\/blog\/#\/schema\/person\/f6c8d3d5f30c10217b69ac72723e9d1c","name":"BloggingTom","image":{"@type":"ImageObject","inLanguage":"de","@id":"https:\/\/bloggingtom.ch\/blog\/#\/schema\/person\/image\/","url":"https:\/\/secure.gravatar.com\/avatar\/17c2b6a2966fc102465cf177587d359e4dac41adfaab355352baee5d5d46f277?s=96&d=mm&r=g","contentUrl":"https:\/\/secure.gravatar.com\/avatar\/17c2b6a2966fc102465cf177587d359e4dac41adfaab355352baee5d5d46f277?s=96&d=mm&r=g","caption":"BloggingTom"},"logo":{"@id":"https:\/\/bloggingtom.ch\/blog\/#\/schema\/person\/image\/"},"sameAs":["http:\/\/bloggingtom.ch"],"url":"https:\/\/bloggingtom.ch\/blog\/archives\/author\/bloggingtom\/"}]}},"jetpack_featured_media_url":"","jetpack_shortlink":"https:\/\/wp.me\/pa6Ev-p9","jetpack_likes_enabled":true,"jetpack_sharing_enabled":true,"_links":{"self":[{"href":"https:\/\/bloggingtom.ch\/blog\/wp-json\/wp\/v2\/posts\/1559","targetHints":{"allow":["GET"]}}],"collection":[{"href":"https:\/\/bloggingtom.ch\/blog\/wp-json\/wp\/v2\/posts"}],"about":[{"href":"https:\/\/bloggingtom.ch\/blog\/wp-json\/wp\/v2\/types\/post"}],"author":[{"embeddable":true,"href":"https:\/\/bloggingtom.ch\/blog\/wp-json\/wp\/v2\/users\/1"}],"replies":[{"embeddable":true,"href":"https:\/\/bloggingtom.ch\/blog\/wp-json\/wp\/v2\/comments?post=1559"}],"version-history":[{"count":0,"href":"https:\/\/bloggingtom.ch\/blog\/wp-json\/wp\/v2\/posts\/1559\/revisions"}],"wp:attachment":[{"href":"https:\/\/bloggingtom.ch\/blog\/wp-json\/wp\/v2\/media?parent=1559"}],"wp:term":[{"taxonomy":"category","embeddable":true,"href":"https:\/\/bloggingtom.ch\/blog\/wp-json\/wp\/v2\/categories?post=1559"},{"taxonomy":"post_tag","embeddable":true,"href":"https:\/\/bloggingtom.ch\/blog\/wp-json\/wp\/v2\/tags?post=1559"}],"curies":[{"name":"wp","href":"https:\/\/api.w.org\/{rel}","templated":true}]}}