{"id":1494,"date":"2007-06-11T13:53:34","date_gmt":"2007-06-11T11:53:34","guid":{"rendered":"http:\/\/bloggingtom.ch\/?p=1494"},"modified":"2007-06-11T13:55:26","modified_gmt":"2007-06-11T11:55:26","slug":"betrifft-der-klimawandel-nur-microsoft-user","status":"publish","type":"post","link":"https:\/\/bloggingtom.ch\/blog\/archives\/2007\/06\/11\/betrifft-der-klimawandel-nur-microsoft-user\/","title":{"rendered":"Betrifft der Klimawandel nur Microsoft-User?"},"content":{"rendered":"<div class=\"img-shadow-right\"><img decoding=\"async\" src=\"http:\/\/bloggingtom.ch\/wp-images\/ownimg\/articles\/20070611-liveearth.jpg\" alt=\"SOS - Live Earth\" \/><\/div>\n<p>Auf Technorati bin ich heute auf eine Werbung f\u00fcr Live Earth aufmerksam geworden. Wer dem Link folgt, landet auf einer <a href=\"http:\/\/liveearth.de.msn.com\/\" target=\"_blank\" >Subdomain von MSN<\/a>, das gleichzeitig Pr\u00e4sentationspartner ist und offenbar auch die Konzerte auf seinen Seiten \u00fcbertragen will. Als Firefox-User kann ich zwar auf den Seiten herumnavigieren, sobald ich mir aber die <a href=\"http:\/\/liveearth.de.msn.com\/videos\" target=\"_blank\" >Videos ansehen<\/a> m\u00f6chte, werde ich ausgeschlossen:<\/p>\n<p><img decoding=\"async\" src=\"http:\/\/bloggingtom.ch\/wp-images\/ownimg\/articles\/20070611-liveearth-msn.jpg\" alt=\"Live Earth auf MSN - Um dieses Produkt zu nutzen, m\u00fcssen Sie kostenlose Software herunterladen\"  class=\"centered\" \/><\/p>\n<p>Zwar ist es nichts wirklich neues, dass Microsoft nicht-IE Nutzer immer mal wieder von den eigenen Webseiten ausschliesst, aber in Zusammenhang mit Live Earth ist das doch ziemlich ungl\u00fccklich. Nicht nur, dass damit grosse Teile des Publikums ausgeschlossen werden, es fragt sich auch, ob die Streams der Konzerte nur f\u00fcr Microsoft-J\u00fcnger zug\u00e4nglich sein werden. Auf der <a href=\"http:\/\/www.liveearth.org\/\" target=\"_blank\" >offiziellen Webseite von Live Earth<\/a> wird die Partnerschaft mit MSN weiter hoch gepriesen:<\/p>\n<blockquote><p>Live Earth wird weltweit von MSN \u00fcbertragen, die als erster Sponsor auf den Aufruf von SOS reagierten. MSN ist eines der weltweit beliebtesten Internet-Portale, und als solches erm\u00f6glicht MSN der SOS-Kampagne eine globale Reichweite<\/p><\/blockquote>\n<p>Es wird sich zeigen, ob Microsoft geschickt genug agieren wird, um die \u00dcbertragung nicht zu einer &#8222;Microsoft-only Veranstaltung&#8220; verkommen zu lassen. Schade w\u00e4re das allemal, denn die unter anderem vom ehemaligen US-Vizepr\u00e4sidenten Al Gore und dem Musikproduzenten Kevin Wall initiierte Kampagne gegen die Klimakrise, Save Our Selves (SOS), verdient eine grosse Aufmerksamkeit. <\/p>\n<p>Die weltumspannende Konzertereihe Live Earth wird am 7. Juli 2007 w\u00e4hrend insgesamt 24 Stunden stattfinden. Der Startschuss f\u00fcr die Konzerte f\u00e4llt um 5 Uhr MESZ in Sydney, gefolgt von Tokio um 8 Uhr. Die weiteren Stationen sind Istanbul (14 Uhr), Hamburg und Johannesburg (15 Uhr) sowie Rio de Janeiro und New York (21 Uhr). Mit dabei sind unter anderem Madonna, The Police, Genesis, Bon Jovi, Duran Duran, Sheryl Crow, Alicia Keys, Red Hot Chili Peppers, sowie James Blunt, Kanye West, Kelly Clarkson, Black Eyed Peas und Jack Johnson. Am deutschen &#8222;Live Earth&#8220; Konzert treten unter anderem Juli, Chris Cornell, Jan Delay, Reamonn, Silbermond oder auch Roger Cicero auf.<\/p>\n<p>Wer das Ganze \u00fcbrigens am Fernsehen mitverfolgen will, kann das, ganz ohne Abh\u00e4ngigkeit von Microsoft, auf <a href=\"http:\/\/www.n24.de\" target=\"_blank\" >N24<\/a> tun. Der Sender \u00fcbertr\u00e4gt das vollst\u00e4ndige Konzert ab 5 Uhr morgens. Pro 7 zeigt ab 17 Uhr immerhin die &#8222;Highlights&#8220;&#8230;<\/p>\n","protected":false},"excerpt":{"rendered":"<p>Auf Technorati bin ich heute auf eine Werbung f\u00fcr Live Earth aufmerksam geworden. Wer dem Link folgt, landet auf einer Subdomain von MSN, das gleichzeitig Pr\u00e4sentationspartner ist und offenbar auch die Konzerte auf seinen Seiten \u00fcbertragen will. Als Firefox-User kann ich zwar auf den Seiten herumnavigieren, sobald ich mir aber die Videos ansehen m\u00f6chte, werde [&hellip;]<\/p>\n","protected":false},"author":1,"featured_media":0,"comment_status":"open","ping_status":"open","sticky":false,"template":"","format":"standard","meta":{"twitterCardType":"","cardImageID":0,"cardImage":"","cardTitle":"","cardDesc":"","cardImageAlt":"","cardPlayer":"","cardPlayerWidth":0,"cardPlayerHeight":0,"cardPlayerStream":"","cardPlayerCodec":"","_jetpack_memberships_contains_paid_content":false,"footnotes":""},"categories":[1,2],"tags":[],"class_list":["post-1494","post","type-post","status-publish","format-standard","hentry","category-home","category-internet"],"yoast_head":"<!-- This site is optimized with the Yoast SEO plugin v27.1.1 - https:\/\/yoast.com\/product\/yoast-seo-wordpress\/ -->\n<title>Betrifft der Klimawandel nur Microsoft-User? - BloggingTom<\/title>\n<meta name=\"robots\" content=\"index, follow, max-snippet:-1, max-image-preview:large, max-video-preview:-1\" \/>\n<link rel=\"canonical\" href=\"https:\/\/bloggingtom.ch\/blog\/archives\/2007\/06\/11\/betrifft-der-klimawandel-nur-microsoft-user\/\" \/>\n<meta name=\"twitter:label1\" content=\"Verfasst von\" \/>\n\t<meta name=\"twitter:data1\" content=\"BloggingTom\" \/>\n\t<meta name=\"twitter:label2\" content=\"Gesch\u00e4tzte Lesezeit\" \/>\n\t<meta name=\"twitter:data2\" content=\"2\u00a0Minuten\" \/>\n<script type=\"application\/ld+json\" class=\"yoast-schema-graph\">{\"@context\":\"https:\/\/schema.org\",\"@graph\":[{\"@type\":\"Article\",\"@id\":\"https:\/\/bloggingtom.ch\/blog\/archives\/2007\/06\/11\/betrifft-der-klimawandel-nur-microsoft-user\/#article\",\"isPartOf\":{\"@id\":\"https:\/\/bloggingtom.ch\/blog\/archives\/2007\/06\/11\/betrifft-der-klimawandel-nur-microsoft-user\/\"},\"author\":{\"name\":\"BloggingTom\",\"@id\":\"https:\/\/bloggingtom.ch\/blog\/#\/schema\/person\/f6c8d3d5f30c10217b69ac72723e9d1c\"},\"headline\":\"Betrifft der Klimawandel nur Microsoft-User?\",\"datePublished\":\"2007-06-11T11:53:34+00:00\",\"dateModified\":\"2007-06-11T11:55:26+00:00\",\"mainEntityOfPage\":{\"@id\":\"https:\/\/bloggingtom.ch\/blog\/archives\/2007\/06\/11\/betrifft-der-klimawandel-nur-microsoft-user\/\"},\"wordCount\":367,\"commentCount\":4,\"publisher\":{\"@id\":\"https:\/\/bloggingtom.ch\/blog\/#\/schema\/person\/f6c8d3d5f30c10217b69ac72723e9d1c\"},\"image\":{\"@id\":\"https:\/\/bloggingtom.ch\/blog\/archives\/2007\/06\/11\/betrifft-der-klimawandel-nur-microsoft-user\/#primaryimage\"},\"thumbnailUrl\":\"http:\/\/bloggingtom.ch\/wp-images\/ownimg\/articles\/20070611-liveearth.jpg\",\"articleSection\":[\"Dies und Das\",\"Internet\"],\"inLanguage\":\"de\",\"potentialAction\":[{\"@type\":\"CommentAction\",\"name\":\"Comment\",\"target\":[\"https:\/\/bloggingtom.ch\/blog\/archives\/2007\/06\/11\/betrifft-der-klimawandel-nur-microsoft-user\/#respond\"]}]},{\"@type\":\"WebPage\",\"@id\":\"https:\/\/bloggingtom.ch\/blog\/archives\/2007\/06\/11\/betrifft-der-klimawandel-nur-microsoft-user\/\",\"url\":\"https:\/\/bloggingtom.ch\/blog\/archives\/2007\/06\/11\/betrifft-der-klimawandel-nur-microsoft-user\/\",\"name\":\"Betrifft der Klimawandel nur Microsoft-User? - BloggingTom\",\"isPartOf\":{\"@id\":\"https:\/\/bloggingtom.ch\/blog\/#website\"},\"primaryImageOfPage\":{\"@id\":\"https:\/\/bloggingtom.ch\/blog\/archives\/2007\/06\/11\/betrifft-der-klimawandel-nur-microsoft-user\/#primaryimage\"},\"image\":{\"@id\":\"https:\/\/bloggingtom.ch\/blog\/archives\/2007\/06\/11\/betrifft-der-klimawandel-nur-microsoft-user\/#primaryimage\"},\"thumbnailUrl\":\"http:\/\/bloggingtom.ch\/wp-images\/ownimg\/articles\/20070611-liveearth.jpg\",\"datePublished\":\"2007-06-11T11:53:34+00:00\",\"dateModified\":\"2007-06-11T11:55:26+00:00\",\"breadcrumb\":{\"@id\":\"https:\/\/bloggingtom.ch\/blog\/archives\/2007\/06\/11\/betrifft-der-klimawandel-nur-microsoft-user\/#breadcrumb\"},\"inLanguage\":\"de\",\"potentialAction\":[{\"@type\":\"ReadAction\",\"target\":[\"https:\/\/bloggingtom.ch\/blog\/archives\/2007\/06\/11\/betrifft-der-klimawandel-nur-microsoft-user\/\"]}]},{\"@type\":\"ImageObject\",\"inLanguage\":\"de\",\"@id\":\"https:\/\/bloggingtom.ch\/blog\/archives\/2007\/06\/11\/betrifft-der-klimawandel-nur-microsoft-user\/#primaryimage\",\"url\":\"http:\/\/bloggingtom.ch\/wp-images\/ownimg\/articles\/20070611-liveearth.jpg\",\"contentUrl\":\"http:\/\/bloggingtom.ch\/wp-images\/ownimg\/articles\/20070611-liveearth.jpg\"},{\"@type\":\"BreadcrumbList\",\"@id\":\"https:\/\/bloggingtom.ch\/blog\/archives\/2007\/06\/11\/betrifft-der-klimawandel-nur-microsoft-user\/#breadcrumb\",\"itemListElement\":[{\"@type\":\"ListItem\",\"position\":1,\"name\":\"Home\",\"item\":\"https:\/\/bloggingtom.ch\/blog\/\"},{\"@type\":\"ListItem\",\"position\":2,\"name\":\"Betrifft der Klimawandel nur Microsoft-User?\"}]},{\"@type\":\"WebSite\",\"@id\":\"https:\/\/bloggingtom.ch\/blog\/#website\",\"url\":\"https:\/\/bloggingtom.ch\/blog\/\",\"name\":\"BloggingTom\",\"description\":\"Die t\u00e4glichen Abenteuer im Cyberspace...\",\"publisher\":{\"@id\":\"https:\/\/bloggingtom.ch\/blog\/#\/schema\/person\/f6c8d3d5f30c10217b69ac72723e9d1c\"},\"potentialAction\":[{\"@type\":\"SearchAction\",\"target\":{\"@type\":\"EntryPoint\",\"urlTemplate\":\"https:\/\/bloggingtom.ch\/blog\/?s={search_term_string}\"},\"query-input\":{\"@type\":\"PropertyValueSpecification\",\"valueRequired\":true,\"valueName\":\"search_term_string\"}}],\"inLanguage\":\"de\"},{\"@type\":[\"Person\",\"Organization\"],\"@id\":\"https:\/\/bloggingtom.ch\/blog\/#\/schema\/person\/f6c8d3d5f30c10217b69ac72723e9d1c\",\"name\":\"BloggingTom\",\"image\":{\"@type\":\"ImageObject\",\"inLanguage\":\"de\",\"@id\":\"https:\/\/bloggingtom.ch\/blog\/#\/schema\/person\/image\/\",\"url\":\"https:\/\/secure.gravatar.com\/avatar\/17c2b6a2966fc102465cf177587d359e4dac41adfaab355352baee5d5d46f277?s=96&d=mm&r=g\",\"contentUrl\":\"https:\/\/secure.gravatar.com\/avatar\/17c2b6a2966fc102465cf177587d359e4dac41adfaab355352baee5d5d46f277?s=96&d=mm&r=g\",\"caption\":\"BloggingTom\"},\"logo\":{\"@id\":\"https:\/\/bloggingtom.ch\/blog\/#\/schema\/person\/image\/\"},\"sameAs\":[\"http:\/\/bloggingtom.ch\"],\"url\":\"https:\/\/bloggingtom.ch\/blog\/archives\/author\/bloggingtom\/\"}]}<\/script>\n<!-- \/ Yoast SEO plugin. -->","yoast_head_json":{"title":"Betrifft der Klimawandel nur Microsoft-User? - BloggingTom","robots":{"index":"index","follow":"follow","max-snippet":"max-snippet:-1","max-image-preview":"max-image-preview:large","max-video-preview":"max-video-preview:-1"},"canonical":"https:\/\/bloggingtom.ch\/blog\/archives\/2007\/06\/11\/betrifft-der-klimawandel-nur-microsoft-user\/","twitter_misc":{"Verfasst von":"BloggingTom","Gesch\u00e4tzte Lesezeit":"2\u00a0Minuten"},"schema":{"@context":"https:\/\/schema.org","@graph":[{"@type":"Article","@id":"https:\/\/bloggingtom.ch\/blog\/archives\/2007\/06\/11\/betrifft-der-klimawandel-nur-microsoft-user\/#article","isPartOf":{"@id":"https:\/\/bloggingtom.ch\/blog\/archives\/2007\/06\/11\/betrifft-der-klimawandel-nur-microsoft-user\/"},"author":{"name":"BloggingTom","@id":"https:\/\/bloggingtom.ch\/blog\/#\/schema\/person\/f6c8d3d5f30c10217b69ac72723e9d1c"},"headline":"Betrifft der Klimawandel nur Microsoft-User?","datePublished":"2007-06-11T11:53:34+00:00","dateModified":"2007-06-11T11:55:26+00:00","mainEntityOfPage":{"@id":"https:\/\/bloggingtom.ch\/blog\/archives\/2007\/06\/11\/betrifft-der-klimawandel-nur-microsoft-user\/"},"wordCount":367,"commentCount":4,"publisher":{"@id":"https:\/\/bloggingtom.ch\/blog\/#\/schema\/person\/f6c8d3d5f30c10217b69ac72723e9d1c"},"image":{"@id":"https:\/\/bloggingtom.ch\/blog\/archives\/2007\/06\/11\/betrifft-der-klimawandel-nur-microsoft-user\/#primaryimage"},"thumbnailUrl":"http:\/\/bloggingtom.ch\/wp-images\/ownimg\/articles\/20070611-liveearth.jpg","articleSection":["Dies und Das","Internet"],"inLanguage":"de","potentialAction":[{"@type":"CommentAction","name":"Comment","target":["https:\/\/bloggingtom.ch\/blog\/archives\/2007\/06\/11\/betrifft-der-klimawandel-nur-microsoft-user\/#respond"]}]},{"@type":"WebPage","@id":"https:\/\/bloggingtom.ch\/blog\/archives\/2007\/06\/11\/betrifft-der-klimawandel-nur-microsoft-user\/","url":"https:\/\/bloggingtom.ch\/blog\/archives\/2007\/06\/11\/betrifft-der-klimawandel-nur-microsoft-user\/","name":"Betrifft der Klimawandel nur Microsoft-User? - BloggingTom","isPartOf":{"@id":"https:\/\/bloggingtom.ch\/blog\/#website"},"primaryImageOfPage":{"@id":"https:\/\/bloggingtom.ch\/blog\/archives\/2007\/06\/11\/betrifft-der-klimawandel-nur-microsoft-user\/#primaryimage"},"image":{"@id":"https:\/\/bloggingtom.ch\/blog\/archives\/2007\/06\/11\/betrifft-der-klimawandel-nur-microsoft-user\/#primaryimage"},"thumbnailUrl":"http:\/\/bloggingtom.ch\/wp-images\/ownimg\/articles\/20070611-liveearth.jpg","datePublished":"2007-06-11T11:53:34+00:00","dateModified":"2007-06-11T11:55:26+00:00","breadcrumb":{"@id":"https:\/\/bloggingtom.ch\/blog\/archives\/2007\/06\/11\/betrifft-der-klimawandel-nur-microsoft-user\/#breadcrumb"},"inLanguage":"de","potentialAction":[{"@type":"ReadAction","target":["https:\/\/bloggingtom.ch\/blog\/archives\/2007\/06\/11\/betrifft-der-klimawandel-nur-microsoft-user\/"]}]},{"@type":"ImageObject","inLanguage":"de","@id":"https:\/\/bloggingtom.ch\/blog\/archives\/2007\/06\/11\/betrifft-der-klimawandel-nur-microsoft-user\/#primaryimage","url":"http:\/\/bloggingtom.ch\/wp-images\/ownimg\/articles\/20070611-liveearth.jpg","contentUrl":"http:\/\/bloggingtom.ch\/wp-images\/ownimg\/articles\/20070611-liveearth.jpg"},{"@type":"BreadcrumbList","@id":"https:\/\/bloggingtom.ch\/blog\/archives\/2007\/06\/11\/betrifft-der-klimawandel-nur-microsoft-user\/#breadcrumb","itemListElement":[{"@type":"ListItem","position":1,"name":"Home","item":"https:\/\/bloggingtom.ch\/blog\/"},{"@type":"ListItem","position":2,"name":"Betrifft der Klimawandel nur Microsoft-User?"}]},{"@type":"WebSite","@id":"https:\/\/bloggingtom.ch\/blog\/#website","url":"https:\/\/bloggingtom.ch\/blog\/","name":"BloggingTom","description":"Die t\u00e4glichen Abenteuer im Cyberspace...","publisher":{"@id":"https:\/\/bloggingtom.ch\/blog\/#\/schema\/person\/f6c8d3d5f30c10217b69ac72723e9d1c"},"potentialAction":[{"@type":"SearchAction","target":{"@type":"EntryPoint","urlTemplate":"https:\/\/bloggingtom.ch\/blog\/?s={search_term_string}"},"query-input":{"@type":"PropertyValueSpecification","valueRequired":true,"valueName":"search_term_string"}}],"inLanguage":"de"},{"@type":["Person","Organization"],"@id":"https:\/\/bloggingtom.ch\/blog\/#\/schema\/person\/f6c8d3d5f30c10217b69ac72723e9d1c","name":"BloggingTom","image":{"@type":"ImageObject","inLanguage":"de","@id":"https:\/\/bloggingtom.ch\/blog\/#\/schema\/person\/image\/","url":"https:\/\/secure.gravatar.com\/avatar\/17c2b6a2966fc102465cf177587d359e4dac41adfaab355352baee5d5d46f277?s=96&d=mm&r=g","contentUrl":"https:\/\/secure.gravatar.com\/avatar\/17c2b6a2966fc102465cf177587d359e4dac41adfaab355352baee5d5d46f277?s=96&d=mm&r=g","caption":"BloggingTom"},"logo":{"@id":"https:\/\/bloggingtom.ch\/blog\/#\/schema\/person\/image\/"},"sameAs":["http:\/\/bloggingtom.ch"],"url":"https:\/\/bloggingtom.ch\/blog\/archives\/author\/bloggingtom\/"}]}},"jetpack_featured_media_url":"","jetpack_shortlink":"https:\/\/wp.me\/pa6Ev-o6","jetpack_likes_enabled":true,"jetpack_sharing_enabled":true,"_links":{"self":[{"href":"https:\/\/bloggingtom.ch\/blog\/wp-json\/wp\/v2\/posts\/1494","targetHints":{"allow":["GET"]}}],"collection":[{"href":"https:\/\/bloggingtom.ch\/blog\/wp-json\/wp\/v2\/posts"}],"about":[{"href":"https:\/\/bloggingtom.ch\/blog\/wp-json\/wp\/v2\/types\/post"}],"author":[{"embeddable":true,"href":"https:\/\/bloggingtom.ch\/blog\/wp-json\/wp\/v2\/users\/1"}],"replies":[{"embeddable":true,"href":"https:\/\/bloggingtom.ch\/blog\/wp-json\/wp\/v2\/comments?post=1494"}],"version-history":[{"count":0,"href":"https:\/\/bloggingtom.ch\/blog\/wp-json\/wp\/v2\/posts\/1494\/revisions"}],"wp:attachment":[{"href":"https:\/\/bloggingtom.ch\/blog\/wp-json\/wp\/v2\/media?parent=1494"}],"wp:term":[{"taxonomy":"category","embeddable":true,"href":"https:\/\/bloggingtom.ch\/blog\/wp-json\/wp\/v2\/categories?post=1494"},{"taxonomy":"post_tag","embeddable":true,"href":"https:\/\/bloggingtom.ch\/blog\/wp-json\/wp\/v2\/tags?post=1494"}],"curies":[{"name":"wp","href":"https:\/\/api.w.org\/{rel}","templated":true}]}}