{"id":1129,"date":"2006-08-14T18:37:09","date_gmt":"2006-08-14T16:37:09","guid":{"rendered":"http:\/\/bloggingtom.ch\/?p=1129"},"modified":"2006-08-14T18:40:33","modified_gmt":"2006-08-14T16:40:33","slug":"blogch-in-neuem-kleid","status":"publish","type":"post","link":"https:\/\/bloggingtom.ch\/blog\/archives\/2006\/08\/14\/blogch-in-neuem-kleid\/","title":{"rendered":"blog.ch in neuem Kleid"},"content":{"rendered":"<p>Nachdem Ende Juli schon mal kurz eine <a href=\"http:\/\/bloggingtom.ch\/archives\/2006\/07\/24\/neues-blogch-als-alpha-version\/\" target=\"_top\" >Alpha-Version<\/a> des geplanten neuen Designs von <a href=\"http:\/\/blog.ch\" target=\"_blank\" >blog.ch<\/a> zug\u00e4nglich war, scheint man nun Ernst zu machen. Soeben sprang mir der neue Auftritt von blog.ch ins Auge, und das im wahrsten Sinne des Wortes. Endlich ist Schluss mit der einfachen Textw\u00fcste, allerdings will mir das neue Design bis jetzt dann doch nicht wirklich gefallen. Es wirkt auf mich etwas altmodisch, und vor allem werden meine Augen durch das satte Rot ziemlich abgelenkt. <\/p>\n<p>Das in der Alpha-Version von mir kurz angetestete Gratis Blog-Hosting steht nun auch in der finalen Version <a href=\"http:\/\/blog.ch\/summary.php?op=Register&#038;start=1\" target=\"_blank\" >zur Verf\u00fcgung<\/a> (siehe mein <a href=\"http:\/\/bloggingtom.blog.ch\" target=\"_blank\" >blog.ch-Testblog<\/a>). Ge\u00e4ndert hat sich seit meinem ersten kurzen Test allerdings so gut wie gar nichts; die Technik dahinter stammt von <a href=\"http:\/\/www.lifetype.net\/\" target=\"_blank\" >LifeType<\/a> und die zur Verf\u00fcgung stehenden Templates sind schlicht schrecklich. Vergleiche ich die von LifeType zur Verf\u00fcgung gestellten <a href=\"http:\/\/wiki.lifetype.net\/index.php\/Templates\" target=\"_blank\" >Templates<\/a>, habe ich das (subjektive) Gef\u00fchl, dass nur die schlechtesten Designs in blog.ch integriert wurden. Allerdings, das sei an dieser Stelle angemerkt, stellt LifeType grunds\u00e4tzlich eher &#8222;unsch\u00f6ne&#8220; Designs zur Verf\u00fcgung. Reichte hier die Zeit nicht, um wenigstens ein oder zwei ansehliche Templates zu integrieren? Bitte Matthias, erbarme Dich mit Deinen neuen Blog-Kunden&#8230;<\/p>\n<p>Alles in allem bin ich entt\u00e4uscht: Ich h\u00e4tte erwartet, dass <del><a href=\"http:\/\/centralway.ch\/\" target=\"_blank\" >Centralway<\/a><\/del> Verticum als neuer Eigent\u00fcmer von blog.ch etwas neues, erfrischendes bringt. Stattdessen verbindet man altbackenes, un\u00fcbersichtliches Design mit einem neuen Gratis Blog-Hosting, das zumindest derzeit aufgrund der zur Auswahl stehenden Designs (eher) unbrauchbar ist.<\/p>\n<p>Weitere Stimmen zum Relaunch von blog.ch:<\/p>\n<ul>\n<li><a href=\"http:\/\/blog.ch\/blog\/archives\/2006\/08\/14\/neu-dein-blog-auf-blogch\/\" target=\"_blank\" >blog.ch &#8211; Neu: Dein Blog auf blog.ch<\/a><\/li>\n<li><a href=\"http:\/\/www.slug.ch\/blog\/article\/blogch-relaunch\" target=\"_blank\" >slug.ch Blog &#8211; blog.ch Relaunch<\/a><\/li>\n<li><a href=\"http:\/\/blicksam.blueblog.ch\/p218.html\" target=\"_blank\" >Der Verwerter &#8211; blog.ch verj\u00fcngt und entstellt<\/a><\/li>\n<li><a href=\"http:\/\/www.steinis.ch\/index.php\/2006\/08\/14\/neues-blogch-funkt-nicht-richtig\/\" target=\"_blank\" >Steinis Garden &#8211;  Neues blog.ch funkt nicht richtig<\/a><\/li>\n<\/ul>\n","protected":false},"excerpt":{"rendered":"<p>Nachdem Ende Juli schon mal kurz eine Alpha-Version des geplanten neuen Designs von blog.ch zug\u00e4nglich war, scheint man nun Ernst zu machen. Soeben sprang mir der neue Auftritt von blog.ch ins Auge, und das im wahrsten Sinne des Wortes. Endlich ist Schluss mit der einfachen Textw\u00fcste, allerdings will mir das neue Design bis jetzt dann [&hellip;]<\/p>\n","protected":false},"author":1,"featured_media":0,"comment_status":"open","ping_status":"open","sticky":false,"template":"","format":"standard","meta":{"twitterCardType":"","cardImageID":0,"cardImage":"","cardTitle":"","cardDesc":"","cardImageAlt":"","cardPlayer":"","cardPlayerWidth":0,"cardPlayerHeight":0,"cardPlayerStream":"","cardPlayerCodec":"","_jetpack_memberships_contains_paid_content":false,"footnotes":""},"categories":[9],"tags":[1168,2767,1422,2702,2355,484,973,133,2434],"class_list":["post-1129","post","type-post","status-publish","format-standard","hentry","category-blogging","tag-aggregator","tag-blog-hosting","tag-blogch","tag-bloghosting","tag-centralway","tag-redesign","tag-relaunch","tag-schweiz","tag-verticum"],"yoast_head":"<!-- This site is optimized with the Yoast SEO plugin v27.1.1 - https:\/\/yoast.com\/product\/yoast-seo-wordpress\/ -->\n<title>blog.ch in neuem Kleid - BloggingTom<\/title>\n<meta name=\"robots\" content=\"index, follow, max-snippet:-1, max-image-preview:large, max-video-preview:-1\" \/>\n<link rel=\"canonical\" href=\"https:\/\/bloggingtom.ch\/blog\/archives\/2006\/08\/14\/blogch-in-neuem-kleid\/\" \/>\n<meta name=\"twitter:label1\" content=\"Verfasst von\" \/>\n\t<meta name=\"twitter:data1\" content=\"BloggingTom\" \/>\n\t<meta name=\"twitter:label2\" content=\"Gesch\u00e4tzte Lesezeit\" \/>\n\t<meta name=\"twitter:data2\" content=\"1\u00a0Minute\" \/>\n<script type=\"application\/ld+json\" class=\"yoast-schema-graph\">{\"@context\":\"https:\/\/schema.org\",\"@graph\":[{\"@type\":\"Article\",\"@id\":\"https:\/\/bloggingtom.ch\/blog\/archives\/2006\/08\/14\/blogch-in-neuem-kleid\/#article\",\"isPartOf\":{\"@id\":\"https:\/\/bloggingtom.ch\/blog\/archives\/2006\/08\/14\/blogch-in-neuem-kleid\/\"},\"author\":{\"name\":\"BloggingTom\",\"@id\":\"https:\/\/bloggingtom.ch\/blog\/#\/schema\/person\/f6c8d3d5f30c10217b69ac72723e9d1c\"},\"headline\":\"blog.ch in neuem Kleid\",\"datePublished\":\"2006-08-14T16:37:09+00:00\",\"dateModified\":\"2006-08-14T16:40:33+00:00\",\"mainEntityOfPage\":{\"@id\":\"https:\/\/bloggingtom.ch\/blog\/archives\/2006\/08\/14\/blogch-in-neuem-kleid\/\"},\"wordCount\":297,\"commentCount\":11,\"publisher\":{\"@id\":\"https:\/\/bloggingtom.ch\/blog\/#\/schema\/person\/f6c8d3d5f30c10217b69ac72723e9d1c\"},\"keywords\":[\"aggregator\",\"blog-hosting\",\"blog.ch\",\"bloghosting\",\"centralway\",\"redesign\",\"relaunch\",\"schweiz\",\"verticum\"],\"articleSection\":[\"Blogging\"],\"inLanguage\":\"de\",\"potentialAction\":[{\"@type\":\"CommentAction\",\"name\":\"Comment\",\"target\":[\"https:\/\/bloggingtom.ch\/blog\/archives\/2006\/08\/14\/blogch-in-neuem-kleid\/#respond\"]}]},{\"@type\":\"WebPage\",\"@id\":\"https:\/\/bloggingtom.ch\/blog\/archives\/2006\/08\/14\/blogch-in-neuem-kleid\/\",\"url\":\"https:\/\/bloggingtom.ch\/blog\/archives\/2006\/08\/14\/blogch-in-neuem-kleid\/\",\"name\":\"blog.ch in neuem Kleid - BloggingTom\",\"isPartOf\":{\"@id\":\"https:\/\/bloggingtom.ch\/blog\/#website\"},\"datePublished\":\"2006-08-14T16:37:09+00:00\",\"dateModified\":\"2006-08-14T16:40:33+00:00\",\"breadcrumb\":{\"@id\":\"https:\/\/bloggingtom.ch\/blog\/archives\/2006\/08\/14\/blogch-in-neuem-kleid\/#breadcrumb\"},\"inLanguage\":\"de\",\"potentialAction\":[{\"@type\":\"ReadAction\",\"target\":[\"https:\/\/bloggingtom.ch\/blog\/archives\/2006\/08\/14\/blogch-in-neuem-kleid\/\"]}]},{\"@type\":\"BreadcrumbList\",\"@id\":\"https:\/\/bloggingtom.ch\/blog\/archives\/2006\/08\/14\/blogch-in-neuem-kleid\/#breadcrumb\",\"itemListElement\":[{\"@type\":\"ListItem\",\"position\":1,\"name\":\"Home\",\"item\":\"https:\/\/bloggingtom.ch\/blog\/\"},{\"@type\":\"ListItem\",\"position\":2,\"name\":\"blog.ch in neuem Kleid\"}]},{\"@type\":\"WebSite\",\"@id\":\"https:\/\/bloggingtom.ch\/blog\/#website\",\"url\":\"https:\/\/bloggingtom.ch\/blog\/\",\"name\":\"BloggingTom\",\"description\":\"Die t\u00e4glichen Abenteuer im Cyberspace...\",\"publisher\":{\"@id\":\"https:\/\/bloggingtom.ch\/blog\/#\/schema\/person\/f6c8d3d5f30c10217b69ac72723e9d1c\"},\"potentialAction\":[{\"@type\":\"SearchAction\",\"target\":{\"@type\":\"EntryPoint\",\"urlTemplate\":\"https:\/\/bloggingtom.ch\/blog\/?s={search_term_string}\"},\"query-input\":{\"@type\":\"PropertyValueSpecification\",\"valueRequired\":true,\"valueName\":\"search_term_string\"}}],\"inLanguage\":\"de\"},{\"@type\":[\"Person\",\"Organization\"],\"@id\":\"https:\/\/bloggingtom.ch\/blog\/#\/schema\/person\/f6c8d3d5f30c10217b69ac72723e9d1c\",\"name\":\"BloggingTom\",\"image\":{\"@type\":\"ImageObject\",\"inLanguage\":\"de\",\"@id\":\"https:\/\/bloggingtom.ch\/blog\/#\/schema\/person\/image\/\",\"url\":\"https:\/\/secure.gravatar.com\/avatar\/17c2b6a2966fc102465cf177587d359e4dac41adfaab355352baee5d5d46f277?s=96&d=mm&r=g\",\"contentUrl\":\"https:\/\/secure.gravatar.com\/avatar\/17c2b6a2966fc102465cf177587d359e4dac41adfaab355352baee5d5d46f277?s=96&d=mm&r=g\",\"caption\":\"BloggingTom\"},\"logo\":{\"@id\":\"https:\/\/bloggingtom.ch\/blog\/#\/schema\/person\/image\/\"},\"sameAs\":[\"http:\/\/bloggingtom.ch\"],\"url\":\"https:\/\/bloggingtom.ch\/blog\/archives\/author\/bloggingtom\/\"}]}<\/script>\n<!-- \/ Yoast SEO plugin. -->","yoast_head_json":{"title":"blog.ch in neuem Kleid - BloggingTom","robots":{"index":"index","follow":"follow","max-snippet":"max-snippet:-1","max-image-preview":"max-image-preview:large","max-video-preview":"max-video-preview:-1"},"canonical":"https:\/\/bloggingtom.ch\/blog\/archives\/2006\/08\/14\/blogch-in-neuem-kleid\/","twitter_misc":{"Verfasst von":"BloggingTom","Gesch\u00e4tzte Lesezeit":"1\u00a0Minute"},"schema":{"@context":"https:\/\/schema.org","@graph":[{"@type":"Article","@id":"https:\/\/bloggingtom.ch\/blog\/archives\/2006\/08\/14\/blogch-in-neuem-kleid\/#article","isPartOf":{"@id":"https:\/\/bloggingtom.ch\/blog\/archives\/2006\/08\/14\/blogch-in-neuem-kleid\/"},"author":{"name":"BloggingTom","@id":"https:\/\/bloggingtom.ch\/blog\/#\/schema\/person\/f6c8d3d5f30c10217b69ac72723e9d1c"},"headline":"blog.ch in neuem Kleid","datePublished":"2006-08-14T16:37:09+00:00","dateModified":"2006-08-14T16:40:33+00:00","mainEntityOfPage":{"@id":"https:\/\/bloggingtom.ch\/blog\/archives\/2006\/08\/14\/blogch-in-neuem-kleid\/"},"wordCount":297,"commentCount":11,"publisher":{"@id":"https:\/\/bloggingtom.ch\/blog\/#\/schema\/person\/f6c8d3d5f30c10217b69ac72723e9d1c"},"keywords":["aggregator","blog-hosting","blog.ch","bloghosting","centralway","redesign","relaunch","schweiz","verticum"],"articleSection":["Blogging"],"inLanguage":"de","potentialAction":[{"@type":"CommentAction","name":"Comment","target":["https:\/\/bloggingtom.ch\/blog\/archives\/2006\/08\/14\/blogch-in-neuem-kleid\/#respond"]}]},{"@type":"WebPage","@id":"https:\/\/bloggingtom.ch\/blog\/archives\/2006\/08\/14\/blogch-in-neuem-kleid\/","url":"https:\/\/bloggingtom.ch\/blog\/archives\/2006\/08\/14\/blogch-in-neuem-kleid\/","name":"blog.ch in neuem Kleid - BloggingTom","isPartOf":{"@id":"https:\/\/bloggingtom.ch\/blog\/#website"},"datePublished":"2006-08-14T16:37:09+00:00","dateModified":"2006-08-14T16:40:33+00:00","breadcrumb":{"@id":"https:\/\/bloggingtom.ch\/blog\/archives\/2006\/08\/14\/blogch-in-neuem-kleid\/#breadcrumb"},"inLanguage":"de","potentialAction":[{"@type":"ReadAction","target":["https:\/\/bloggingtom.ch\/blog\/archives\/2006\/08\/14\/blogch-in-neuem-kleid\/"]}]},{"@type":"BreadcrumbList","@id":"https:\/\/bloggingtom.ch\/blog\/archives\/2006\/08\/14\/blogch-in-neuem-kleid\/#breadcrumb","itemListElement":[{"@type":"ListItem","position":1,"name":"Home","item":"https:\/\/bloggingtom.ch\/blog\/"},{"@type":"ListItem","position":2,"name":"blog.ch in neuem Kleid"}]},{"@type":"WebSite","@id":"https:\/\/bloggingtom.ch\/blog\/#website","url":"https:\/\/bloggingtom.ch\/blog\/","name":"BloggingTom","description":"Die t\u00e4glichen Abenteuer im Cyberspace...","publisher":{"@id":"https:\/\/bloggingtom.ch\/blog\/#\/schema\/person\/f6c8d3d5f30c10217b69ac72723e9d1c"},"potentialAction":[{"@type":"SearchAction","target":{"@type":"EntryPoint","urlTemplate":"https:\/\/bloggingtom.ch\/blog\/?s={search_term_string}"},"query-input":{"@type":"PropertyValueSpecification","valueRequired":true,"valueName":"search_term_string"}}],"inLanguage":"de"},{"@type":["Person","Organization"],"@id":"https:\/\/bloggingtom.ch\/blog\/#\/schema\/person\/f6c8d3d5f30c10217b69ac72723e9d1c","name":"BloggingTom","image":{"@type":"ImageObject","inLanguage":"de","@id":"https:\/\/bloggingtom.ch\/blog\/#\/schema\/person\/image\/","url":"https:\/\/secure.gravatar.com\/avatar\/17c2b6a2966fc102465cf177587d359e4dac41adfaab355352baee5d5d46f277?s=96&d=mm&r=g","contentUrl":"https:\/\/secure.gravatar.com\/avatar\/17c2b6a2966fc102465cf177587d359e4dac41adfaab355352baee5d5d46f277?s=96&d=mm&r=g","caption":"BloggingTom"},"logo":{"@id":"https:\/\/bloggingtom.ch\/blog\/#\/schema\/person\/image\/"},"sameAs":["http:\/\/bloggingtom.ch"],"url":"https:\/\/bloggingtom.ch\/blog\/archives\/author\/bloggingtom\/"}]}},"jetpack_featured_media_url":"","jetpack_shortlink":"https:\/\/wp.me\/pa6Ev-id","jetpack_likes_enabled":true,"jetpack_sharing_enabled":true,"_links":{"self":[{"href":"https:\/\/bloggingtom.ch\/blog\/wp-json\/wp\/v2\/posts\/1129","targetHints":{"allow":["GET"]}}],"collection":[{"href":"https:\/\/bloggingtom.ch\/blog\/wp-json\/wp\/v2\/posts"}],"about":[{"href":"https:\/\/bloggingtom.ch\/blog\/wp-json\/wp\/v2\/types\/post"}],"author":[{"embeddable":true,"href":"https:\/\/bloggingtom.ch\/blog\/wp-json\/wp\/v2\/users\/1"}],"replies":[{"embeddable":true,"href":"https:\/\/bloggingtom.ch\/blog\/wp-json\/wp\/v2\/comments?post=1129"}],"version-history":[{"count":0,"href":"https:\/\/bloggingtom.ch\/blog\/wp-json\/wp\/v2\/posts\/1129\/revisions"}],"wp:attachment":[{"href":"https:\/\/bloggingtom.ch\/blog\/wp-json\/wp\/v2\/media?parent=1129"}],"wp:term":[{"taxonomy":"category","embeddable":true,"href":"https:\/\/bloggingtom.ch\/blog\/wp-json\/wp\/v2\/categories?post=1129"},{"taxonomy":"post_tag","embeddable":true,"href":"https:\/\/bloggingtom.ch\/blog\/wp-json\/wp\/v2\/tags?post=1129"}],"curies":[{"name":"wp","href":"https:\/\/api.w.org\/{rel}","templated":true}]}}